{"id":13470,"date":"2021-02-04T08:05:00","date_gmt":"2021-02-04T07:05:00","guid":{"rendered":"https:\/\/myrightdev.funka.website\/?p=13470"},"modified":"2023-06-09T08:20:03","modified_gmt":"2023-06-09T07:20:03","slug":"personer-med-albinism-loper-hog-risk-for-hudcancer","status":"publish","type":"post","link":"http:\/\/myright.se\/en\/personer-med-albinism-loper-hog-risk-for-hudcancer\/","title":{"rendered":"People with albinism are at high risk for skin cancer"},"content":{"rendered":"<div data-elementor-type=\"wp-post\" data-elementor-id=\"13470\" class=\"elementor elementor-13470\" data-elementor-post-type=\"post\">\n\t\t\t\t\t\t<section class=\"elementor-section elementor-top-section elementor-element elementor-element-df925ac elementor-section-boxed elementor-section-height-default elementor-section-height-default\" data-id=\"df925ac\" data-element_type=\"section\" data-e-type=\"section\">\n\t\t\t\t\t\t<div class=\"elementor-container elementor-column-gap-default\">\n\t\t\t\t\t<div class=\"elementor-column elementor-col-100 elementor-top-column elementor-element elementor-element-dff203e\" data-id=\"dff203e\" data-element_type=\"column\" data-e-type=\"column\">\n\t\t\t<div class=\"elementor-widget-wrap elementor-element-populated\">\n\t\t\t\t\t\t<div class=\"elementor-element elementor-element-1749e79 elementor-widget elementor-widget-image\" data-id=\"1749e79\" data-element_type=\"widget\" data-e-type=\"widget\" data-widget_type=\"image.default\">\n\t\t\t\t<div class=\"elementor-widget-container\">\n\t\t\t\t\t\t\t\t\t\t\t\t<figure class=\"wp-caption\">\n\t\t\t\t\t\t\t\t\t\t<img fetchpriority=\"high\" decoding=\"async\" width=\"580\" height=\"387\" src=\"https:\/\/myright.se\/wp-content\/uploads\/2022\/08\/Glada_barn-1024x683.jpg\" class=\"attachment-large size-large wp-image-19979\" alt=\"Three boys sit together with a girl with albinism, she wears a yellow dress and a green sun hat. all the children laugh\" srcset=\"https:\/\/myright.se\/wp-content\/uploads\/2022\/08\/Glada_barn-1024x683.jpg 1024w, https:\/\/myright.se\/wp-content\/uploads\/2022\/08\/Glada_barn-300x200.jpg 300w, https:\/\/myright.se\/wp-content\/uploads\/2022\/08\/Glada_barn-768x512.jpg 768w, https:\/\/myright.se\/wp-content\/uploads\/2022\/08\/Glada_barn-1536x1024.jpg 1536w, https:\/\/myright.se\/wp-content\/uploads\/2022\/08\/Glada_barn-2048x1365.jpg 2048w, https:\/\/myright.se\/wp-content\/uploads\/2022\/08\/Glada_barn-18x12.jpg 18w, https:\/\/myright.se\/wp-content\/uploads\/2022\/08\/Glada_barn-1200x800.jpg 1200w, https:\/\/myright.se\/wp-content\/uploads\/2022\/08\/Glada_barn-1980x1320.jpg 1980w, https:\/\/myright.se\/wp-content\/uploads\/2022\/08\/Glada_barn-600x400.jpg 600w\" sizes=\"(max-width: 580px) 100vw, 580px\" \/>\t\t\t\t\t\t\t\t\t\t\t<figcaption class=\"widget-image-caption wp-caption-text\">Ukerewe, Tanzania (TT)<\/figcaption>\n\t\t\t\t\t\t\t\t\t\t<\/figure>\n\t\t\t\t\t\t\t\t\t<\/div>\n\t\t\t\t<\/div>\n\t\t\t\t<div class=\"elementor-element elementor-element-ce514d9 elementor-widget elementor-widget-text-editor\" data-id=\"ce514d9\" data-element_type=\"widget\" data-e-type=\"widget\" data-widget_type=\"text-editor.default\">\n\t\t\t\t<div class=\"elementor-widget-container\">\n\t\t\t\t\t\t\t\t\t<div class=\"et_pb_module et_pb_text et_pb_text_2 et_pb_text_align_left et_pb_bg_layout_light\"><div class=\"et_pb_text_inner\"><p><strong>In addition to stigma, harassment and attacks, people with albinism in Tanzania often suffer from skin cancer.<\/strong>\u00a0<strong>De flesta blir inte \u00e4ldre \u00e4n 40 \u00e5r, men organisationen Tanzania Albinism Society arbetar f\u00f6r att f\u00f6rb\u00e4ttra cancerv\u00e5rden genom p\u00e5verkansarbete och utbildning.\u00a0<\/strong><\/p><p>Tanzania is said to be one of the countries with the highest population of people with albinism in the world. While the number varies, it is estimated that in North America and Europe, 1 in 17,000 to 20,000 people have some form of albinism. The condition is much more common in sub-Saharan Africa, with an estimated 1 in 1,400 people affected in Tanzania.<\/p><p>People with albinism often die of skin cancer because they are not aware of how to protect themselves. Although skin cancer can be prevented with the right measures - such as access to regular health check-ups, sunscreen, sunglasses and sunscreen - it is often inaccessible or inaccessible to many people with albinism.<\/p><p>Awareness of the importance of sun protection among parents in Tanzania is also low, especially among parents without albinism who have children with albinism. The Ocean Road Cancer Institute in Tanzania reports that 78 percent of patients come to the institute when they are already in the later stages of the disease and thus have a low chance of being cured. The main reasons for late diagnosis and treatment are distance to clinics, awareness, poverty and misleading information from traditional doctors. Other causes are an insufficient number of cancer specialists and trained experts, insufficient facilities and equipment and a lack of information.<\/p><h2>Health challenges for people with albinism<\/h2><p>Skin cancer is one of the top ten cancers that cause death and morbidity and it often affects people with albinism. Albinism is a genetic condition characterized by a deficiency or little melanin. The lack of melanin in hair, skin and eyes increases their vulnerability to exposure to the sun, which can lead to skin cancer and severe visual impairment. The majority die of skin cancer between the ages of 30 and 40, about 80% die at home without reaching the hospitals for treatment.<\/p><p>Skin cancer is preventable and controllable when and if people with albinism enjoy their right to health, including awareness, access to sunscreen, sunglasses and regular health check-ups for early detection and intervention.<\/p><p>People with albinism in Tanzania, especially those living in rural areas and in the less extended regions, continue to experience sunburn, high morbidity and high mortality. In combination with extreme poverty, people with albinism in these areas have gained control in the late stages of cancer. According to cancer reports from the Ocean Road Cancer Institute, 78% of the cancer patients reached the hospital when the cancer was already in critical stages.<\/p><\/div><\/div><div class=\"et_pb_module et_pb_text et_pb_text_3 et_pb_text_align_left et_pb_bg_layout_light\"><div class=\"et_pb_text_inner\"><h2>Successful advocacy work\u00a0<\/h2><p>Many people with albinism believe that they are alone with their disability and belonging to others is important for self-esteem. Tanzania Albinism Society (TAS) has since its inception in 1978 worked to strengthen, protect and support people with albinism. They help with practical things, such as informing about how to protect themselves from the sun, but also that you have the right to education, work and family like everyone else.<\/p><p>Since the collaboration with the Swedish Association of the Visually Impaired began just over 20 years ago, TAS has become increasingly established as an organization and in recent years has received a lot of attention for its work. In 2014, Tanzania&#039;s Foundation for Civil Society also named TAS Tanzania&#039;s main advocacy organization, as in 2013 they influenced the government to decide that medicine and sunscreen should be free for people with albinism. It has also been decided that children with albinism should be allowed to wear a comprehensive school uniform, which has previously been prohibited.<\/p><p>Through the influence of TAS, there are today more cancer doctors and treatment options. But a challenge for many Tanzanians is to be able to get care at all. There are only a few treating skin cancer clinics in the country, as well as a couple with preventive care.<\/p><p>In the future, TAS hopes to expand its work with mobile skin cancer clinics that travel to the villages around Tanzania.<\/p><p><strong><a href=\"https:\/\/myright.se\/en\/vad-vi-gor\/\">Read more about how MyRight works to strengthen disability organizations around the world<\/a><\/strong>.<\/p><p><strong>Albinism<\/strong>\u00a0is the genetic condition characterized by a lack of small production and distribution of melanin in the body, which affects the eyes and the natural colors of skin and hair.<\/p><p><strong>Melanin<\/strong>\u00a0is a natural skin pigment. Hair, skin and eye color in humans and animals mostly depend on the type and amount of melanin they have.<\/p><\/div><\/div>\t\t\t\t\t\t\t\t<\/div>\n\t\t\t\t<\/div>\n\t\t\t\t\t<\/div>\n\t\t<\/div>\n\t\t\t\t\t<\/div>\n\t\t<\/section>\n\t\t\t\t<\/div>","protected":false},"excerpt":{"rendered":"<p>The Tanzania Albinism Society works to improve cancer care for people with albinism through advocacy and education. Today, on World Cancer Day, we pay attention to their important work.<\/p>","protected":false},"author":2,"featured_media":13471,"comment_status":"closed","ping_status":"closed","sticky":false,"template":"","format":"standard","meta":{"footnotes":""},"categories":[49,44],"tags":[],"class_list":["post-13470","post","type-post","status-publish","format-standard","has-post-thumbnail","hentry","category-aktuellt","category-tanzania"],"yoast_head":"<!-- This site is optimized with the Yoast SEO plugin v27.5 - https:\/\/yoast.com\/product\/yoast-seo-wordpress\/ -->\n<title>Personer med albinism l\u00f6per h\u00f6g risk f\u00f6r hudcancer - MyRight<\/title>\n<meta name=\"robots\" content=\"index, follow, max-snippet:-1, max-image-preview:large, max-video-preview:-1\" \/>\n<link rel=\"canonical\" href=\"https:\/\/myright.se\/en\/personer-med-albinism-loper-hog-risk-for-hudcancer\/\" \/>\n<meta property=\"og:locale\" content=\"en_GB\" \/>\n<meta property=\"og:type\" content=\"article\" \/>\n<meta property=\"og:title\" content=\"Personer med albinism l\u00f6per h\u00f6g risk f\u00f6r hudcancer - MyRight\" \/>\n<meta property=\"og:description\" content=\"Tanzania Albinism Society arbetar f\u00f6r att f\u00f6rb\u00e4ttra cancerv\u00e5rden f\u00f6r personer med albinism genom p\u00e5verkansarbete och utbildning. Idag p\u00e5 V\u00e4rldscancerdagen uppm\u00e4rksammar vi deras viktiga arbete.\" \/>\n<meta property=\"og:url\" content=\"https:\/\/myright.se\/en\/personer-med-albinism-loper-hog-risk-for-hudcancer\/\" \/>\n<meta property=\"og:site_name\" content=\"MyRight\" \/>\n<meta property=\"article:published_time\" content=\"2021-02-04T07:05:00+00:00\" \/>\n<meta property=\"article:modified_time\" content=\"2023-06-09T07:20:03+00:00\" \/>\n<meta property=\"og:image\" content=\"https:\/\/myright.se\/wp-content\/uploads\/2021\/03\/TAS.jpg\" \/>\n\t<meta property=\"og:image:width\" content=\"756\" \/>\n\t<meta property=\"og:image:height\" content=\"504\" \/>\n\t<meta property=\"og:image:type\" content=\"image\/jpeg\" \/>\n<meta name=\"author\" content=\"Madeleine Jangard\" \/>\n<meta name=\"twitter:card\" content=\"summary_large_image\" \/>\n<meta name=\"twitter:label1\" content=\"Written by\" \/>\n\t<meta name=\"twitter:data1\" content=\"Madeleine Jangard\" \/>\n\t<meta name=\"twitter:label2\" content=\"Estimated reading time\" \/>\n\t<meta name=\"twitter:data2\" content=\"4 minutes\" \/>\n<script type=\"application\/ld+json\" class=\"yoast-schema-graph\">{\"@context\":\"https:\\\/\\\/schema.org\",\"@graph\":[{\"@type\":\"Article\",\"@id\":\"https:\\\/\\\/myright.se\\\/personer-med-albinism-loper-hog-risk-for-hudcancer\\\/#article\",\"isPartOf\":{\"@id\":\"https:\\\/\\\/myright.se\\\/personer-med-albinism-loper-hog-risk-for-hudcancer\\\/\"},\"author\":{\"name\":\"Madeleine Jangard\",\"@id\":\"https:\\\/\\\/myright.se\\\/#\\\/schema\\\/person\\\/73a598398a9494d74661326a0c9d55e6\"},\"headline\":\"Personer med albinism l\u00f6per h\u00f6g risk f\u00f6r hudcancer\",\"datePublished\":\"2021-02-04T07:05:00+00:00\",\"dateModified\":\"2023-06-09T07:20:03+00:00\",\"mainEntityOfPage\":{\"@id\":\"https:\\\/\\\/myright.se\\\/personer-med-albinism-loper-hog-risk-for-hudcancer\\\/\"},\"wordCount\":815,\"publisher\":{\"@id\":\"https:\\\/\\\/myright.se\\\/#organization\"},\"image\":{\"@id\":\"https:\\\/\\\/myright.se\\\/personer-med-albinism-loper-hog-risk-for-hudcancer\\\/#primaryimage\"},\"thumbnailUrl\":\"https:\\\/\\\/myright.se\\\/wp-content\\\/uploads\\\/2021\\\/03\\\/TAS.jpg\",\"articleSection\":[\"Aktuellt\",\"Tanzania\"],\"inLanguage\":\"en-GB\"},{\"@type\":\"WebPage\",\"@id\":\"https:\\\/\\\/myright.se\\\/personer-med-albinism-loper-hog-risk-for-hudcancer\\\/\",\"url\":\"https:\\\/\\\/myright.se\\\/personer-med-albinism-loper-hog-risk-for-hudcancer\\\/\",\"name\":\"Personer med albinism l\u00f6per h\u00f6g risk f\u00f6r hudcancer - MyRight\",\"isPartOf\":{\"@id\":\"https:\\\/\\\/myright.se\\\/#website\"},\"primaryImageOfPage\":{\"@id\":\"https:\\\/\\\/myright.se\\\/personer-med-albinism-loper-hog-risk-for-hudcancer\\\/#primaryimage\"},\"image\":{\"@id\":\"https:\\\/\\\/myright.se\\\/personer-med-albinism-loper-hog-risk-for-hudcancer\\\/#primaryimage\"},\"thumbnailUrl\":\"https:\\\/\\\/myright.se\\\/wp-content\\\/uploads\\\/2021\\\/03\\\/TAS.jpg\",\"datePublished\":\"2021-02-04T07:05:00+00:00\",\"dateModified\":\"2023-06-09T07:20:03+00:00\",\"breadcrumb\":{\"@id\":\"https:\\\/\\\/myright.se\\\/personer-med-albinism-loper-hog-risk-for-hudcancer\\\/#breadcrumb\"},\"inLanguage\":\"en-GB\",\"potentialAction\":[{\"@type\":\"ReadAction\",\"target\":[\"https:\\\/\\\/myright.se\\\/personer-med-albinism-loper-hog-risk-for-hudcancer\\\/\"]}]},{\"@type\":\"ImageObject\",\"inLanguage\":\"en-GB\",\"@id\":\"https:\\\/\\\/myright.se\\\/personer-med-albinism-loper-hog-risk-for-hudcancer\\\/#primaryimage\",\"url\":\"https:\\\/\\\/myright.se\\\/wp-content\\\/uploads\\\/2021\\\/03\\\/TAS.jpg\",\"contentUrl\":\"https:\\\/\\\/myright.se\\\/wp-content\\\/uploads\\\/2021\\\/03\\\/TAS.jpg\",\"width\":756,\"height\":504,\"caption\":\"Tre pojkar med albinism visar upp fl\u00e4ckar av hudcancer\"},{\"@type\":\"BreadcrumbList\",\"@id\":\"https:\\\/\\\/myright.se\\\/personer-med-albinism-loper-hog-risk-for-hudcancer\\\/#breadcrumb\",\"itemListElement\":[{\"@type\":\"ListItem\",\"position\":1,\"name\":\"Hem\",\"item\":\"https:\\\/\\\/myright.se\\\/\"},{\"@type\":\"ListItem\",\"position\":2,\"name\":\"Personer med albinism l\u00f6per h\u00f6g risk f\u00f6r hudcancer\"}]},{\"@type\":\"WebSite\",\"@id\":\"https:\\\/\\\/myright.se\\\/#website\",\"url\":\"https:\\\/\\\/myright.se\\\/\",\"name\":\"MyRight\",\"description\":\"\",\"publisher\":{\"@id\":\"https:\\\/\\\/myright.se\\\/#organization\"},\"potentialAction\":[{\"@type\":\"SearchAction\",\"target\":{\"@type\":\"EntryPoint\",\"urlTemplate\":\"https:\\\/\\\/myright.se\\\/?s={search_term_string}\"},\"query-input\":{\"@type\":\"PropertyValueSpecification\",\"valueRequired\":true,\"valueName\":\"search_term_string\"}}],\"inLanguage\":\"en-GB\"},{\"@type\":\"Organization\",\"@id\":\"https:\\\/\\\/myright.se\\\/#organization\",\"name\":\"MyRight\",\"url\":\"https:\\\/\\\/myright.se\\\/\",\"logo\":{\"@type\":\"ImageObject\",\"inLanguage\":\"en-GB\",\"@id\":\"https:\\\/\\\/myright.se\\\/#\\\/schema\\\/logo\\\/image\\\/\",\"url\":\"https:\\\/\\\/myright.se\\\/wp-content\\\/uploads\\\/2020\\\/02\\\/Myright_logo_no_text_bredvid.png\",\"contentUrl\":\"https:\\\/\\\/myright.se\\\/wp-content\\\/uploads\\\/2020\\\/02\\\/Myright_logo_no_text_bredvid.png\",\"width\":2751,\"height\":816,\"caption\":\"MyRight\"},\"image\":{\"@id\":\"https:\\\/\\\/myright.se\\\/#\\\/schema\\\/logo\\\/image\\\/\"}},{\"@type\":\"Person\",\"@id\":\"https:\\\/\\\/myright.se\\\/#\\\/schema\\\/person\\\/73a598398a9494d74661326a0c9d55e6\",\"name\":\"Madeleine Jangard\",\"image\":{\"@type\":\"ImageObject\",\"inLanguage\":\"en-GB\",\"@id\":\"https:\\\/\\\/secure.gravatar.com\\\/avatar\\\/78a0b6a77a400e0d80a3a80dd2b429dd02994b0449d439ee5717cc053f07b511?s=96&d=mm&r=g\",\"url\":\"https:\\\/\\\/secure.gravatar.com\\\/avatar\\\/78a0b6a77a400e0d80a3a80dd2b429dd02994b0449d439ee5717cc053f07b511?s=96&d=mm&r=g\",\"contentUrl\":\"https:\\\/\\\/secure.gravatar.com\\\/avatar\\\/78a0b6a77a400e0d80a3a80dd2b429dd02994b0449d439ee5717cc053f07b511?s=96&d=mm&r=g\",\"caption\":\"Madeleine Jangard\"},\"url\":\"http:\\\/\\\/myright.se\\\/en\\\/author\\\/madeleine\\\/\"}]}<\/script>\n<!-- \/ Yoast SEO plugin. -->","yoast_head_json":{"title":"People with albinism are at high risk for skin cancer - MyRight","robots":{"index":"index","follow":"follow","max-snippet":"max-snippet:-1","max-image-preview":"max-image-preview:large","max-video-preview":"max-video-preview:-1"},"canonical":"https:\/\/myright.se\/en\/personer-med-albinism-loper-hog-risk-for-hudcancer\/","og_locale":"en_GB","og_type":"article","og_title":"Personer med albinism l\u00f6per h\u00f6g risk f\u00f6r hudcancer - MyRight","og_description":"Tanzania Albinism Society arbetar f\u00f6r att f\u00f6rb\u00e4ttra cancerv\u00e5rden f\u00f6r personer med albinism genom p\u00e5verkansarbete och utbildning. Idag p\u00e5 V\u00e4rldscancerdagen uppm\u00e4rksammar vi deras viktiga arbete.","og_url":"https:\/\/myright.se\/en\/personer-med-albinism-loper-hog-risk-for-hudcancer\/","og_site_name":"MyRight","article_published_time":"2021-02-04T07:05:00+00:00","article_modified_time":"2023-06-09T07:20:03+00:00","og_image":[{"width":756,"height":504,"url":"https:\/\/myright.se\/wp-content\/uploads\/2021\/03\/TAS.jpg","type":"image\/jpeg"}],"author":"Madeleine Jangard","twitter_card":"summary_large_image","twitter_misc":{"Written by":"Madeleine Jangard","Estimated reading time":"4 minutes"},"schema":{"@context":"https:\/\/schema.org","@graph":[{"@type":"Article","@id":"https:\/\/myright.se\/personer-med-albinism-loper-hog-risk-for-hudcancer\/#article","isPartOf":{"@id":"https:\/\/myright.se\/personer-med-albinism-loper-hog-risk-for-hudcancer\/"},"author":{"name":"Madeleine Jangard","@id":"https:\/\/myright.se\/#\/schema\/person\/73a598398a9494d74661326a0c9d55e6"},"headline":"Personer med albinism l\u00f6per h\u00f6g risk f\u00f6r hudcancer","datePublished":"2021-02-04T07:05:00+00:00","dateModified":"2023-06-09T07:20:03+00:00","mainEntityOfPage":{"@id":"https:\/\/myright.se\/personer-med-albinism-loper-hog-risk-for-hudcancer\/"},"wordCount":815,"publisher":{"@id":"https:\/\/myright.se\/#organization"},"image":{"@id":"https:\/\/myright.se\/personer-med-albinism-loper-hog-risk-for-hudcancer\/#primaryimage"},"thumbnailUrl":"https:\/\/myright.se\/wp-content\/uploads\/2021\/03\/TAS.jpg","articleSection":["Aktuellt","Tanzania"],"inLanguage":"en-GB"},{"@type":"WebPage","@id":"https:\/\/myright.se\/personer-med-albinism-loper-hog-risk-for-hudcancer\/","url":"https:\/\/myright.se\/personer-med-albinism-loper-hog-risk-for-hudcancer\/","name":"People with albinism are at high risk for skin cancer - MyRight","isPartOf":{"@id":"https:\/\/myright.se\/#website"},"primaryImageOfPage":{"@id":"https:\/\/myright.se\/personer-med-albinism-loper-hog-risk-for-hudcancer\/#primaryimage"},"image":{"@id":"https:\/\/myright.se\/personer-med-albinism-loper-hog-risk-for-hudcancer\/#primaryimage"},"thumbnailUrl":"https:\/\/myright.se\/wp-content\/uploads\/2021\/03\/TAS.jpg","datePublished":"2021-02-04T07:05:00+00:00","dateModified":"2023-06-09T07:20:03+00:00","breadcrumb":{"@id":"https:\/\/myright.se\/personer-med-albinism-loper-hog-risk-for-hudcancer\/#breadcrumb"},"inLanguage":"en-GB","potentialAction":[{"@type":"ReadAction","target":["https:\/\/myright.se\/personer-med-albinism-loper-hog-risk-for-hudcancer\/"]}]},{"@type":"ImageObject","inLanguage":"en-GB","@id":"https:\/\/myright.se\/personer-med-albinism-loper-hog-risk-for-hudcancer\/#primaryimage","url":"https:\/\/myright.se\/wp-content\/uploads\/2021\/03\/TAS.jpg","contentUrl":"https:\/\/myright.se\/wp-content\/uploads\/2021\/03\/TAS.jpg","width":756,"height":504,"caption":"Tre pojkar med albinism visar upp fl\u00e4ckar av hudcancer"},{"@type":"BreadcrumbList","@id":"https:\/\/myright.se\/personer-med-albinism-loper-hog-risk-for-hudcancer\/#breadcrumb","itemListElement":[{"@type":"ListItem","position":1,"name":"Hem","item":"https:\/\/myright.se\/"},{"@type":"ListItem","position":2,"name":"Personer med albinism l\u00f6per h\u00f6g risk f\u00f6r hudcancer"}]},{"@type":"WebSite","@id":"https:\/\/myright.se\/#website","url":"https:\/\/myright.se\/","name":"MyRight","description":"","publisher":{"@id":"https:\/\/myright.se\/#organization"},"potentialAction":[{"@type":"SearchAction","target":{"@type":"EntryPoint","urlTemplate":"https:\/\/myright.se\/?s={search_term_string}"},"query-input":{"@type":"PropertyValueSpecification","valueRequired":true,"valueName":"search_term_string"}}],"inLanguage":"en-GB"},{"@type":"Organization","@id":"https:\/\/myright.se\/#organization","name":"MyRight","url":"https:\/\/myright.se\/","logo":{"@type":"ImageObject","inLanguage":"en-GB","@id":"https:\/\/myright.se\/#\/schema\/logo\/image\/","url":"https:\/\/myright.se\/wp-content\/uploads\/2020\/02\/Myright_logo_no_text_bredvid.png","contentUrl":"https:\/\/myright.se\/wp-content\/uploads\/2020\/02\/Myright_logo_no_text_bredvid.png","width":2751,"height":816,"caption":"MyRight"},"image":{"@id":"https:\/\/myright.se\/#\/schema\/logo\/image\/"}},{"@type":"Person","@id":"https:\/\/myright.se\/#\/schema\/person\/73a598398a9494d74661326a0c9d55e6","name":"Madeleine Jangard","image":{"@type":"ImageObject","inLanguage":"en-GB","@id":"https:\/\/secure.gravatar.com\/avatar\/78a0b6a77a400e0d80a3a80dd2b429dd02994b0449d439ee5717cc053f07b511?s=96&d=mm&r=g","url":"https:\/\/secure.gravatar.com\/avatar\/78a0b6a77a400e0d80a3a80dd2b429dd02994b0449d439ee5717cc053f07b511?s=96&d=mm&r=g","contentUrl":"https:\/\/secure.gravatar.com\/avatar\/78a0b6a77a400e0d80a3a80dd2b429dd02994b0449d439ee5717cc053f07b511?s=96&d=mm&r=g","caption":"Madeleine Jangard"},"url":"http:\/\/myright.se\/en\/author\/madeleine\/"}]}},"_links":{"self":[{"href":"http:\/\/myright.se\/en\/wp-json\/wp\/v2\/posts\/13470","targetHints":{"allow":["GET"]}}],"collection":[{"href":"http:\/\/myright.se\/en\/wp-json\/wp\/v2\/posts"}],"about":[{"href":"http:\/\/myright.se\/en\/wp-json\/wp\/v2\/types\/post"}],"author":[{"embeddable":true,"href":"http:\/\/myright.se\/en\/wp-json\/wp\/v2\/users\/2"}],"replies":[{"embeddable":true,"href":"http:\/\/myright.se\/en\/wp-json\/wp\/v2\/comments?post=13470"}],"version-history":[{"count":13,"href":"http:\/\/myright.se\/en\/wp-json\/wp\/v2\/posts\/13470\/revisions"}],"predecessor-version":[{"id":23002,"href":"http:\/\/myright.se\/en\/wp-json\/wp\/v2\/posts\/13470\/revisions\/23002"}],"wp:featuredmedia":[{"embeddable":true,"href":"http:\/\/myright.se\/en\/wp-json\/wp\/v2\/media\/13471"}],"wp:attachment":[{"href":"http:\/\/myright.se\/en\/wp-json\/wp\/v2\/media?parent=13470"}],"wp:term":[{"taxonomy":"category","embeddable":true,"href":"http:\/\/myright.se\/en\/wp-json\/wp\/v2\/categories?post=13470"},{"taxonomy":"post_tag","embeddable":true,"href":"http:\/\/myright.se\/en\/wp-json\/wp\/v2\/tags?post=13470"}],"curies":[{"name":"wp","href":"https:\/\/api.w.org\/{rel}","templated":true}]}}