{"id":18491,"date":"2021-11-16T12:31:13","date_gmt":"2021-11-16T11:31:13","guid":{"rendered":"https:\/\/myright.se\/?p=18491"},"modified":"2022-01-12T14:16:50","modified_gmt":"2022-01-12T13:16:50","slug":"inclusive-education-would-have-given-everyone-the-right-conditions-for-the-future","status":"publish","type":"post","link":"http:\/\/myright.se\/en\/en-inkluderande-utbildning-hade-gett-ajla-ratt-forutsattningar-for-framtiden\/","title":{"rendered":"An inclusive education had given Ajla the right conditions for the future"},"content":{"rendered":"<div data-elementor-type=\"wp-post\" data-elementor-id=\"18491\" class=\"elementor elementor-18491\" data-elementor-post-type=\"post\">\n\t\t\t\t\t\t<section class=\"elementor-section elementor-top-section elementor-element elementor-element-5c929ec elementor-section-boxed elementor-section-height-default elementor-section-height-default\" data-id=\"5c929ec\" data-element_type=\"section\" data-e-type=\"section\">\n\t\t\t\t\t\t<div class=\"elementor-container elementor-column-gap-default\">\n\t\t\t\t\t<div class=\"elementor-column elementor-col-100 elementor-top-column elementor-element elementor-element-924bd11\" data-id=\"924bd11\" data-element_type=\"column\" data-e-type=\"column\">\n\t\t\t<div class=\"elementor-widget-wrap elementor-element-populated\">\n\t\t\t\t\t\t<div class=\"elementor-element elementor-element-679c615 elementor-widget elementor-widget-text-editor\" data-id=\"679c615\" data-element_type=\"widget\" data-e-type=\"widget\" data-widget_type=\"text-editor.default\">\n\t\t\t\t<div class=\"elementor-widget-container\">\n\t\t\t\t\t\t\t\t\t<p><strong>When Ajla graduated from year three in a general primary school, she had to change to a special school, even though she did not want to. Ajla is now fighting for people with disabilities to receive inclusive education that is of a high quality and does not limit their future prospects. <\/strong>\u00a0<\/p>\t\t\t\t\t\t\t\t<\/div>\n\t\t\t\t<\/div>\n\t\t\t\t\t<\/div>\n\t\t<\/div>\n\t\t\t\t\t<\/div>\n\t\t<\/section>\n\t\t\t\t<section class=\"elementor-section elementor-top-section elementor-element elementor-element-7d2dd17 elementor-section-boxed elementor-section-height-default elementor-section-height-default\" data-id=\"7d2dd17\" data-element_type=\"section\" data-e-type=\"section\">\n\t\t\t\t\t\t<div class=\"elementor-container elementor-column-gap-default\">\n\t\t\t\t\t<div class=\"elementor-column elementor-col-100 elementor-top-column elementor-element elementor-element-892d3ee\" data-id=\"892d3ee\" data-element_type=\"column\" data-e-type=\"column\">\n\t\t\t<div class=\"elementor-widget-wrap elementor-element-populated\">\n\t\t\t\t\t\t<div class=\"elementor-element elementor-element-f8e5181 elementor-widget elementor-widget-image\" data-id=\"f8e5181\" data-element_type=\"widget\" data-e-type=\"widget\" data-widget_type=\"image.default\">\n\t\t\t\t<div class=\"elementor-widget-container\">\n\t\t\t\t\t\t\t\t\t\t\t\t<figure class=\"wp-caption\">\n\t\t\t\t\t\t\t\t\t\t<img fetchpriority=\"high\" decoding=\"async\" width=\"580\" height=\"387\" src=\"https:\/\/myright.se\/wp-content\/uploads\/2021\/11\/Ajla-1024x683.jpg\" class=\"attachment-large size-large wp-image-18495\" alt=\"Ajla has red short hair, a yellow scarf and a green jacket, she is sitting outside in a foggy park\" srcset=\"https:\/\/myright.se\/wp-content\/uploads\/2021\/11\/Ajla-1024x683.jpg 1024w, https:\/\/myright.se\/wp-content\/uploads\/2021\/11\/Ajla-300x200.jpg 300w, https:\/\/myright.se\/wp-content\/uploads\/2021\/11\/Ajla-768x512.jpg 768w, https:\/\/myright.se\/wp-content\/uploads\/2021\/11\/Ajla-1536x1024.jpg 1536w, https:\/\/myright.se\/wp-content\/uploads\/2021\/11\/Ajla-2048x1365.jpg 2048w, https:\/\/myright.se\/wp-content\/uploads\/2021\/11\/Ajla-18x12.jpg 18w, https:\/\/myright.se\/wp-content\/uploads\/2021\/11\/Ajla-1200x800.jpg 1200w, https:\/\/myright.se\/wp-content\/uploads\/2021\/11\/Ajla-1980x1320.jpg 1980w, https:\/\/myright.se\/wp-content\/uploads\/2021\/11\/Ajla-600x400.jpg 600w\" sizes=\"(max-width: 580px) 100vw, 580px\" \/>\t\t\t\t\t\t\t\t\t\t\t<figcaption class=\"widget-image-caption wp-caption-text\">Ajla Husejinovi\u0107<\/figcaption>\n\t\t\t\t\t\t\t\t\t\t<\/figure>\n\t\t\t\t\t\t\t\t\t<\/div>\n\t\t\t\t<\/div>\n\t\t\t\t\t<\/div>\n\t\t<\/div>\n\t\t\t\t\t<\/div>\n\t\t<\/section>\n\t\t\t\t<section class=\"elementor-section elementor-top-section elementor-element elementor-element-ad78be8 elementor-section-boxed elementor-section-height-default elementor-section-height-default\" data-id=\"ad78be8\" data-element_type=\"section\" data-e-type=\"section\">\n\t\t\t\t\t\t<div class=\"elementor-container elementor-column-gap-default\">\n\t\t\t\t\t<div class=\"elementor-column elementor-col-100 elementor-top-column elementor-element elementor-element-7afb979\" data-id=\"7afb979\" data-element_type=\"column\" data-e-type=\"column\">\n\t\t\t<div class=\"elementor-widget-wrap elementor-element-populated\">\n\t\t\t\t\t\t<div class=\"elementor-element elementor-element-46372d2 elementor-widget elementor-widget-text-editor\" data-id=\"46372d2\" data-element_type=\"widget\" data-e-type=\"widget\" data-widget_type=\"text-editor.default\">\n\t\t\t\t<div class=\"elementor-widget-container\">\n\t\t\t\t\t\t\t\t\t<p>Ajla Husejinovi\u0107 is a 28 year old guy living in Sarajevo. She is a trained bookbinder but is currently having a hard time finding a job. Her level of education and disability meant that her career choices were limited.<\/p><p>-My CP injury makes it difficult for me to cope with several of the professions that match my level of education, the only thing that has worked is my work as a bookbinder, says Ajla.<\/p>\t\t\t\t\t\t\t\t<\/div>\n\t\t\t\t<\/div>\n\t\t\t\t\t<\/div>\n\t\t<\/div>\n\t\t\t\t\t<\/div>\n\t\t<\/section>\n\t\t\t\t<section class=\"elementor-section elementor-top-section elementor-element elementor-element-c05861b elementor-section-boxed elementor-section-height-default elementor-section-height-default\" data-id=\"c05861b\" data-element_type=\"section\" data-e-type=\"section\">\n\t\t\t\t\t\t<div class=\"elementor-container elementor-column-gap-default\">\n\t\t\t\t\t<div class=\"elementor-column elementor-col-100 elementor-top-column elementor-element elementor-element-564a780\" data-id=\"564a780\" data-element_type=\"column\" data-e-type=\"column\">\n\t\t\t<div class=\"elementor-widget-wrap elementor-element-populated\">\n\t\t\t\t\t\t<div class=\"elementor-element elementor-element-bca78c5 elementor-widget elementor-widget-heading\" data-id=\"bca78c5\" data-element_type=\"widget\" data-e-type=\"widget\" data-widget_type=\"heading.default\">\n\t\t\t\t<div class=\"elementor-widget-container\">\n\t\t\t\t\t<h2 class=\"elementor-heading-title elementor-size-default\">Ayla&#039;s education was never adapted to her needs <\/h2>\t\t\t\t<\/div>\n\t\t\t\t<\/div>\n\t\t\t\t\t<\/div>\n\t\t<\/div>\n\t\t\t\t\t<\/div>\n\t\t<\/section>\n\t\t\t\t<section class=\"elementor-section elementor-top-section elementor-element elementor-element-f210c63 elementor-section-boxed elementor-section-height-default elementor-section-height-default\" data-id=\"f210c63\" data-element_type=\"section\" data-e-type=\"section\">\n\t\t\t\t\t\t<div class=\"elementor-container elementor-column-gap-default\">\n\t\t\t\t\t<div class=\"elementor-column elementor-col-100 elementor-top-column elementor-element elementor-element-3decece\" data-id=\"3decece\" data-element_type=\"column\" data-e-type=\"column\">\n\t\t\t<div class=\"elementor-widget-wrap elementor-element-populated\">\n\t\t\t\t\t\t<div class=\"elementor-element elementor-element-3f36dfe elementor-widget elementor-widget-text-editor\" data-id=\"3f36dfe\" data-element_type=\"widget\" data-e-type=\"widget\" data-widget_type=\"text-editor.default\">\n\t\t\t\t<div class=\"elementor-widget-container\">\n\t\t\t\t\t\t\t\t\t<p>Ayla&#039;s first three school years were at a primary school that was not adapted to her needs. Without a ramp and handrails, Ajla had a hard time getting around, and it happened that she fell and hurt herself. With the help of the family, she was able to get to school and her twin sister helped as best she could once they were there.<\/p><p>The teachers at Ayla&#039;s primary school lacked the skills and knowledge needed to give her an inclusive education that worked for her. As Ajla has both visual impairment and hearing impairment, it was often difficult for her to understand everything in the lessons and when her sister tried to help her, they were separated as the teacher thought that their talk disturbed the rest of the class. But Ajla had several other classmates who did their best to help her instead.<\/p><p>From year four until the end of high school, Ajla was allowed to go to a special school for children with disabilities, but she wishes she had been allowed to go to a public school and received help from an assistant instead. Ajla knows that the education in a public school would have been more difficult, but she believes that if she had done well with the right support.<\/p><p><strong>-I think I would have learned more if I had not been forced to switch to a special school where the education was very simple, she says.<\/strong><\/p><p>It was difficult for Ajla to adapt to the special school&#039;s education program, which was very different from the general compulsory school. What was positive was that the teachers really took the time to help Ajla and make sure that she learned what she was supposed to.<\/p><p>Ajla hopes and believes that the situation has improved since she herself went to school.<\/p><p>-Then inclusive education received no attention, today it is easier to achieve change through the media and personal stories, says Ajla.<\/p><p>Since Ajla left school, she has been involved in adapting books and other school materials so that children with disabilities can receive available teaching materials during their schooling.\u00a0<\/p>\t\t\t\t\t\t\t\t<\/div>\n\t\t\t\t<\/div>\n\t\t\t\t\t<\/div>\n\t\t<\/div>\n\t\t\t\t\t<\/div>\n\t\t<\/section>\n\t\t\t\t<section class=\"elementor-section elementor-top-section elementor-element elementor-element-e6063c3 elementor-section-boxed elementor-section-height-default elementor-section-height-default\" data-id=\"e6063c3\" data-element_type=\"section\" data-e-type=\"section\">\n\t\t\t\t\t\t<div class=\"elementor-container elementor-column-gap-default\">\n\t\t\t\t\t<div class=\"elementor-column elementor-col-100 elementor-top-column elementor-element elementor-element-f51d7a7\" data-id=\"f51d7a7\" data-element_type=\"column\" data-e-type=\"column\">\n\t\t\t<div class=\"elementor-widget-wrap elementor-element-populated\">\n\t\t\t\t\t\t<div class=\"elementor-element elementor-element-30351df elementor-widget elementor-widget-heading\" data-id=\"30351df\" data-element_type=\"widget\" data-e-type=\"widget\" data-widget_type=\"heading.default\">\n\t\t\t\t<div class=\"elementor-widget-container\">\n\t\t\t\t\t<h2 class=\"elementor-heading-title elementor-size-default\">The university can give Ajla a second chance <\/h2>\t\t\t\t<\/div>\n\t\t\t\t<\/div>\n\t\t\t\t\t<\/div>\n\t\t<\/div>\n\t\t\t\t\t<\/div>\n\t\t<\/section>\n\t\t\t\t<section class=\"elementor-section elementor-top-section elementor-element elementor-element-e30a750 elementor-section-boxed elementor-section-height-default elementor-section-height-default\" data-id=\"e30a750\" data-element_type=\"section\" data-e-type=\"section\">\n\t\t\t\t\t\t<div class=\"elementor-container elementor-column-gap-default\">\n\t\t\t\t\t<div class=\"elementor-column elementor-col-100 elementor-top-column elementor-element elementor-element-0fd437b\" data-id=\"0fd437b\" data-element_type=\"column\" data-e-type=\"column\">\n\t\t\t<div class=\"elementor-widget-wrap elementor-element-populated\">\n\t\t\t\t\t\t<div class=\"elementor-element elementor-element-aa83f28 elementor-widget elementor-widget-text-editor\" data-id=\"aa83f28\" data-element_type=\"widget\" data-e-type=\"widget\" data-widget_type=\"text-editor.default\">\n\t\t\t\t<div class=\"elementor-widget-container\">\n\t\t\t\t\t\t\t\t\t<p>To succeed in finding a new career, Ajla wants to further her education at the university. She loves people and would like to have a social work where she gets to meet a lot of people. Her plan is to apply for the political science program with social work as a focus.<\/p><p>Once Ajla starts at the university, she expects to get an assistant and that the school is accessible. She hopes that the other students will be kind and understand that she has some difficulties, but that she manages with the right support. She is also not afraid of having to draw the teachers&#039; attention to the fact that they need to adapt the teaching to her needs.<\/p><p><strong>-I am not ashamed to tell about my disability and demand the support I need, that is, to ask for my rights, says Ajla.<\/strong><\/p><p>Ajla is optimistic about her future and hopes that a university degree can help her get more career choices. After graduation, Ajla believes that she could get a job in the association Oaza, which she is involved in.<\/p>\t\t\t\t\t\t\t\t<\/div>\n\t\t\t\t<\/div>\n\t\t\t\t\t<\/div>\n\t\t<\/div>\n\t\t\t\t\t<\/div>\n\t\t<\/section>\n\t\t\t\t<section class=\"elementor-section elementor-top-section elementor-element elementor-element-8eeef45 elementor-section-boxed elementor-section-height-default elementor-section-height-default\" data-id=\"8eeef45\" data-element_type=\"section\" data-e-type=\"section\">\n\t\t\t\t\t\t<div class=\"elementor-container elementor-column-gap-default\">\n\t\t\t\t\t<div class=\"elementor-column elementor-col-100 elementor-top-column elementor-element elementor-element-00a91c4\" data-id=\"00a91c4\" data-element_type=\"column\" data-e-type=\"column\">\n\t\t\t<div class=\"elementor-widget-wrap elementor-element-populated\">\n\t\t\t\t\t\t<div class=\"elementor-element elementor-element-c6bf289 elementor-widget elementor-widget-heading\" data-id=\"c6bf289\" data-element_type=\"widget\" data-e-type=\"widget\" data-widget_type=\"heading.default\">\n\t\t\t\t<div class=\"elementor-widget-container\">\n\t\t\t\t\t<h2 class=\"elementor-heading-title elementor-size-default\">Ajla wants to arouse the commitment of other people who live with a disability<\/h2>\t\t\t\t<\/div>\n\t\t\t\t<\/div>\n\t\t\t\t\t<\/div>\n\t\t<\/div>\n\t\t\t\t\t<\/div>\n\t\t<\/section>\n\t\t\t\t<section class=\"elementor-section elementor-top-section elementor-element elementor-element-7410056 elementor-section-boxed elementor-section-height-default elementor-section-height-default\" data-id=\"7410056\" data-element_type=\"section\" data-e-type=\"section\">\n\t\t\t\t\t\t<div class=\"elementor-container elementor-column-gap-default\">\n\t\t\t\t\t<div class=\"elementor-column elementor-col-100 elementor-top-column elementor-element elementor-element-c6330ee\" data-id=\"c6330ee\" data-element_type=\"column\" data-e-type=\"column\">\n\t\t\t<div class=\"elementor-widget-wrap elementor-element-populated\">\n\t\t\t\t\t\t<div class=\"elementor-element elementor-element-c045f0e elementor-widget elementor-widget-text-editor\" data-id=\"c045f0e\" data-element_type=\"widget\" data-e-type=\"widget\" data-widget_type=\"text-editor.default\">\n\t\t\t\t<div class=\"elementor-widget-container\">\n\t\t\t\t\t\t\t\t\t<p>Ayla&#039;s goal is to arouse the commitment of as many people living with disabilities as possible, so that more people can see what opportunities they have. She encourages more people to join associations to create engagement with others.<\/p><p>-Together we become stronger and can achieve all our goals, says Ajla.<\/p><p>Ajla says that some people with disabilities have difficulty getting involved as they suffer from the stigma that exists around disabilities in society, they feel ashamed and are afraid of facing great resistance. But she still urges to dare to speak out and stand up for their rights. Ajla believes that it is through joint commitment that one can achieve something and create conditions for exercising one&#039;s rights.<\/p><p><strong>-Say what you think, get involved in your interests and fight for your rights. You choose your own path and the association gives you the right conditions for your personal journey, says Ajla encouragingly.<\/strong><\/p>\t\t\t\t\t\t\t\t<\/div>\n\t\t\t\t<\/div>\n\t\t\t\t\t<\/div>\n\t\t<\/div>\n\t\t\t\t\t<\/div>\n\t\t<\/section>\n\t\t\t\t<section class=\"elementor-section elementor-top-section elementor-element elementor-element-9b86e02 elementor-section-boxed elementor-section-height-default elementor-section-height-default\" data-id=\"9b86e02\" data-element_type=\"section\" data-e-type=\"section\">\n\t\t\t\t\t\t<div class=\"elementor-container elementor-column-gap-default\">\n\t\t\t\t\t<div class=\"elementor-column elementor-col-100 elementor-top-column elementor-element elementor-element-e455ee4\" data-id=\"e455ee4\" data-element_type=\"column\" data-e-type=\"column\">\n\t\t\t<div class=\"elementor-widget-wrap elementor-element-populated\">\n\t\t\t\t\t\t<div class=\"elementor-element elementor-element-ad28533 elementor-widget-divider--view-line elementor-widget elementor-widget-divider\" data-id=\"ad28533\" data-element_type=\"widget\" data-e-type=\"widget\" data-widget_type=\"divider.default\">\n\t\t\t\t<div class=\"elementor-widget-container\">\n\t\t\t\t\t\t\t<div class=\"elementor-divider\">\n\t\t\t<span class=\"elementor-divider-separator\">\n\t\t\t\t\t\t<\/span>\n\t\t<\/div>\n\t\t\t\t\t\t<\/div>\n\t\t\t\t<\/div>\n\t\t\t\t\t<\/div>\n\t\t<\/div>\n\t\t\t\t\t<\/div>\n\t\t<\/section>\n\t\t\t\t<section class=\"elementor-section elementor-top-section elementor-element elementor-element-6f8dbf6 elementor-section-full_width elementor-section-height-default elementor-section-height-default\" data-id=\"6f8dbf6\" data-element_type=\"section\" data-e-type=\"section\" data-settings=\"{&quot;background_background&quot;:&quot;classic&quot;}\">\n\t\t\t\t\t\t<div class=\"elementor-container elementor-column-gap-default\">\n\t\t\t\t\t<div class=\"elementor-column elementor-col-33 elementor-top-column elementor-element elementor-element-ae5d19c\" data-id=\"ae5d19c\" data-element_type=\"column\" data-e-type=\"column\">\n\t\t\t<div class=\"elementor-widget-wrap elementor-element-populated\">\n\t\t\t\t\t\t<div class=\"elementor-element elementor-element-9949b4b elementor-widget elementor-widget-image\" data-id=\"9949b4b\" data-element_type=\"widget\" data-e-type=\"widget\" data-widget_type=\"image.default\">\n\t\t\t\t<div class=\"elementor-widget-container\">\n\t\t\t\t\t\t\t\t\t\t\t\t\t\t\t<img decoding=\"async\" width=\"580\" height=\"773\" src=\"https:\/\/myright.se\/wp-content\/uploads\/2021\/11\/PFPID-at-DCC-elever-med-intellektuell-funkis-3-768x1024.jpg\" class=\"attachment-large size-large wp-image-18526\" alt=\"\" srcset=\"https:\/\/myright.se\/wp-content\/uploads\/2021\/11\/PFPID-at-DCC-elever-med-intellektuell-funkis-3-768x1024.jpg 768w, https:\/\/myright.se\/wp-content\/uploads\/2021\/11\/PFPID-at-DCC-elever-med-intellektuell-funkis-3-225x300.jpg 225w, https:\/\/myright.se\/wp-content\/uploads\/2021\/11\/PFPID-at-DCC-elever-med-intellektuell-funkis-3-1152x1536.jpg 1152w, https:\/\/myright.se\/wp-content\/uploads\/2021\/11\/PFPID-at-DCC-elever-med-intellektuell-funkis-3-1536x2048.jpg 1536w, https:\/\/myright.se\/wp-content\/uploads\/2021\/11\/PFPID-at-DCC-elever-med-intellektuell-funkis-3-9x12.jpg 9w, https:\/\/myright.se\/wp-content\/uploads\/2021\/11\/PFPID-at-DCC-elever-med-intellektuell-funkis-3-1200x1600.jpg 1200w, https:\/\/myright.se\/wp-content\/uploads\/2021\/11\/PFPID-at-DCC-elever-med-intellektuell-funkis-3-1980x2640.jpg 1980w, https:\/\/myright.se\/wp-content\/uploads\/2021\/11\/PFPID-at-DCC-elever-med-intellektuell-funkis-3-600x800.jpg 600w, https:\/\/myright.se\/wp-content\/uploads\/2021\/11\/PFPID-at-DCC-elever-med-intellektuell-funkis-3-scaled.jpg 1920w\" sizes=\"(max-width: 580px) 100vw, 580px\" \/>\t\t\t\t\t\t\t\t\t\t\t\t\t\t\t<\/div>\n\t\t\t\t<\/div>\n\t\t\t\t\t<\/div>\n\t\t<\/div>\n\t\t\t\t<div class=\"elementor-column elementor-col-66 elementor-top-column elementor-element elementor-element-b623ad0\" data-id=\"b623ad0\" data-element_type=\"column\" data-e-type=\"column\">\n\t\t\t<div class=\"elementor-widget-wrap elementor-element-populated\">\n\t\t\t\t\t\t<div class=\"elementor-element elementor-element-1599587 elementor-widget elementor-widget-heading\" data-id=\"1599587\" data-element_type=\"widget\" data-e-type=\"widget\" data-widget_type=\"heading.default\">\n\t\t\t\t<div class=\"elementor-widget-container\">\n\t\t\t\t\t<h2 class=\"elementor-heading-title elementor-size-default\">Open the Classrooms - for all children&#039;s right to education<\/h2>\t\t\t\t<\/div>\n\t\t\t\t<\/div>\n\t\t\t\t<div class=\"elementor-element elementor-element-45bae9c elementor-widget elementor-widget-text-editor\" data-id=\"45bae9c\" data-element_type=\"widget\" data-e-type=\"widget\" data-widget_type=\"text-editor.default\">\n\t\t\t\t<div class=\"elementor-widget-container\">\n\t\t\t\t\t\t\t\t\t<div class=\"elementor-element elementor-element-6704231 elementor-widget elementor-widget-text-editor\" data-id=\"6704231\" data-element_type=\"widget\" data-widget_type=\"text-editor.default\"><div class=\"elementor-widget-container\"><div class=\"elementor-text-editor elementor-clearfix\"><p><strong>Education is one of the most important factors in being able to get out of poverty. It is fundamental for a person&#039;s opportunities to get a job, to be able to support themselves and to participate in the development of society.<\/strong><\/p><\/div><\/div><\/div><div class=\"elementor-element elementor-element-5d8a0e3 elementor-widget elementor-widget-text-editor\" data-id=\"5d8a0e3\" data-element_type=\"widget\" data-widget_type=\"text-editor.default\"><div class=\"elementor-widget-container\"><div class=\"elementor-text-editor elementor-clearfix\"><p>Children who do not go to school have much worse conditions in the labor market and are at a much higher risk of falling into poverty. Few children with disabilities start school, according to the UN, it is one in three children with disabilities who do not go to primary school, it can be compared with one in seven children who do not have a disability. Those who then continue their studies in upper secondary school and upper secondary school are even fewer.\u00a0<\/p><\/div><\/div><\/div>\t\t\t\t\t\t\t\t<\/div>\n\t\t\t\t<\/div>\n\t\t\t\t<div class=\"elementor-element elementor-element-a60f71e elementor-widget elementor-widget-button\" data-id=\"a60f71e\" data-element_type=\"widget\" data-e-type=\"widget\" data-widget_type=\"button.default\">\n\t\t\t\t<div class=\"elementor-widget-container\">\n\t\t\t\t\t\t\t\t\t<div class=\"elementor-button-wrapper\">\n\t\t\t\t\t<a class=\"elementor-button elementor-button-link elementor-size-sm\" href=\"https:\/\/myright.se\/en\/vad-vi-gor\/vara-fokusomraden\/inclusive-education\/\">\n\t\t\t\t\t\t<span class=\"elementor-button-content-wrapper\">\n\t\t\t\t\t\t<span class=\"elementor-button-icon\">\n\t\t\t\t<i aria-hidden=\"true\" class=\"fas fa-angle-right\"><\/i>\t\t\t<\/span>\n\t\t\t\t\t\t\t\t\t<span class=\"elementor-button-text\">READ MORE ABOUT EDUCATION HERE<\/span>\n\t\t\t\t\t<\/span>\n\t\t\t\t\t<\/a>\n\t\t\t\t<\/div>\n\t\t\t\t\t\t\t\t<\/div>\n\t\t\t\t<\/div>\n\t\t\t\t\t<\/div>\n\t\t<\/div>\n\t\t\t\t\t<\/div>\n\t\t<\/section>\n\t\t\t\t<\/div>","protected":false},"excerpt":{"rendered":"<p>N\u00e4r Ajla gick ut \u00e5rskurs tre i en allm\u00e4n grundskola var hon tvungen att byta till en specialskola, trots att hon inte ville. Nu k\u00e4mpar Ajla f\u00f6r att personer med funktionsneds\u00e4ttning ska f\u00e5 inkluderande utbildning som h\u00e5ller en h\u00f6g kvalit\u00e9 och inte begr\u00e4nsar deras framtidsutsikter. &nbsp; Ajla Husejinovi\u0107 Ajla Husejinovi\u0107 \u00e4r 28 \u00e5r gammal och [&hellip;]<\/p>\n","protected":false},"author":2,"featured_media":18495,"comment_status":"closed","ping_status":"closed","sticky":false,"template":"","format":"standard","meta":{"footnotes":""},"categories":[49,37,39,89],"tags":[],"class_list":["post-18491","post","type-post","status-publish","format-standard","has-post-thumbnail","hentry","category-aktuellt","category-berattelser","category-bosnien-hercegovina","category-inkluderande-utbildning"],"yoast_head":"<!-- This site is optimized with the Yoast SEO plugin v27.5 - https:\/\/yoast.com\/product\/yoast-seo-wordpress\/ -->\n<title>En inkluderande utbildning hade gett Ajla r\u00e4tt f\u00f6ruts\u00e4ttningar f\u00f6r framtiden - MyRight<\/title>\n<meta name=\"robots\" content=\"index, follow, max-snippet:-1, max-image-preview:large, max-video-preview:-1\" \/>\n<link rel=\"canonical\" href=\"https:\/\/myright.se\/en\/bs\/inclusive-education-would-have-given-everyone-the-right-conditions-for-the-future\/\" \/>\n<meta property=\"og:locale\" content=\"en_GB\" \/>\n<meta property=\"og:type\" content=\"article\" \/>\n<meta property=\"og:title\" content=\"En inkluderande utbildning hade gett Ajla r\u00e4tt f\u00f6ruts\u00e4ttningar f\u00f6r framtiden - MyRight\" \/>\n<meta property=\"og:description\" content=\"N\u00e4r Ajla gick ut \u00e5rskurs tre i en allm\u00e4n grundskola var hon tvungen att byta till en specialskola, trots att hon inte ville. Nu k\u00e4mpar Ajla f\u00f6r att personer med funktionsneds\u00e4ttning ska f\u00e5 inkluderande utbildning som h\u00e5ller en h\u00f6g kvalit\u00e9 och inte begr\u00e4nsar deras framtidsutsikter. &nbsp; Ajla Husejinovi\u0107 Ajla Husejinovi\u0107 \u00e4r 28 \u00e5r gammal och [&hellip;]\" \/>\n<meta property=\"og:url\" content=\"https:\/\/myright.se\/en\/bs\/inclusive-education-would-have-given-everyone-the-right-conditions-for-the-future\/\" \/>\n<meta property=\"og:site_name\" content=\"MyRight\" \/>\n<meta property=\"article:published_time\" content=\"2021-11-16T11:31:13+00:00\" \/>\n<meta property=\"article:modified_time\" content=\"2022-01-12T13:16:50+00:00\" \/>\n<meta property=\"og:image\" content=\"https:\/\/myright.se\/wp-content\/uploads\/2021\/11\/Ajla-scaled.jpg\" \/>\n\t<meta property=\"og:image:width\" content=\"2560\" \/>\n\t<meta property=\"og:image:height\" content=\"1707\" \/>\n\t<meta property=\"og:image:type\" content=\"image\/jpeg\" \/>\n<meta name=\"author\" content=\"Madeleine Jangard\" \/>\n<meta name=\"twitter:card\" content=\"summary_large_image\" \/>\n<meta name=\"twitter:label1\" content=\"Written by\" \/>\n\t<meta name=\"twitter:data1\" content=\"Madeleine Jangard\" \/>\n\t<meta name=\"twitter:label2\" content=\"Estimated reading time\" \/>\n\t<meta name=\"twitter:data2\" content=\"5 minutes\" \/>\n<script type=\"application\/ld+json\" class=\"yoast-schema-graph\">{\"@context\":\"https:\\\/\\\/schema.org\",\"@graph\":[{\"@type\":\"Article\",\"@id\":\"https:\\\/\\\/myright.se\\\/bs\\\/en-inkluderande-utbildning-hade-gett-ajla-ratt-forutsattningar-for-framtiden\\\/#article\",\"isPartOf\":{\"@id\":\"https:\\\/\\\/myright.se\\\/bs\\\/en-inkluderande-utbildning-hade-gett-ajla-ratt-forutsattningar-for-framtiden\\\/\"},\"author\":{\"name\":\"Madeleine Jangard\",\"@id\":\"https:\\\/\\\/myright.se\\\/#\\\/schema\\\/person\\\/73a598398a9494d74661326a0c9d55e6\"},\"headline\":\"En inkluderande utbildning hade gett Ajla r\u00e4tt f\u00f6ruts\u00e4ttningar f\u00f6r framtiden\",\"datePublished\":\"2021-11-16T11:31:13+00:00\",\"dateModified\":\"2022-01-12T13:16:50+00:00\",\"mainEntityOfPage\":{\"@id\":\"https:\\\/\\\/myright.se\\\/bs\\\/en-inkluderande-utbildning-hade-gett-ajla-ratt-forutsattningar-for-framtiden\\\/\"},\"wordCount\":1106,\"publisher\":{\"@id\":\"https:\\\/\\\/myright.se\\\/#organization\"},\"image\":{\"@id\":\"https:\\\/\\\/myright.se\\\/bs\\\/en-inkluderande-utbildning-hade-gett-ajla-ratt-forutsattningar-for-framtiden\\\/#primaryimage\"},\"thumbnailUrl\":\"https:\\\/\\\/myright.se\\\/wp-content\\\/uploads\\\/2021\\\/11\\\/Ajla-scaled.jpg\",\"articleSection\":[\"Aktuellt\",\"Ber\u00e4ttelser\",\"Bosnien-Hercegovina\",\"Inkluderande utbildning\"],\"inLanguage\":\"en-GB\"},{\"@type\":\"WebPage\",\"@id\":\"https:\\\/\\\/myright.se\\\/bs\\\/en-inkluderande-utbildning-hade-gett-ajla-ratt-forutsattningar-for-framtiden\\\/\",\"url\":\"https:\\\/\\\/myright.se\\\/bs\\\/en-inkluderande-utbildning-hade-gett-ajla-ratt-forutsattningar-for-framtiden\\\/\",\"name\":\"En inkluderande utbildning hade gett Ajla r\u00e4tt f\u00f6ruts\u00e4ttningar f\u00f6r framtiden - MyRight\",\"isPartOf\":{\"@id\":\"https:\\\/\\\/myright.se\\\/#website\"},\"primaryImageOfPage\":{\"@id\":\"https:\\\/\\\/myright.se\\\/bs\\\/en-inkluderande-utbildning-hade-gett-ajla-ratt-forutsattningar-for-framtiden\\\/#primaryimage\"},\"image\":{\"@id\":\"https:\\\/\\\/myright.se\\\/bs\\\/en-inkluderande-utbildning-hade-gett-ajla-ratt-forutsattningar-for-framtiden\\\/#primaryimage\"},\"thumbnailUrl\":\"https:\\\/\\\/myright.se\\\/wp-content\\\/uploads\\\/2021\\\/11\\\/Ajla-scaled.jpg\",\"datePublished\":\"2021-11-16T11:31:13+00:00\",\"dateModified\":\"2022-01-12T13:16:50+00:00\",\"breadcrumb\":{\"@id\":\"https:\\\/\\\/myright.se\\\/bs\\\/en-inkluderande-utbildning-hade-gett-ajla-ratt-forutsattningar-for-framtiden\\\/#breadcrumb\"},\"inLanguage\":\"en-GB\",\"potentialAction\":[{\"@type\":\"ReadAction\",\"target\":[\"https:\\\/\\\/myright.se\\\/bs\\\/en-inkluderande-utbildning-hade-gett-ajla-ratt-forutsattningar-for-framtiden\\\/\"]}]},{\"@type\":\"ImageObject\",\"inLanguage\":\"en-GB\",\"@id\":\"https:\\\/\\\/myright.se\\\/bs\\\/en-inkluderande-utbildning-hade-gett-ajla-ratt-forutsattningar-for-framtiden\\\/#primaryimage\",\"url\":\"https:\\\/\\\/myright.se\\\/wp-content\\\/uploads\\\/2021\\\/11\\\/Ajla-scaled.jpg\",\"contentUrl\":\"https:\\\/\\\/myright.se\\\/wp-content\\\/uploads\\\/2021\\\/11\\\/Ajla-scaled.jpg\",\"width\":2560,\"height\":1707,\"caption\":\"Ajla Husejinovi\u0107\"},{\"@type\":\"BreadcrumbList\",\"@id\":\"https:\\\/\\\/myright.se\\\/bs\\\/en-inkluderande-utbildning-hade-gett-ajla-ratt-forutsattningar-for-framtiden\\\/#breadcrumb\",\"itemListElement\":[{\"@type\":\"ListItem\",\"position\":1,\"name\":\"Hem\",\"item\":\"https:\\\/\\\/myright.se\\\/\"},{\"@type\":\"ListItem\",\"position\":2,\"name\":\"En inkluderande utbildning hade gett Ajla r\u00e4tt f\u00f6ruts\u00e4ttningar f\u00f6r framtiden\"}]},{\"@type\":\"WebSite\",\"@id\":\"https:\\\/\\\/myright.se\\\/#website\",\"url\":\"https:\\\/\\\/myright.se\\\/\",\"name\":\"MyRight\",\"description\":\"\",\"publisher\":{\"@id\":\"https:\\\/\\\/myright.se\\\/#organization\"},\"potentialAction\":[{\"@type\":\"SearchAction\",\"target\":{\"@type\":\"EntryPoint\",\"urlTemplate\":\"https:\\\/\\\/myright.se\\\/?s={search_term_string}\"},\"query-input\":{\"@type\":\"PropertyValueSpecification\",\"valueRequired\":true,\"valueName\":\"search_term_string\"}}],\"inLanguage\":\"en-GB\"},{\"@type\":\"Organization\",\"@id\":\"https:\\\/\\\/myright.se\\\/#organization\",\"name\":\"MyRight\",\"url\":\"https:\\\/\\\/myright.se\\\/\",\"logo\":{\"@type\":\"ImageObject\",\"inLanguage\":\"en-GB\",\"@id\":\"https:\\\/\\\/myright.se\\\/#\\\/schema\\\/logo\\\/image\\\/\",\"url\":\"https:\\\/\\\/myright.se\\\/wp-content\\\/uploads\\\/2020\\\/02\\\/Myright_logo_no_text_bredvid.png\",\"contentUrl\":\"https:\\\/\\\/myright.se\\\/wp-content\\\/uploads\\\/2020\\\/02\\\/Myright_logo_no_text_bredvid.png\",\"width\":2751,\"height\":816,\"caption\":\"MyRight\"},\"image\":{\"@id\":\"https:\\\/\\\/myright.se\\\/#\\\/schema\\\/logo\\\/image\\\/\"}},{\"@type\":\"Person\",\"@id\":\"https:\\\/\\\/myright.se\\\/#\\\/schema\\\/person\\\/73a598398a9494d74661326a0c9d55e6\",\"name\":\"Madeleine Jangard\",\"image\":{\"@type\":\"ImageObject\",\"inLanguage\":\"en-GB\",\"@id\":\"https:\\\/\\\/secure.gravatar.com\\\/avatar\\\/78a0b6a77a400e0d80a3a80dd2b429dd02994b0449d439ee5717cc053f07b511?s=96&d=mm&r=g\",\"url\":\"https:\\\/\\\/secure.gravatar.com\\\/avatar\\\/78a0b6a77a400e0d80a3a80dd2b429dd02994b0449d439ee5717cc053f07b511?s=96&d=mm&r=g\",\"contentUrl\":\"https:\\\/\\\/secure.gravatar.com\\\/avatar\\\/78a0b6a77a400e0d80a3a80dd2b429dd02994b0449d439ee5717cc053f07b511?s=96&d=mm&r=g\",\"caption\":\"Madeleine Jangard\"},\"url\":\"http:\\\/\\\/myright.se\\\/en\\\/author\\\/madeleine\\\/\"}]}<\/script>\n<!-- \/ Yoast SEO plugin. -->","yoast_head_json":{"title":"An inclusive education had given Ajla the right conditions for the future - MyRight","robots":{"index":"index","follow":"follow","max-snippet":"max-snippet:-1","max-image-preview":"max-image-preview:large","max-video-preview":"max-video-preview:-1"},"canonical":"https:\/\/myright.se\/en\/bs\/inclusive-education-would-have-given-everyone-the-right-conditions-for-the-future\/","og_locale":"en_GB","og_type":"article","og_title":"En inkluderande utbildning hade gett Ajla r\u00e4tt f\u00f6ruts\u00e4ttningar f\u00f6r framtiden - MyRight","og_description":"N\u00e4r Ajla gick ut \u00e5rskurs tre i en allm\u00e4n grundskola var hon tvungen att byta till en specialskola, trots att hon inte ville. Nu k\u00e4mpar Ajla f\u00f6r att personer med funktionsneds\u00e4ttning ska f\u00e5 inkluderande utbildning som h\u00e5ller en h\u00f6g kvalit\u00e9 och inte begr\u00e4nsar deras framtidsutsikter. &nbsp; Ajla Husejinovi\u0107 Ajla Husejinovi\u0107 \u00e4r 28 \u00e5r gammal och [&hellip;]","og_url":"https:\/\/myright.se\/en\/bs\/inclusive-education-would-have-given-everyone-the-right-conditions-for-the-future\/","og_site_name":"MyRight","article_published_time":"2021-11-16T11:31:13+00:00","article_modified_time":"2022-01-12T13:16:50+00:00","og_image":[{"width":2560,"height":1707,"url":"https:\/\/myright.se\/wp-content\/uploads\/2021\/11\/Ajla-scaled.jpg","type":"image\/jpeg"}],"author":"Madeleine Jangard","twitter_card":"summary_large_image","twitter_misc":{"Written by":"Madeleine Jangard","Estimated reading time":"5 minutes"},"schema":{"@context":"https:\/\/schema.org","@graph":[{"@type":"Article","@id":"https:\/\/myright.se\/bs\/en-inkluderande-utbildning-hade-gett-ajla-ratt-forutsattningar-for-framtiden\/#article","isPartOf":{"@id":"https:\/\/myright.se\/bs\/en-inkluderande-utbildning-hade-gett-ajla-ratt-forutsattningar-for-framtiden\/"},"author":{"name":"Madeleine Jangard","@id":"https:\/\/myright.se\/#\/schema\/person\/73a598398a9494d74661326a0c9d55e6"},"headline":"En inkluderande utbildning hade gett Ajla r\u00e4tt f\u00f6ruts\u00e4ttningar f\u00f6r framtiden","datePublished":"2021-11-16T11:31:13+00:00","dateModified":"2022-01-12T13:16:50+00:00","mainEntityOfPage":{"@id":"https:\/\/myright.se\/bs\/en-inkluderande-utbildning-hade-gett-ajla-ratt-forutsattningar-for-framtiden\/"},"wordCount":1106,"publisher":{"@id":"https:\/\/myright.se\/#organization"},"image":{"@id":"https:\/\/myright.se\/bs\/en-inkluderande-utbildning-hade-gett-ajla-ratt-forutsattningar-for-framtiden\/#primaryimage"},"thumbnailUrl":"https:\/\/myright.se\/wp-content\/uploads\/2021\/11\/Ajla-scaled.jpg","articleSection":["Aktuellt","Ber\u00e4ttelser","Bosnien-Hercegovina","Inkluderande utbildning"],"inLanguage":"en-GB"},{"@type":"WebPage","@id":"https:\/\/myright.se\/bs\/en-inkluderande-utbildning-hade-gett-ajla-ratt-forutsattningar-for-framtiden\/","url":"https:\/\/myright.se\/bs\/en-inkluderande-utbildning-hade-gett-ajla-ratt-forutsattningar-for-framtiden\/","name":"An inclusive education had given Ajla the right conditions for the future - MyRight","isPartOf":{"@id":"https:\/\/myright.se\/#website"},"primaryImageOfPage":{"@id":"https:\/\/myright.se\/bs\/en-inkluderande-utbildning-hade-gett-ajla-ratt-forutsattningar-for-framtiden\/#primaryimage"},"image":{"@id":"https:\/\/myright.se\/bs\/en-inkluderande-utbildning-hade-gett-ajla-ratt-forutsattningar-for-framtiden\/#primaryimage"},"thumbnailUrl":"https:\/\/myright.se\/wp-content\/uploads\/2021\/11\/Ajla-scaled.jpg","datePublished":"2021-11-16T11:31:13+00:00","dateModified":"2022-01-12T13:16:50+00:00","breadcrumb":{"@id":"https:\/\/myright.se\/bs\/en-inkluderande-utbildning-hade-gett-ajla-ratt-forutsattningar-for-framtiden\/#breadcrumb"},"inLanguage":"en-GB","potentialAction":[{"@type":"ReadAction","target":["https:\/\/myright.se\/bs\/en-inkluderande-utbildning-hade-gett-ajla-ratt-forutsattningar-for-framtiden\/"]}]},{"@type":"ImageObject","inLanguage":"en-GB","@id":"https:\/\/myright.se\/bs\/en-inkluderande-utbildning-hade-gett-ajla-ratt-forutsattningar-for-framtiden\/#primaryimage","url":"https:\/\/myright.se\/wp-content\/uploads\/2021\/11\/Ajla-scaled.jpg","contentUrl":"https:\/\/myright.se\/wp-content\/uploads\/2021\/11\/Ajla-scaled.jpg","width":2560,"height":1707,"caption":"Ajla Husejinovi\u0107"},{"@type":"BreadcrumbList","@id":"https:\/\/myright.se\/bs\/en-inkluderande-utbildning-hade-gett-ajla-ratt-forutsattningar-for-framtiden\/#breadcrumb","itemListElement":[{"@type":"ListItem","position":1,"name":"Hem","item":"https:\/\/myright.se\/"},{"@type":"ListItem","position":2,"name":"En inkluderande utbildning hade gett Ajla r\u00e4tt f\u00f6ruts\u00e4ttningar f\u00f6r framtiden"}]},{"@type":"WebSite","@id":"https:\/\/myright.se\/#website","url":"https:\/\/myright.se\/","name":"MyRight","description":"","publisher":{"@id":"https:\/\/myright.se\/#organization"},"potentialAction":[{"@type":"SearchAction","target":{"@type":"EntryPoint","urlTemplate":"https:\/\/myright.se\/?s={search_term_string}"},"query-input":{"@type":"PropertyValueSpecification","valueRequired":true,"valueName":"search_term_string"}}],"inLanguage":"en-GB"},{"@type":"Organization","@id":"https:\/\/myright.se\/#organization","name":"MyRight","url":"https:\/\/myright.se\/","logo":{"@type":"ImageObject","inLanguage":"en-GB","@id":"https:\/\/myright.se\/#\/schema\/logo\/image\/","url":"https:\/\/myright.se\/wp-content\/uploads\/2020\/02\/Myright_logo_no_text_bredvid.png","contentUrl":"https:\/\/myright.se\/wp-content\/uploads\/2020\/02\/Myright_logo_no_text_bredvid.png","width":2751,"height":816,"caption":"MyRight"},"image":{"@id":"https:\/\/myright.se\/#\/schema\/logo\/image\/"}},{"@type":"Person","@id":"https:\/\/myright.se\/#\/schema\/person\/73a598398a9494d74661326a0c9d55e6","name":"Madeleine Jangard","image":{"@type":"ImageObject","inLanguage":"en-GB","@id":"https:\/\/secure.gravatar.com\/avatar\/78a0b6a77a400e0d80a3a80dd2b429dd02994b0449d439ee5717cc053f07b511?s=96&d=mm&r=g","url":"https:\/\/secure.gravatar.com\/avatar\/78a0b6a77a400e0d80a3a80dd2b429dd02994b0449d439ee5717cc053f07b511?s=96&d=mm&r=g","contentUrl":"https:\/\/secure.gravatar.com\/avatar\/78a0b6a77a400e0d80a3a80dd2b429dd02994b0449d439ee5717cc053f07b511?s=96&d=mm&r=g","caption":"Madeleine Jangard"},"url":"http:\/\/myright.se\/en\/author\/madeleine\/"}]}},"_links":{"self":[{"href":"http:\/\/myright.se\/en\/wp-json\/wp\/v2\/posts\/18491","targetHints":{"allow":["GET"]}}],"collection":[{"href":"http:\/\/myright.se\/en\/wp-json\/wp\/v2\/posts"}],"about":[{"href":"http:\/\/myright.se\/en\/wp-json\/wp\/v2\/types\/post"}],"author":[{"embeddable":true,"href":"http:\/\/myright.se\/en\/wp-json\/wp\/v2\/users\/2"}],"replies":[{"embeddable":true,"href":"http:\/\/myright.se\/en\/wp-json\/wp\/v2\/comments?post=18491"}],"version-history":[{"count":44,"href":"http:\/\/myright.se\/en\/wp-json\/wp\/v2\/posts\/18491\/revisions"}],"predecessor-version":[{"id":18552,"href":"http:\/\/myright.se\/en\/wp-json\/wp\/v2\/posts\/18491\/revisions\/18552"}],"wp:featuredmedia":[{"embeddable":true,"href":"http:\/\/myright.se\/en\/wp-json\/wp\/v2\/media\/18495"}],"wp:attachment":[{"href":"http:\/\/myright.se\/en\/wp-json\/wp\/v2\/media?parent=18491"}],"wp:term":[{"taxonomy":"category","embeddable":true,"href":"http:\/\/myright.se\/en\/wp-json\/wp\/v2\/categories?post=18491"},{"taxonomy":"post_tag","embeddable":true,"href":"http:\/\/myright.se\/en\/wp-json\/wp\/v2\/tags?post=18491"}],"curies":[{"name":"wp","href":"https:\/\/api.w.org\/{rel}","templated":true}]}}