{"id":18693,"date":"2021-11-26T12:42:53","date_gmt":"2021-11-26T11:42:53","guid":{"rendered":"https:\/\/myright.se\/?p=18693"},"modified":"2023-09-19T14:51:18","modified_gmt":"2023-09-19T13:51:18","slug":"sjuariga-mitra-vill-fa-undervisning-pa-teckensprak","status":"publish","type":"post","link":"http:\/\/myright.se\/en\/sjuariga-mitra-vill-fa-undervisning-pa-teckensprak\/","title":{"rendered":"Seven-year-old Mitra wants to be taught sign language"},"content":{"rendered":"<div data-elementor-type=\"wp-post\" data-elementor-id=\"18693\" class=\"elementor elementor-18693\" data-elementor-post-type=\"post\">\n\t\t\t\t\t\t<section class=\"elementor-section elementor-top-section elementor-element elementor-element-d45d094 elementor-section-boxed elementor-section-height-default elementor-section-height-default\" data-id=\"d45d094\" data-element_type=\"section\" data-e-type=\"section\">\n\t\t\t\t\t\t<div class=\"elementor-container elementor-column-gap-default\">\n\t\t\t\t\t<div class=\"elementor-column elementor-col-100 elementor-top-column elementor-element elementor-element-573e9b3\" data-id=\"573e9b3\" data-element_type=\"column\" data-e-type=\"column\">\n\t\t\t<div class=\"elementor-widget-wrap elementor-element-populated\">\n\t\t\t\t\t\t<div class=\"elementor-element elementor-element-e0282ec elementor-widget elementor-widget-text-editor\" data-id=\"e0282ec\" data-element_type=\"widget\" data-e-type=\"widget\" data-widget_type=\"text-editor.default\">\n\t\t\t\t<div class=\"elementor-widget-container\">\n\t\t\t\t\t\t\t\t\t<p><strong>Mitra Panti\u0107 is seven years old and lives in Bijeljina in Bosnia-Herzegovina, she hopes that she will soon be educated in the language she knows best - sign language.<\/strong><\/p>\t\t\t\t\t\t\t\t<\/div>\n\t\t\t\t<\/div>\n\t\t\t\t\t<\/div>\n\t\t<\/div>\n\t\t\t\t\t<\/div>\n\t\t<\/section>\n\t\t\t\t<section class=\"elementor-section elementor-top-section elementor-element elementor-element-3a99e11 elementor-section-boxed elementor-section-height-default elementor-section-height-default\" data-id=\"3a99e11\" data-element_type=\"section\" data-e-type=\"section\">\n\t\t\t\t\t\t<div class=\"elementor-container elementor-column-gap-default\">\n\t\t\t\t\t<div class=\"elementor-column elementor-col-100 elementor-top-column elementor-element elementor-element-d5d08e1\" data-id=\"d5d08e1\" data-element_type=\"column\" data-e-type=\"column\">\n\t\t\t<div class=\"elementor-widget-wrap elementor-element-populated\">\n\t\t\t\t\t\t<div class=\"elementor-element elementor-element-21fe4f9 elementor-widget elementor-widget-image\" data-id=\"21fe4f9\" data-element_type=\"widget\" data-e-type=\"widget\" data-widget_type=\"image.default\">\n\t\t\t\t<div class=\"elementor-widget-container\">\n\t\t\t\t\t\t\t\t\t\t\t\t<figure class=\"wp-caption\">\n\t\t\t\t\t\t\t\t\t\t<img fetchpriority=\"high\" decoding=\"async\" width=\"580\" height=\"326\" src=\"https:\/\/myright.se\/wp-content\/uploads\/2021\/12\/Mitra-Pantia-1024x576.jpg\" class=\"attachment-large size-large wp-image-18922\" alt=\"Mitra has dark hair set up in two tassels she has a white sweater and pink suspenders she smiles and has one hand over her chest she is standing in a classroom\" srcset=\"https:\/\/myright.se\/wp-content\/uploads\/2021\/12\/Mitra-Pantia-1024x576.jpg 1024w, https:\/\/myright.se\/wp-content\/uploads\/2021\/12\/Mitra-Pantia-300x169.jpg 300w, https:\/\/myright.se\/wp-content\/uploads\/2021\/12\/Mitra-Pantia-768x432.jpg 768w, https:\/\/myright.se\/wp-content\/uploads\/2021\/12\/Mitra-Pantia-1536x864.jpg 1536w, https:\/\/myright.se\/wp-content\/uploads\/2021\/12\/Mitra-Pantia-2048x1152.jpg 2048w, https:\/\/myright.se\/wp-content\/uploads\/2021\/12\/Mitra-Pantia-18x10.jpg 18w, https:\/\/myright.se\/wp-content\/uploads\/2021\/12\/Mitra-Pantia-1200x675.jpg 1200w, https:\/\/myright.se\/wp-content\/uploads\/2021\/12\/Mitra-Pantia-1980x1114.jpg 1980w, https:\/\/myright.se\/wp-content\/uploads\/2021\/12\/Mitra-Pantia-600x338.jpg 600w\" sizes=\"(max-width: 580px) 100vw, 580px\" \/>\t\t\t\t\t\t\t\t\t\t\t<figcaption class=\"widget-image-caption wp-caption-text\">Mitra Panti\u0107 <\/figcaption>\n\t\t\t\t\t\t\t\t\t\t<\/figure>\n\t\t\t\t\t\t\t\t\t<\/div>\n\t\t\t\t<\/div>\n\t\t\t\t\t<\/div>\n\t\t<\/div>\n\t\t\t\t\t<\/div>\n\t\t<\/section>\n\t\t\t\t<section class=\"elementor-section elementor-top-section elementor-element elementor-element-8381759 elementor-section-boxed elementor-section-height-default elementor-section-height-default\" data-id=\"8381759\" data-element_type=\"section\" data-e-type=\"section\">\n\t\t\t\t\t\t<div class=\"elementor-container elementor-column-gap-default\">\n\t\t\t\t\t<div class=\"elementor-column elementor-col-100 elementor-top-column elementor-element elementor-element-ca6d09c\" data-id=\"ca6d09c\" data-element_type=\"column\" data-e-type=\"column\">\n\t\t\t<div class=\"elementor-widget-wrap elementor-element-populated\">\n\t\t\t\t\t\t<div class=\"elementor-element elementor-element-e5d6055 elementor-widget elementor-widget-text-editor\" data-id=\"e5d6055\" data-element_type=\"widget\" data-e-type=\"widget\" data-widget_type=\"text-editor.default\">\n\t\t\t\t<div class=\"elementor-widget-container\">\n\t\t\t\t\t\t\t\t\t<p>When Mitra started first grade in elementary school, her teacher noticed that something was wrong. Mitra did not join in the lessons and did not seem to hear what was being said. Mitra had to visit an audiologist who examined her hearing and came to the conclusion that Mitra has a hearing impairment and needs hearing aids. Thanks to her hearing aids, Mitra can better keep up with the lessons, especially if she is sitting in the front row of the classroom.<\/p><p>When Mitra first started wearing hearing aids, she received many questions from her classmates, now she knows why she has them and has stopped asking. There are some children at school who tease her for their hearing aids, but she has learned from her father not to care for them.<\/p><p>Mitra hears almost nothing in one ear and a little in the other, she has learned to read on the teacher&#039;s lips when she does not hear, but during the corona pandemic, the teacher has had to use a mask, which has made it more difficult for Mitra. Her parents are both deaf and have taught her sign language which makes it much easier to communicate. Mitra wants her to have access to teaching in sign language and has even taught some characters to her teacher.<\/p><p>-It would be good if my classmates and my teacher knew sign language so that we can always communicate, says Mitra.<\/p><p>Although the teacher does not know sign language yet, Mitra is happy that the teacher always makes sure that she understands and has heard everything, it makes her feel included in the teaching.<\/p><p>Mitra has an active leisure time and goes to both dance and karate. She has no problem telling if she does not hear what is being said about her activities. Mitra will soon have a little sister who she looks forward to being accompanied by in everything she does.<\/p><p>Mitra is determined to succeed in school. She wants to become a doctor to help those who are ill.<\/p><p>-To achieve my doctoral dream, I know that I have to be stubborn, diligent and study a lot, says Mitra.<\/p>\t\t\t\t\t\t\t\t<\/div>\n\t\t\t\t<\/div>\n\t\t\t\t\t<\/div>\n\t\t<\/div>\n\t\t\t\t\t<\/div>\n\t\t<\/section>\n\t\t\t\t<section class=\"elementor-section elementor-top-section elementor-element elementor-element-cafa9fe elementor-section-boxed elementor-section-height-default elementor-section-height-default\" data-id=\"cafa9fe\" data-element_type=\"section\" data-e-type=\"section\">\n\t\t\t\t\t\t<div class=\"elementor-container elementor-column-gap-default\">\n\t\t\t\t\t<div class=\"elementor-column elementor-col-100 elementor-top-column elementor-element elementor-element-c7e4252\" data-id=\"c7e4252\" data-element_type=\"column\" data-e-type=\"column\">\n\t\t\t<div class=\"elementor-widget-wrap elementor-element-populated\">\n\t\t\t\t\t\t<div class=\"elementor-element elementor-element-3bf48a6 elementor-widget elementor-widget-spacer\" data-id=\"3bf48a6\" data-element_type=\"widget\" data-e-type=\"widget\" data-widget_type=\"spacer.default\">\n\t\t\t\t<div class=\"elementor-widget-container\">\n\t\t\t\t\t\t\t<div class=\"elementor-spacer\">\n\t\t\t<div class=\"elementor-spacer-inner\"><\/div>\n\t\t<\/div>\n\t\t\t\t\t\t<\/div>\n\t\t\t\t<\/div>\n\t\t\t\t\t<\/div>\n\t\t<\/div>\n\t\t\t\t\t<\/div>\n\t\t<\/section>\n\t\t\t\t<section class=\"elementor-section elementor-top-section elementor-element elementor-element-cb609da elementor-section-boxed elementor-section-height-default elementor-section-height-default\" data-id=\"cb609da\" data-element_type=\"section\" data-e-type=\"section\">\n\t\t\t\t\t\t<div class=\"elementor-container elementor-column-gap-default\">\n\t\t\t\t\t<div class=\"elementor-column elementor-col-100 elementor-top-column elementor-element elementor-element-3e8fd20\" data-id=\"3e8fd20\" data-element_type=\"column\" data-e-type=\"column\">\n\t\t\t<div class=\"elementor-widget-wrap elementor-element-populated\">\n\t\t\t\t\t\t<div class=\"elementor-element elementor-element-a4257ea elementor-widget-divider--view-line elementor-widget elementor-widget-divider\" data-id=\"a4257ea\" data-element_type=\"widget\" data-e-type=\"widget\" data-widget_type=\"divider.default\">\n\t\t\t\t<div class=\"elementor-widget-container\">\n\t\t\t\t\t\t\t<div class=\"elementor-divider\">\n\t\t\t<span class=\"elementor-divider-separator\">\n\t\t\t\t\t\t<\/span>\n\t\t<\/div>\n\t\t\t\t\t\t<\/div>\n\t\t\t\t<\/div>\n\t\t\t\t\t<\/div>\n\t\t<\/div>\n\t\t\t\t\t<\/div>\n\t\t<\/section>\n\t\t\t\t<section class=\"elementor-section elementor-top-section elementor-element elementor-element-e0ab04b elementor-section-boxed elementor-section-height-default elementor-section-height-default\" data-id=\"e0ab04b\" data-element_type=\"section\" data-e-type=\"section\" data-settings=\"{&quot;background_background&quot;:&quot;classic&quot;}\">\n\t\t\t\t\t\t<div class=\"elementor-container elementor-column-gap-default\">\n\t\t\t\t\t<div class=\"elementor-column elementor-col-50 elementor-top-column elementor-element elementor-element-aef9be1\" data-id=\"aef9be1\" data-element_type=\"column\" data-e-type=\"column\">\n\t\t\t<div class=\"elementor-widget-wrap elementor-element-populated\">\n\t\t\t\t\t\t<div class=\"elementor-element elementor-element-4b93220 elementor-widget elementor-widget-heading\" data-id=\"4b93220\" data-element_type=\"widget\" data-e-type=\"widget\" data-widget_type=\"heading.default\">\n\t\t\t\t<div class=\"elementor-widget-container\">\n\t\t\t\t\t<h2 class=\"elementor-heading-title elementor-size-default\">Facts<\/h2>\t\t\t\t<\/div>\n\t\t\t\t<\/div>\n\t\t\t\t\t<\/div>\n\t\t<\/div>\n\t\t\t\t<div class=\"elementor-column elementor-col-50 elementor-top-column elementor-element elementor-element-ff03f23\" data-id=\"ff03f23\" data-element_type=\"column\" data-e-type=\"column\">\n\t\t\t<div class=\"elementor-widget-wrap\">\n\t\t\t\t\t\t\t<\/div>\n\t\t<\/div>\n\t\t\t\t\t<\/div>\n\t\t<\/section>\n\t\t\t\t<section class=\"elementor-section elementor-top-section elementor-element elementor-element-64b2a28 elementor-section-boxed elementor-section-height-default elementor-section-height-default\" data-id=\"64b2a28\" data-element_type=\"section\" data-e-type=\"section\" data-settings=\"{&quot;background_background&quot;:&quot;classic&quot;}\">\n\t\t\t\t\t\t<div class=\"elementor-container elementor-column-gap-default\">\n\t\t\t\t\t<div class=\"elementor-column elementor-col-50 elementor-top-column elementor-element elementor-element-d19a163\" data-id=\"d19a163\" data-element_type=\"column\" data-e-type=\"column\">\n\t\t\t<div class=\"elementor-widget-wrap elementor-element-populated\">\n\t\t\t\t\t\t<div class=\"elementor-element elementor-element-0ee4fa4 elementor-widget elementor-widget-text-editor\" data-id=\"0ee4fa4\" data-element_type=\"widget\" data-e-type=\"widget\" data-widget_type=\"text-editor.default\">\n\t\t\t\t<div class=\"elementor-widget-container\">\n\t\t\t\t\t\t\t\t\t<p>There are over 160 different sign languages in the world, and for many hearing and deaf people, sign language is their mother tongue. Despite this, deaf and hard of hearing children are not taught in sign language, although research shows that children learn better and faster when they are taught in the language they know best. In order for all children to receive an inclusive education that is adapted to their needs, it is required that deaf and hard of hearing children are offered instruction in sign language.<\/p>\t\t\t\t\t\t\t\t<\/div>\n\t\t\t\t<\/div>\n\t\t\t\t<div class=\"elementor-element elementor-element-81837e7 elementor-align-left elementor-widget elementor-widget-button\" data-id=\"81837e7\" data-element_type=\"widget\" data-e-type=\"widget\" data-widget_type=\"button.default\">\n\t\t\t\t<div class=\"elementor-widget-container\">\n\t\t\t\t\t\t\t\t\t<div class=\"elementor-button-wrapper\">\n\t\t\t\t\t<a class=\"elementor-button elementor-button-link elementor-size-sm\" href=\"https:\/\/myright.se\/en\/fakta\/inclusive-education\/\">\n\t\t\t\t\t\t<span class=\"elementor-button-content-wrapper\">\n\t\t\t\t\t\t\t\t\t<span class=\"elementor-button-text\">Read more about inclusive education<\/span>\n\t\t\t\t\t<\/span>\n\t\t\t\t\t<\/a>\n\t\t\t\t<\/div>\n\t\t\t\t\t\t\t\t<\/div>\n\t\t\t\t<\/div>\n\t\t\t\t\t<\/div>\n\t\t<\/div>\n\t\t\t\t<div class=\"elementor-column elementor-col-50 elementor-top-column elementor-element elementor-element-9e68ea9\" data-id=\"9e68ea9\" data-element_type=\"column\" data-e-type=\"column\">\n\t\t\t<div class=\"elementor-widget-wrap elementor-element-populated\">\n\t\t\t\t\t\t<div class=\"elementor-element elementor-element-c2dcb05 elementor-widget elementor-widget-image\" data-id=\"c2dcb05\" data-element_type=\"widget\" data-e-type=\"widget\" data-widget_type=\"image.default\">\n\t\t\t\t<div class=\"elementor-widget-container\">\n\t\t\t\t\t\t\t\t\t\t\t\t\t\t\t<img decoding=\"async\" width=\"580\" height=\"385\" src=\"https:\/\/myright.se\/wp-content\/uploads\/2021\/05\/APANH-Bolivia-dova-barn-1024x680.jpg\" class=\"attachment-large size-large wp-image-15977\" alt=\"In a classroom, three girls are sitting and writing, one girl has a hearing aid.\" srcset=\"https:\/\/myright.se\/wp-content\/uploads\/2021\/05\/APANH-Bolivia-dova-barn-1024x680.jpg 1024w, https:\/\/myright.se\/wp-content\/uploads\/2021\/05\/APANH-Bolivia-dova-barn-300x199.jpg 300w, https:\/\/myright.se\/wp-content\/uploads\/2021\/05\/APANH-Bolivia-dova-barn-768x510.jpg 768w, https:\/\/myright.se\/wp-content\/uploads\/2021\/05\/APANH-Bolivia-dova-barn-1536x1020.jpg 1536w, https:\/\/myright.se\/wp-content\/uploads\/2021\/05\/APANH-Bolivia-dova-barn-2048x1360.jpg 2048w, https:\/\/myright.se\/wp-content\/uploads\/2021\/05\/APANH-Bolivia-dova-barn-16x12.jpg 16w, https:\/\/myright.se\/wp-content\/uploads\/2021\/05\/APANH-Bolivia-dova-barn-1200x797.jpg 1200w, https:\/\/myright.se\/wp-content\/uploads\/2021\/05\/APANH-Bolivia-dova-barn-1980x1315.jpg 1980w, https:\/\/myright.se\/wp-content\/uploads\/2021\/05\/APANH-Bolivia-dova-barn-600x399.jpg 600w\" sizes=\"(max-width: 580px) 100vw, 580px\" \/>\t\t\t\t\t\t\t\t\t\t\t\t\t\t\t<\/div>\n\t\t\t\t<\/div>\n\t\t\t\t\t<\/div>\n\t\t<\/div>\n\t\t\t\t\t<\/div>\n\t\t<\/section>\n\t\t\t\t<section class=\"elementor-section elementor-top-section elementor-element elementor-element-741cf77 elementor-section-boxed elementor-section-height-default elementor-section-height-default\" data-id=\"741cf77\" data-element_type=\"section\" data-e-type=\"section\">\n\t\t\t\t\t\t<div class=\"elementor-container elementor-column-gap-default\">\n\t\t\t\t\t<div class=\"elementor-column elementor-col-100 elementor-top-column elementor-element elementor-element-cd9a652\" data-id=\"cd9a652\" data-element_type=\"column\" data-e-type=\"column\">\n\t\t\t<div class=\"elementor-widget-wrap\">\n\t\t\t\t\t\t\t<\/div>\n\t\t<\/div>\n\t\t\t\t\t<\/div>\n\t\t<\/section>\n\t\t\t\t<\/div>","protected":false},"excerpt":{"rendered":"<p>Mitra Panti\u0107 \u00e4r sju \u00e5r och bor i Bijeljina i Bosnien-Hercegovina, hon hoppas att hon snart kan f\u00e5 utbildning p\u00e5 det spr\u00e5k hon kan b\u00e4st \u2013 teckenspr\u00e5k. Mitra Panti\u0107 N\u00e4r Mitra b\u00f6rjade f\u00f6rsta klass i grundskolan, m\u00e4rkte hennes l\u00e4rare att n\u00e5got inte st\u00e4mde. Mitra h\u00e4ngde inte med p\u00e5 lektionerna och verkade inte h\u00f6ra vad som [&hellip;]<\/p>\n","protected":false},"author":2,"featured_media":18695,"comment_status":"closed","ping_status":"closed","sticky":false,"template":"","format":"standard","meta":{"footnotes":""},"categories":[49,37,39,89],"tags":[],"class_list":["post-18693","post","type-post","status-publish","format-standard","has-post-thumbnail","hentry","category-aktuellt","category-berattelser","category-bosnien-hercegovina","category-inkluderande-utbildning"],"yoast_head":"<!-- This site is optimized with the Yoast SEO plugin v27.5 - https:\/\/yoast.com\/product\/yoast-seo-wordpress\/ -->\n<title>Sju\u00e5riga Mitra vill f\u00e5 undervisning p\u00e5 teckenspr\u00e5k - MyRight<\/title>\n<meta name=\"robots\" content=\"index, follow, max-snippet:-1, max-image-preview:large, max-video-preview:-1\" \/>\n<link rel=\"canonical\" href=\"https:\/\/myright.se\/en\/sjuariga-mitra-vill-fa-undervisning-pa-teckensprak\/\" \/>\n<meta property=\"og:locale\" content=\"en_GB\" \/>\n<meta property=\"og:type\" content=\"article\" \/>\n<meta property=\"og:title\" content=\"Sju\u00e5riga Mitra vill f\u00e5 undervisning p\u00e5 teckenspr\u00e5k - MyRight\" \/>\n<meta property=\"og:description\" content=\"Mitra Panti\u0107 \u00e4r sju \u00e5r och bor i Bijeljina i Bosnien-Hercegovina, hon hoppas att hon snart kan f\u00e5 utbildning p\u00e5 det spr\u00e5k hon kan b\u00e4st \u2013 teckenspr\u00e5k. Mitra Panti\u0107 N\u00e4r Mitra b\u00f6rjade f\u00f6rsta klass i grundskolan, m\u00e4rkte hennes l\u00e4rare att n\u00e5got inte st\u00e4mde. Mitra h\u00e4ngde inte med p\u00e5 lektionerna och verkade inte h\u00f6ra vad som [&hellip;]\" \/>\n<meta property=\"og:url\" content=\"https:\/\/myright.se\/en\/sjuariga-mitra-vill-fa-undervisning-pa-teckensprak\/\" \/>\n<meta property=\"og:site_name\" content=\"MyRight\" \/>\n<meta property=\"article:published_time\" content=\"2021-11-26T11:42:53+00:00\" \/>\n<meta property=\"article:modified_time\" content=\"2023-09-19T13:51:18+00:00\" \/>\n<meta property=\"og:image\" content=\"https:\/\/myright.se\/wp-content\/uploads\/2021\/11\/Mitra-Pantia-scaled.jpg\" \/>\n\t<meta property=\"og:image:width\" content=\"2560\" \/>\n\t<meta property=\"og:image:height\" content=\"1440\" \/>\n\t<meta property=\"og:image:type\" content=\"image\/jpeg\" \/>\n<meta name=\"author\" content=\"Madeleine Jangard\" \/>\n<meta name=\"twitter:card\" content=\"summary_large_image\" \/>\n<meta name=\"twitter:label1\" content=\"Written by\" \/>\n\t<meta name=\"twitter:data1\" content=\"Madeleine Jangard\" \/>\n\t<meta name=\"twitter:label2\" content=\"Estimated reading time\" \/>\n\t<meta name=\"twitter:data2\" content=\"3 minutes\" \/>\n<script type=\"application\/ld+json\" class=\"yoast-schema-graph\">{\"@context\":\"https:\\\/\\\/schema.org\",\"@graph\":[{\"@type\":\"Article\",\"@id\":\"https:\\\/\\\/myright.se\\\/sjuariga-mitra-vill-fa-undervisning-pa-teckensprak\\\/#article\",\"isPartOf\":{\"@id\":\"https:\\\/\\\/myright.se\\\/sjuariga-mitra-vill-fa-undervisning-pa-teckensprak\\\/\"},\"author\":{\"name\":\"Madeleine Jangard\",\"@id\":\"https:\\\/\\\/myright.se\\\/#\\\/schema\\\/person\\\/73a598398a9494d74661326a0c9d55e6\"},\"headline\":\"Sju\u00e5riga Mitra vill f\u00e5 undervisning p\u00e5 teckenspr\u00e5k\",\"datePublished\":\"2021-11-26T11:42:53+00:00\",\"dateModified\":\"2023-09-19T13:51:18+00:00\",\"mainEntityOfPage\":{\"@id\":\"https:\\\/\\\/myright.se\\\/sjuariga-mitra-vill-fa-undervisning-pa-teckensprak\\\/\"},\"wordCount\":567,\"publisher\":{\"@id\":\"https:\\\/\\\/myright.se\\\/#organization\"},\"image\":{\"@id\":\"https:\\\/\\\/myright.se\\\/sjuariga-mitra-vill-fa-undervisning-pa-teckensprak\\\/#primaryimage\"},\"thumbnailUrl\":\"https:\\\/\\\/myright.se\\\/wp-content\\\/uploads\\\/2021\\\/11\\\/Mitra-Pantia-scaled.jpg\",\"articleSection\":[\"Aktuellt\",\"Ber\u00e4ttelser\",\"Bosnien-Hercegovina\",\"Inkluderande utbildning\"],\"inLanguage\":\"en-GB\"},{\"@type\":\"WebPage\",\"@id\":\"https:\\\/\\\/myright.se\\\/sjuariga-mitra-vill-fa-undervisning-pa-teckensprak\\\/\",\"url\":\"https:\\\/\\\/myright.se\\\/sjuariga-mitra-vill-fa-undervisning-pa-teckensprak\\\/\",\"name\":\"Sju\u00e5riga Mitra vill f\u00e5 undervisning p\u00e5 teckenspr\u00e5k - MyRight\",\"isPartOf\":{\"@id\":\"https:\\\/\\\/myright.se\\\/#website\"},\"primaryImageOfPage\":{\"@id\":\"https:\\\/\\\/myright.se\\\/sjuariga-mitra-vill-fa-undervisning-pa-teckensprak\\\/#primaryimage\"},\"image\":{\"@id\":\"https:\\\/\\\/myright.se\\\/sjuariga-mitra-vill-fa-undervisning-pa-teckensprak\\\/#primaryimage\"},\"thumbnailUrl\":\"https:\\\/\\\/myright.se\\\/wp-content\\\/uploads\\\/2021\\\/11\\\/Mitra-Pantia-scaled.jpg\",\"datePublished\":\"2021-11-26T11:42:53+00:00\",\"dateModified\":\"2023-09-19T13:51:18+00:00\",\"breadcrumb\":{\"@id\":\"https:\\\/\\\/myright.se\\\/sjuariga-mitra-vill-fa-undervisning-pa-teckensprak\\\/#breadcrumb\"},\"inLanguage\":\"en-GB\",\"potentialAction\":[{\"@type\":\"ReadAction\",\"target\":[\"https:\\\/\\\/myright.se\\\/sjuariga-mitra-vill-fa-undervisning-pa-teckensprak\\\/\"]}]},{\"@type\":\"ImageObject\",\"inLanguage\":\"en-GB\",\"@id\":\"https:\\\/\\\/myright.se\\\/sjuariga-mitra-vill-fa-undervisning-pa-teckensprak\\\/#primaryimage\",\"url\":\"https:\\\/\\\/myright.se\\\/wp-content\\\/uploads\\\/2021\\\/11\\\/Mitra-Pantia-scaled.jpg\",\"contentUrl\":\"https:\\\/\\\/myright.se\\\/wp-content\\\/uploads\\\/2021\\\/11\\\/Mitra-Pantia-scaled.jpg\",\"width\":2560,\"height\":1440,\"caption\":\"Mitra har m\u00f6rkt h\u00e5r uppsatt i tv\u00e5 toffsar hon har vit tr\u00f6ja och rosa h\u00e4ngselbyxor hon ler och har ena handen \u00f6ver br\u00f6stet hon st\u00e5r i ett klassrum\"},{\"@type\":\"BreadcrumbList\",\"@id\":\"https:\\\/\\\/myright.se\\\/sjuariga-mitra-vill-fa-undervisning-pa-teckensprak\\\/#breadcrumb\",\"itemListElement\":[{\"@type\":\"ListItem\",\"position\":1,\"name\":\"Hem\",\"item\":\"https:\\\/\\\/myright.se\\\/\"},{\"@type\":\"ListItem\",\"position\":2,\"name\":\"Sju\u00e5riga Mitra vill f\u00e5 undervisning p\u00e5 teckenspr\u00e5k\"}]},{\"@type\":\"WebSite\",\"@id\":\"https:\\\/\\\/myright.se\\\/#website\",\"url\":\"https:\\\/\\\/myright.se\\\/\",\"name\":\"MyRight\",\"description\":\"\",\"publisher\":{\"@id\":\"https:\\\/\\\/myright.se\\\/#organization\"},\"potentialAction\":[{\"@type\":\"SearchAction\",\"target\":{\"@type\":\"EntryPoint\",\"urlTemplate\":\"https:\\\/\\\/myright.se\\\/?s={search_term_string}\"},\"query-input\":{\"@type\":\"PropertyValueSpecification\",\"valueRequired\":true,\"valueName\":\"search_term_string\"}}],\"inLanguage\":\"en-GB\"},{\"@type\":\"Organization\",\"@id\":\"https:\\\/\\\/myright.se\\\/#organization\",\"name\":\"MyRight\",\"url\":\"https:\\\/\\\/myright.se\\\/\",\"logo\":{\"@type\":\"ImageObject\",\"inLanguage\":\"en-GB\",\"@id\":\"https:\\\/\\\/myright.se\\\/#\\\/schema\\\/logo\\\/image\\\/\",\"url\":\"https:\\\/\\\/myright.se\\\/wp-content\\\/uploads\\\/2020\\\/02\\\/Myright_logo_no_text_bredvid.png\",\"contentUrl\":\"https:\\\/\\\/myright.se\\\/wp-content\\\/uploads\\\/2020\\\/02\\\/Myright_logo_no_text_bredvid.png\",\"width\":2751,\"height\":816,\"caption\":\"MyRight\"},\"image\":{\"@id\":\"https:\\\/\\\/myright.se\\\/#\\\/schema\\\/logo\\\/image\\\/\"}},{\"@type\":\"Person\",\"@id\":\"https:\\\/\\\/myright.se\\\/#\\\/schema\\\/person\\\/73a598398a9494d74661326a0c9d55e6\",\"name\":\"Madeleine Jangard\",\"image\":{\"@type\":\"ImageObject\",\"inLanguage\":\"en-GB\",\"@id\":\"https:\\\/\\\/secure.gravatar.com\\\/avatar\\\/78a0b6a77a400e0d80a3a80dd2b429dd02994b0449d439ee5717cc053f07b511?s=96&d=mm&r=g\",\"url\":\"https:\\\/\\\/secure.gravatar.com\\\/avatar\\\/78a0b6a77a400e0d80a3a80dd2b429dd02994b0449d439ee5717cc053f07b511?s=96&d=mm&r=g\",\"contentUrl\":\"https:\\\/\\\/secure.gravatar.com\\\/avatar\\\/78a0b6a77a400e0d80a3a80dd2b429dd02994b0449d439ee5717cc053f07b511?s=96&d=mm&r=g\",\"caption\":\"Madeleine Jangard\"},\"url\":\"http:\\\/\\\/myright.se\\\/en\\\/author\\\/madeleine\\\/\"}]}<\/script>\n<!-- \/ Yoast SEO plugin. -->","yoast_head_json":{"title":"Seven-year-old Mitra wants to be taught in sign language - MyRight","robots":{"index":"index","follow":"follow","max-snippet":"max-snippet:-1","max-image-preview":"max-image-preview:large","max-video-preview":"max-video-preview:-1"},"canonical":"https:\/\/myright.se\/en\/sjuariga-mitra-vill-fa-undervisning-pa-teckensprak\/","og_locale":"en_GB","og_type":"article","og_title":"Sju\u00e5riga Mitra vill f\u00e5 undervisning p\u00e5 teckenspr\u00e5k - MyRight","og_description":"Mitra Panti\u0107 \u00e4r sju \u00e5r och bor i Bijeljina i Bosnien-Hercegovina, hon hoppas att hon snart kan f\u00e5 utbildning p\u00e5 det spr\u00e5k hon kan b\u00e4st \u2013 teckenspr\u00e5k. Mitra Panti\u0107 N\u00e4r Mitra b\u00f6rjade f\u00f6rsta klass i grundskolan, m\u00e4rkte hennes l\u00e4rare att n\u00e5got inte st\u00e4mde. Mitra h\u00e4ngde inte med p\u00e5 lektionerna och verkade inte h\u00f6ra vad som [&hellip;]","og_url":"https:\/\/myright.se\/en\/sjuariga-mitra-vill-fa-undervisning-pa-teckensprak\/","og_site_name":"MyRight","article_published_time":"2021-11-26T11:42:53+00:00","article_modified_time":"2023-09-19T13:51:18+00:00","og_image":[{"width":2560,"height":1440,"url":"https:\/\/myright.se\/wp-content\/uploads\/2021\/11\/Mitra-Pantia-scaled.jpg","type":"image\/jpeg"}],"author":"Madeleine Jangard","twitter_card":"summary_large_image","twitter_misc":{"Written by":"Madeleine Jangard","Estimated reading time":"3 minutes"},"schema":{"@context":"https:\/\/schema.org","@graph":[{"@type":"Article","@id":"https:\/\/myright.se\/sjuariga-mitra-vill-fa-undervisning-pa-teckensprak\/#article","isPartOf":{"@id":"https:\/\/myright.se\/sjuariga-mitra-vill-fa-undervisning-pa-teckensprak\/"},"author":{"name":"Madeleine Jangard","@id":"https:\/\/myright.se\/#\/schema\/person\/73a598398a9494d74661326a0c9d55e6"},"headline":"Sju\u00e5riga Mitra vill f\u00e5 undervisning p\u00e5 teckenspr\u00e5k","datePublished":"2021-11-26T11:42:53+00:00","dateModified":"2023-09-19T13:51:18+00:00","mainEntityOfPage":{"@id":"https:\/\/myright.se\/sjuariga-mitra-vill-fa-undervisning-pa-teckensprak\/"},"wordCount":567,"publisher":{"@id":"https:\/\/myright.se\/#organization"},"image":{"@id":"https:\/\/myright.se\/sjuariga-mitra-vill-fa-undervisning-pa-teckensprak\/#primaryimage"},"thumbnailUrl":"https:\/\/myright.se\/wp-content\/uploads\/2021\/11\/Mitra-Pantia-scaled.jpg","articleSection":["Aktuellt","Ber\u00e4ttelser","Bosnien-Hercegovina","Inkluderande utbildning"],"inLanguage":"en-GB"},{"@type":"WebPage","@id":"https:\/\/myright.se\/sjuariga-mitra-vill-fa-undervisning-pa-teckensprak\/","url":"https:\/\/myright.se\/sjuariga-mitra-vill-fa-undervisning-pa-teckensprak\/","name":"Seven-year-old Mitra wants to be taught in sign language - MyRight","isPartOf":{"@id":"https:\/\/myright.se\/#website"},"primaryImageOfPage":{"@id":"https:\/\/myright.se\/sjuariga-mitra-vill-fa-undervisning-pa-teckensprak\/#primaryimage"},"image":{"@id":"https:\/\/myright.se\/sjuariga-mitra-vill-fa-undervisning-pa-teckensprak\/#primaryimage"},"thumbnailUrl":"https:\/\/myright.se\/wp-content\/uploads\/2021\/11\/Mitra-Pantia-scaled.jpg","datePublished":"2021-11-26T11:42:53+00:00","dateModified":"2023-09-19T13:51:18+00:00","breadcrumb":{"@id":"https:\/\/myright.se\/sjuariga-mitra-vill-fa-undervisning-pa-teckensprak\/#breadcrumb"},"inLanguage":"en-GB","potentialAction":[{"@type":"ReadAction","target":["https:\/\/myright.se\/sjuariga-mitra-vill-fa-undervisning-pa-teckensprak\/"]}]},{"@type":"ImageObject","inLanguage":"en-GB","@id":"https:\/\/myright.se\/sjuariga-mitra-vill-fa-undervisning-pa-teckensprak\/#primaryimage","url":"https:\/\/myright.se\/wp-content\/uploads\/2021\/11\/Mitra-Pantia-scaled.jpg","contentUrl":"https:\/\/myright.se\/wp-content\/uploads\/2021\/11\/Mitra-Pantia-scaled.jpg","width":2560,"height":1440,"caption":"Mitra har m\u00f6rkt h\u00e5r uppsatt i tv\u00e5 toffsar hon har vit tr\u00f6ja och rosa h\u00e4ngselbyxor hon ler och har ena handen \u00f6ver br\u00f6stet hon st\u00e5r i ett klassrum"},{"@type":"BreadcrumbList","@id":"https:\/\/myright.se\/sjuariga-mitra-vill-fa-undervisning-pa-teckensprak\/#breadcrumb","itemListElement":[{"@type":"ListItem","position":1,"name":"Hem","item":"https:\/\/myright.se\/"},{"@type":"ListItem","position":2,"name":"Sju\u00e5riga Mitra vill f\u00e5 undervisning p\u00e5 teckenspr\u00e5k"}]},{"@type":"WebSite","@id":"https:\/\/myright.se\/#website","url":"https:\/\/myright.se\/","name":"MyRight","description":"","publisher":{"@id":"https:\/\/myright.se\/#organization"},"potentialAction":[{"@type":"SearchAction","target":{"@type":"EntryPoint","urlTemplate":"https:\/\/myright.se\/?s={search_term_string}"},"query-input":{"@type":"PropertyValueSpecification","valueRequired":true,"valueName":"search_term_string"}}],"inLanguage":"en-GB"},{"@type":"Organization","@id":"https:\/\/myright.se\/#organization","name":"MyRight","url":"https:\/\/myright.se\/","logo":{"@type":"ImageObject","inLanguage":"en-GB","@id":"https:\/\/myright.se\/#\/schema\/logo\/image\/","url":"https:\/\/myright.se\/wp-content\/uploads\/2020\/02\/Myright_logo_no_text_bredvid.png","contentUrl":"https:\/\/myright.se\/wp-content\/uploads\/2020\/02\/Myright_logo_no_text_bredvid.png","width":2751,"height":816,"caption":"MyRight"},"image":{"@id":"https:\/\/myright.se\/#\/schema\/logo\/image\/"}},{"@type":"Person","@id":"https:\/\/myright.se\/#\/schema\/person\/73a598398a9494d74661326a0c9d55e6","name":"Madeleine Jangard","image":{"@type":"ImageObject","inLanguage":"en-GB","@id":"https:\/\/secure.gravatar.com\/avatar\/78a0b6a77a400e0d80a3a80dd2b429dd02994b0449d439ee5717cc053f07b511?s=96&d=mm&r=g","url":"https:\/\/secure.gravatar.com\/avatar\/78a0b6a77a400e0d80a3a80dd2b429dd02994b0449d439ee5717cc053f07b511?s=96&d=mm&r=g","contentUrl":"https:\/\/secure.gravatar.com\/avatar\/78a0b6a77a400e0d80a3a80dd2b429dd02994b0449d439ee5717cc053f07b511?s=96&d=mm&r=g","caption":"Madeleine Jangard"},"url":"http:\/\/myright.se\/en\/author\/madeleine\/"}]}},"_links":{"self":[{"href":"http:\/\/myright.se\/en\/wp-json\/wp\/v2\/posts\/18693","targetHints":{"allow":["GET"]}}],"collection":[{"href":"http:\/\/myright.se\/en\/wp-json\/wp\/v2\/posts"}],"about":[{"href":"http:\/\/myright.se\/en\/wp-json\/wp\/v2\/types\/post"}],"author":[{"embeddable":true,"href":"http:\/\/myright.se\/en\/wp-json\/wp\/v2\/users\/2"}],"replies":[{"embeddable":true,"href":"http:\/\/myright.se\/en\/wp-json\/wp\/v2\/comments?post=18693"}],"version-history":[{"count":45,"href":"http:\/\/myright.se\/en\/wp-json\/wp\/v2\/posts\/18693\/revisions"}],"predecessor-version":[{"id":23482,"href":"http:\/\/myright.se\/en\/wp-json\/wp\/v2\/posts\/18693\/revisions\/23482"}],"wp:featuredmedia":[{"embeddable":true,"href":"http:\/\/myright.se\/en\/wp-json\/wp\/v2\/media\/18695"}],"wp:attachment":[{"href":"http:\/\/myright.se\/en\/wp-json\/wp\/v2\/media?parent=18693"}],"wp:term":[{"taxonomy":"category","embeddable":true,"href":"http:\/\/myright.se\/en\/wp-json\/wp\/v2\/categories?post=18693"},{"taxonomy":"post_tag","embeddable":true,"href":"http:\/\/myright.se\/en\/wp-json\/wp\/v2\/tags?post=18693"}],"curies":[{"name":"wp","href":"https:\/\/api.w.org\/{rel}","templated":true}]}}