{"id":19722,"date":"2022-04-22T09:34:16","date_gmt":"2022-04-22T08:34:16","guid":{"rendered":"https:\/\/myright.se\/?p=19722"},"modified":"2022-04-22T09:34:16","modified_gmt":"2022-04-22T08:34:16","slug":"systrarna-cristiana-och-rosario","status":"publish","type":"post","link":"http:\/\/myright.se\/en\/systrarna-cristiana-och-rosario\/","title":{"rendered":"Sisters Cristiana and Rosario"},"content":{"rendered":"<div data-elementor-type=\"wp-post\" data-elementor-id=\"19722\" class=\"elementor elementor-19722\" data-elementor-post-type=\"post\">\n\t\t\t\t\t\t<section class=\"elementor-section elementor-top-section elementor-element elementor-element-4019ddb elementor-section-boxed elementor-section-height-default elementor-section-height-default\" data-id=\"4019ddb\" data-element_type=\"section\" data-e-type=\"section\">\n\t\t\t\t\t\t<div class=\"elementor-container elementor-column-gap-default\">\n\t\t\t\t\t<div class=\"elementor-column elementor-col-100 elementor-top-column elementor-element elementor-element-deb4674\" data-id=\"deb4674\" data-element_type=\"column\" data-e-type=\"column\">\n\t\t\t<div class=\"elementor-widget-wrap elementor-element-populated\">\n\t\t\t\t\t\t<div class=\"elementor-element elementor-element-9c8981d elementor-widget elementor-widget-text-editor\" data-id=\"9c8981d\" data-element_type=\"widget\" data-e-type=\"widget\" data-widget_type=\"text-editor.default\">\n\t\t\t\t<div class=\"elementor-widget-container\">\n\t\t\t\t\t\t\t\t\t<p><strong>Cristiana Fonseca Mayorga and Rosario Fonseca Mayorga are twin sisters who were both born deaf. They are 19 years old and live in Managua, Nicaragua. The sisters have struggled in various ways to achieve their goals within the school.<\/strong><\/p>\t\t\t\t\t\t\t\t<\/div>\n\t\t\t\t<\/div>\n\t\t\t\t\t<\/div>\n\t\t<\/div>\n\t\t\t\t\t<\/div>\n\t\t<\/section>\n\t\t\t\t<section class=\"elementor-section elementor-top-section elementor-element elementor-element-653816a elementor-section-boxed elementor-section-height-default elementor-section-height-default\" data-id=\"653816a\" data-element_type=\"section\" data-e-type=\"section\">\n\t\t\t\t\t\t<div class=\"elementor-container elementor-column-gap-default\">\n\t\t\t\t\t<div class=\"elementor-column elementor-col-100 elementor-top-column elementor-element elementor-element-e2b6d43\" data-id=\"e2b6d43\" data-element_type=\"column\" data-e-type=\"column\">\n\t\t\t<div class=\"elementor-widget-wrap elementor-element-populated\">\n\t\t\t\t\t\t<div class=\"elementor-element elementor-element-0314f37 elementor-widget elementor-widget-image\" data-id=\"0314f37\" data-element_type=\"widget\" data-e-type=\"widget\" data-widget_type=\"image.default\">\n\t\t\t\t<div class=\"elementor-widget-container\">\n\t\t\t\t\t\t\t\t\t\t\t\t<figure class=\"wp-caption\">\n\t\t\t\t\t\t\t\t\t\t<img fetchpriority=\"high\" decoding=\"async\" width=\"580\" height=\"326\" src=\"https:\/\/myright.se\/wp-content\/uploads\/2022\/04\/Imagen31-1024x576.jpg\" class=\"attachment-large size-large wp-image-19723\" alt=\"the twin sisters sit next to each other on each other&#039;s chairs, Cristiana on the left looks at Rosario drawing towards the camera\" srcset=\"https:\/\/myright.se\/wp-content\/uploads\/2022\/04\/Imagen31-1024x576.jpg 1024w, https:\/\/myright.se\/wp-content\/uploads\/2022\/04\/Imagen31-300x169.jpg 300w, https:\/\/myright.se\/wp-content\/uploads\/2022\/04\/Imagen31-768x432.jpg 768w, https:\/\/myright.se\/wp-content\/uploads\/2022\/04\/Imagen31-1536x864.jpg 1536w, https:\/\/myright.se\/wp-content\/uploads\/2022\/04\/Imagen31-18x10.jpg 18w, https:\/\/myright.se\/wp-content\/uploads\/2022\/04\/Imagen31-1200x675.jpg 1200w, https:\/\/myright.se\/wp-content\/uploads\/2022\/04\/Imagen31-600x338.jpg 600w, https:\/\/myright.se\/wp-content\/uploads\/2022\/04\/Imagen31.jpg 1920w\" sizes=\"(max-width: 580px) 100vw, 580px\" \/>\t\t\t\t\t\t\t\t\t\t\t<figcaption class=\"widget-image-caption wp-caption-text\">Cristiana Fonseca Mayorga and Rosario Fonseca Mayorga<\/figcaption>\n\t\t\t\t\t\t\t\t\t\t<\/figure>\n\t\t\t\t\t\t\t\t\t<\/div>\n\t\t\t\t<\/div>\n\t\t\t\t\t<\/div>\n\t\t<\/div>\n\t\t\t\t\t<\/div>\n\t\t<\/section>\n\t\t\t\t<section class=\"elementor-section elementor-top-section elementor-element elementor-element-0272d80 elementor-section-boxed elementor-section-height-default elementor-section-height-default\" data-id=\"0272d80\" data-element_type=\"section\" data-e-type=\"section\">\n\t\t\t\t\t\t<div class=\"elementor-container elementor-column-gap-default\">\n\t\t\t\t\t<div class=\"elementor-column elementor-col-100 elementor-top-column elementor-element elementor-element-037e7e1\" data-id=\"037e7e1\" data-element_type=\"column\" data-e-type=\"column\">\n\t\t\t<div class=\"elementor-widget-wrap elementor-element-populated\">\n\t\t\t\t\t\t<div class=\"elementor-element elementor-element-a70036e elementor-widget elementor-widget-text-editor\" data-id=\"a70036e\" data-element_type=\"widget\" data-e-type=\"widget\" data-widget_type=\"text-editor.default\">\n\t\t\t\t<div class=\"elementor-widget-container\">\n\t\t\t\t\t\t\t\t\t<p>Cristiana and Rosario went to preschool together where they tried to learn the alphabet and simpler signs, but the teachers did not know sign language and it eventually became too difficult for the sisters to follow the teaching. They then received help from the organization Los Pipitos, which arranged for the girls to enter a special school where there was competence for teaching deaf students.<\/p><p>The sisters continued to go to school together until they finished grade six. Then Cristiana quickly moved on through high school and up to high school. After high school, Cristiana was proud and happy that she graduated and also with very good grades. She longed to continue her studies at the university but doubted whether it would be possible. Cristiana still took the chance and started studying at the university - without an interpreter. To communicate with teachers and her classmates, she wrote messages on notes and in via her mobile.<\/p><p>-It was very, very difficult not to have a sign language interpreter to help, but everyone was impressed that I, as a deaf person, managed university studies at the same level as everyone else, says Cristiania.<\/p><p>Cristiana kept her patience even though it was difficult, and the school finally managed to arrange so that she now has a sign language interpreter to support the school.<\/p>\t\t\t\t\t\t\t\t<\/div>\n\t\t\t\t<\/div>\n\t\t\t\t\t<\/div>\n\t\t<\/div>\n\t\t\t\t\t<\/div>\n\t\t<\/section>\n\t\t\t\t<section class=\"elementor-section elementor-top-section elementor-element elementor-element-45f3863 elementor-section-boxed elementor-section-height-default elementor-section-height-default\" data-id=\"45f3863\" data-element_type=\"section\" data-e-type=\"section\">\n\t\t\t\t\t\t<div class=\"elementor-container elementor-column-gap-default\">\n\t\t\t\t\t<div class=\"elementor-column elementor-col-100 elementor-top-column elementor-element elementor-element-cd6d8c5\" data-id=\"cd6d8c5\" data-element_type=\"column\" data-e-type=\"column\">\n\t\t\t<div class=\"elementor-widget-wrap elementor-element-populated\">\n\t\t\t\t\t\t<div class=\"elementor-element elementor-element-1b99689 elementor-widget elementor-widget-image\" data-id=\"1b99689\" data-element_type=\"widget\" data-e-type=\"widget\" data-widget_type=\"image.default\">\n\t\t\t\t<div class=\"elementor-widget-container\">\n\t\t\t\t\t\t\t\t\t\t\t\t<figure class=\"wp-caption\">\n\t\t\t\t\t\t\t\t\t\t<img decoding=\"async\" width=\"580\" height=\"326\" src=\"https:\/\/myright.se\/wp-content\/uploads\/2022\/04\/Imagen30-1024x576.jpg\" class=\"attachment-large size-large wp-image-19725\" alt=\"Cristiana is typing on her mobile phone, she has dark hair and glasses\" srcset=\"https:\/\/myright.se\/wp-content\/uploads\/2022\/04\/Imagen30-1024x576.jpg 1024w, https:\/\/myright.se\/wp-content\/uploads\/2022\/04\/Imagen30-300x169.jpg 300w, https:\/\/myright.se\/wp-content\/uploads\/2022\/04\/Imagen30-768x432.jpg 768w, https:\/\/myright.se\/wp-content\/uploads\/2022\/04\/Imagen30-1536x864.jpg 1536w, https:\/\/myright.se\/wp-content\/uploads\/2022\/04\/Imagen30-18x10.jpg 18w, https:\/\/myright.se\/wp-content\/uploads\/2022\/04\/Imagen30-1200x675.jpg 1200w, https:\/\/myright.se\/wp-content\/uploads\/2022\/04\/Imagen30-600x338.jpg 600w, https:\/\/myright.se\/wp-content\/uploads\/2022\/04\/Imagen30.jpg 1920w\" sizes=\"(max-width: 580px) 100vw, 580px\" \/>\t\t\t\t\t\t\t\t\t\t\t<figcaption class=\"widget-image-caption wp-caption-text\">Cristiana Fonseca Mayorga<\/figcaption>\n\t\t\t\t\t\t\t\t\t\t<\/figure>\n\t\t\t\t\t\t\t\t\t<\/div>\n\t\t\t\t<\/div>\n\t\t\t\t\t<\/div>\n\t\t<\/div>\n\t\t\t\t\t<\/div>\n\t\t<\/section>\n\t\t\t\t<section class=\"elementor-section elementor-top-section elementor-element elementor-element-6800f0f elementor-section-boxed elementor-section-height-default elementor-section-height-default\" data-id=\"6800f0f\" data-element_type=\"section\" data-e-type=\"section\">\n\t\t\t\t\t\t<div class=\"elementor-container elementor-column-gap-default\">\n\t\t\t\t\t<div class=\"elementor-column elementor-col-100 elementor-top-column elementor-element elementor-element-212f0ea\" data-id=\"212f0ea\" data-element_type=\"column\" data-e-type=\"column\">\n\t\t\t<div class=\"elementor-widget-wrap elementor-element-populated\">\n\t\t\t\t\t\t<div class=\"elementor-element elementor-element-fbb3be5 elementor-widget elementor-widget-text-editor\" data-id=\"fbb3be5\" data-element_type=\"widget\" data-e-type=\"widget\" data-widget_type=\"text-editor.default\">\n\t\t\t\t<div class=\"elementor-widget-container\">\n\t\t\t\t\t\t\t\t\t<p>For Rosario, the journey to high school was not as easy. She struggled to pass the six and had to retake the final exams several times but was encouraged and encouraged by her teachers that she would pass it. Rosario overcame his difficulties and is now in his final year of high school.<\/p><p>-My next challenge will be the university, I have seen how my sister has fought and it motivates me to continue, says Rosario.<\/p>\t\t\t\t\t\t\t\t<\/div>\n\t\t\t\t<\/div>\n\t\t\t\t\t<\/div>\n\t\t<\/div>\n\t\t\t\t\t<\/div>\n\t\t<\/section>\n\t\t\t\t<section class=\"elementor-section elementor-top-section elementor-element elementor-element-c4e6e33 elementor-section-boxed elementor-section-height-default elementor-section-height-default\" data-id=\"c4e6e33\" data-element_type=\"section\" data-e-type=\"section\">\n\t\t\t\t\t\t<div class=\"elementor-container elementor-column-gap-default\">\n\t\t\t\t\t<div class=\"elementor-column elementor-col-100 elementor-top-column elementor-element elementor-element-5c2bdc0\" data-id=\"5c2bdc0\" data-element_type=\"column\" data-e-type=\"column\">\n\t\t\t<div class=\"elementor-widget-wrap elementor-element-populated\">\n\t\t\t\t\t\t<div class=\"elementor-element elementor-element-23a3af7 elementor-widget elementor-widget-image\" data-id=\"23a3af7\" data-element_type=\"widget\" data-e-type=\"widget\" data-widget_type=\"image.default\">\n\t\t\t\t<div class=\"elementor-widget-container\">\n\t\t\t\t\t\t\t\t\t\t\t\t<figure class=\"wp-caption\">\n\t\t\t\t\t\t\t\t\t\t<img decoding=\"async\" width=\"580\" height=\"326\" src=\"https:\/\/myright.se\/wp-content\/uploads\/2022\/04\/Imagen32-1024x576.jpg\" class=\"attachment-large size-large wp-image-19732\" alt=\"Rosario sits and writes in a notepad she has brown hair and glasses\" srcset=\"https:\/\/myright.se\/wp-content\/uploads\/2022\/04\/Imagen32-1024x576.jpg 1024w, https:\/\/myright.se\/wp-content\/uploads\/2022\/04\/Imagen32-300x169.jpg 300w, https:\/\/myright.se\/wp-content\/uploads\/2022\/04\/Imagen32-768x432.jpg 768w, https:\/\/myright.se\/wp-content\/uploads\/2022\/04\/Imagen32-1536x864.jpg 1536w, https:\/\/myright.se\/wp-content\/uploads\/2022\/04\/Imagen32-18x10.jpg 18w, https:\/\/myright.se\/wp-content\/uploads\/2022\/04\/Imagen32-1200x675.jpg 1200w, https:\/\/myright.se\/wp-content\/uploads\/2022\/04\/Imagen32-600x338.jpg 600w, https:\/\/myright.se\/wp-content\/uploads\/2022\/04\/Imagen32.jpg 1920w\" sizes=\"(max-width: 580px) 100vw, 580px\" \/>\t\t\t\t\t\t\t\t\t\t\t<figcaption class=\"widget-image-caption wp-caption-text\">Rosario Fonseca Mayorga<\/figcaption>\n\t\t\t\t\t\t\t\t\t\t<\/figure>\n\t\t\t\t\t\t\t\t\t<\/div>\n\t\t\t\t<\/div>\n\t\t\t\t\t<\/div>\n\t\t<\/div>\n\t\t\t\t\t<\/div>\n\t\t<\/section>\n\t\t\t\t<\/div>","protected":false},"excerpt":{"rendered":"<p>Cristiana Fonseca Mayorga och Rosario Fonseca Mayorga \u00e4r tvillingsystrar som b\u00e5da f\u00f6ddes d\u00f6va. De \u00e4r 19 \u00e5r gamla och bor i Managua, Nicaragua. Systrarna har p\u00e5 olika s\u00e4tt k\u00e4mpat f\u00f6r att n\u00e5 sina m\u00e5l inom skolan. Cristiana Fonseca Mayorga och Rosario Fonseca Mayorga Cristiana och Rosario gick tillsammans p\u00e5 f\u00f6rskolan d\u00e4r de f\u00f6rs\u00f6kte l\u00e4ra sig [&hellip;]<\/p>\n","protected":false},"author":2,"featured_media":19723,"comment_status":"closed","ping_status":"closed","sticky":false,"template":"","format":"standard","meta":{"footnotes":""},"categories":[49,37,89,41],"tags":[],"class_list":["post-19722","post","type-post","status-publish","format-standard","has-post-thumbnail","hentry","category-aktuellt","category-berattelser","category-inkluderande-utbildning","category-nicaragua"],"yoast_head":"<!-- This site is optimized with the Yoast SEO plugin v27.5 - https:\/\/yoast.com\/product\/yoast-seo-wordpress\/ -->\n<title>Systrarna Cristiana och Rosario - MyRight<\/title>\n<meta name=\"robots\" content=\"index, follow, max-snippet:-1, max-image-preview:large, max-video-preview:-1\" \/>\n<link rel=\"canonical\" href=\"https:\/\/myright.se\/en\/bs\/systrarna-cristiana-och-rosario\/\" \/>\n<meta property=\"og:locale\" content=\"en_GB\" \/>\n<meta property=\"og:type\" content=\"article\" \/>\n<meta property=\"og:title\" content=\"Systrarna Cristiana och Rosario - MyRight\" \/>\n<meta property=\"og:description\" content=\"Cristiana Fonseca Mayorga och Rosario Fonseca Mayorga \u00e4r tvillingsystrar som b\u00e5da f\u00f6ddes d\u00f6va. De \u00e4r 19 \u00e5r gamla och bor i Managua, Nicaragua. Systrarna har p\u00e5 olika s\u00e4tt k\u00e4mpat f\u00f6r att n\u00e5 sina m\u00e5l inom skolan. Cristiana Fonseca Mayorga och Rosario Fonseca Mayorga Cristiana och Rosario gick tillsammans p\u00e5 f\u00f6rskolan d\u00e4r de f\u00f6rs\u00f6kte l\u00e4ra sig [&hellip;]\" \/>\n<meta property=\"og:url\" content=\"https:\/\/myright.se\/en\/bs\/systrarna-cristiana-och-rosario\/\" \/>\n<meta property=\"og:site_name\" content=\"MyRight\" \/>\n<meta property=\"article:published_time\" content=\"2022-04-22T08:34:16+00:00\" \/>\n<meta property=\"og:image\" content=\"https:\/\/myright.se\/wp-content\/uploads\/2022\/04\/Imagen31.jpg\" \/>\n\t<meta property=\"og:image:width\" content=\"1920\" \/>\n\t<meta property=\"og:image:height\" content=\"1080\" \/>\n\t<meta property=\"og:image:type\" content=\"image\/jpeg\" \/>\n<meta name=\"author\" content=\"Madeleine Jangard\" \/>\n<meta name=\"twitter:card\" content=\"summary_large_image\" \/>\n<meta name=\"twitter:label1\" content=\"Written by\" \/>\n\t<meta name=\"twitter:data1\" content=\"Madeleine Jangard\" \/>\n\t<meta name=\"twitter:label2\" content=\"Estimated reading time\" \/>\n\t<meta name=\"twitter:data2\" content=\"3 minutes\" \/>\n<script type=\"application\/ld+json\" class=\"yoast-schema-graph\">{\"@context\":\"https:\\\/\\\/schema.org\",\"@graph\":[{\"@type\":\"Article\",\"@id\":\"https:\\\/\\\/myright.se\\\/bs\\\/systrarna-cristiana-och-rosario\\\/#article\",\"isPartOf\":{\"@id\":\"https:\\\/\\\/myright.se\\\/bs\\\/systrarna-cristiana-och-rosario\\\/\"},\"author\":{\"name\":\"Madeleine Jangard\",\"@id\":\"https:\\\/\\\/myright.se\\\/#\\\/schema\\\/person\\\/73a598398a9494d74661326a0c9d55e6\"},\"headline\":\"Systrarna Cristiana och Rosario\",\"datePublished\":\"2022-04-22T08:34:16+00:00\",\"mainEntityOfPage\":{\"@id\":\"https:\\\/\\\/myright.se\\\/bs\\\/systrarna-cristiana-och-rosario\\\/\"},\"wordCount\":385,\"publisher\":{\"@id\":\"https:\\\/\\\/myright.se\\\/#organization\"},\"image\":{\"@id\":\"https:\\\/\\\/myright.se\\\/bs\\\/systrarna-cristiana-och-rosario\\\/#primaryimage\"},\"thumbnailUrl\":\"https:\\\/\\\/myright.se\\\/wp-content\\\/uploads\\\/2022\\\/04\\\/Imagen31.jpg\",\"articleSection\":[\"Aktuellt\",\"Ber\u00e4ttelser\",\"Inkluderande utbildning\",\"Nicaragua\"],\"inLanguage\":\"en-GB\"},{\"@type\":\"WebPage\",\"@id\":\"https:\\\/\\\/myright.se\\\/bs\\\/systrarna-cristiana-och-rosario\\\/\",\"url\":\"https:\\\/\\\/myright.se\\\/bs\\\/systrarna-cristiana-och-rosario\\\/\",\"name\":\"Systrarna Cristiana och Rosario - MyRight\",\"isPartOf\":{\"@id\":\"https:\\\/\\\/myright.se\\\/#website\"},\"primaryImageOfPage\":{\"@id\":\"https:\\\/\\\/myright.se\\\/bs\\\/systrarna-cristiana-och-rosario\\\/#primaryimage\"},\"image\":{\"@id\":\"https:\\\/\\\/myright.se\\\/bs\\\/systrarna-cristiana-och-rosario\\\/#primaryimage\"},\"thumbnailUrl\":\"https:\\\/\\\/myright.se\\\/wp-content\\\/uploads\\\/2022\\\/04\\\/Imagen31.jpg\",\"datePublished\":\"2022-04-22T08:34:16+00:00\",\"breadcrumb\":{\"@id\":\"https:\\\/\\\/myright.se\\\/bs\\\/systrarna-cristiana-och-rosario\\\/#breadcrumb\"},\"inLanguage\":\"en-GB\",\"potentialAction\":[{\"@type\":\"ReadAction\",\"target\":[\"https:\\\/\\\/myright.se\\\/bs\\\/systrarna-cristiana-och-rosario\\\/\"]}]},{\"@type\":\"ImageObject\",\"inLanguage\":\"en-GB\",\"@id\":\"https:\\\/\\\/myright.se\\\/bs\\\/systrarna-cristiana-och-rosario\\\/#primaryimage\",\"url\":\"https:\\\/\\\/myright.se\\\/wp-content\\\/uploads\\\/2022\\\/04\\\/Imagen31.jpg\",\"contentUrl\":\"https:\\\/\\\/myright.se\\\/wp-content\\\/uploads\\\/2022\\\/04\\\/Imagen31.jpg\",\"width\":1920,\"height\":1080,\"caption\":\"Cristiana Fonseca Mayorga och Rosario Fonseca Mayorga\"},{\"@type\":\"BreadcrumbList\",\"@id\":\"https:\\\/\\\/myright.se\\\/bs\\\/systrarna-cristiana-och-rosario\\\/#breadcrumb\",\"itemListElement\":[{\"@type\":\"ListItem\",\"position\":1,\"name\":\"Hem\",\"item\":\"https:\\\/\\\/myright.se\\\/\"},{\"@type\":\"ListItem\",\"position\":2,\"name\":\"Systrarna Cristiana och Rosario\"}]},{\"@type\":\"WebSite\",\"@id\":\"https:\\\/\\\/myright.se\\\/#website\",\"url\":\"https:\\\/\\\/myright.se\\\/\",\"name\":\"MyRight\",\"description\":\"\",\"publisher\":{\"@id\":\"https:\\\/\\\/myright.se\\\/#organization\"},\"potentialAction\":[{\"@type\":\"SearchAction\",\"target\":{\"@type\":\"EntryPoint\",\"urlTemplate\":\"https:\\\/\\\/myright.se\\\/?s={search_term_string}\"},\"query-input\":{\"@type\":\"PropertyValueSpecification\",\"valueRequired\":true,\"valueName\":\"search_term_string\"}}],\"inLanguage\":\"en-GB\"},{\"@type\":\"Organization\",\"@id\":\"https:\\\/\\\/myright.se\\\/#organization\",\"name\":\"MyRight\",\"url\":\"https:\\\/\\\/myright.se\\\/\",\"logo\":{\"@type\":\"ImageObject\",\"inLanguage\":\"en-GB\",\"@id\":\"https:\\\/\\\/myright.se\\\/#\\\/schema\\\/logo\\\/image\\\/\",\"url\":\"https:\\\/\\\/myright.se\\\/wp-content\\\/uploads\\\/2020\\\/02\\\/Myright_logo_no_text_bredvid.png\",\"contentUrl\":\"https:\\\/\\\/myright.se\\\/wp-content\\\/uploads\\\/2020\\\/02\\\/Myright_logo_no_text_bredvid.png\",\"width\":2751,\"height\":816,\"caption\":\"MyRight\"},\"image\":{\"@id\":\"https:\\\/\\\/myright.se\\\/#\\\/schema\\\/logo\\\/image\\\/\"}},{\"@type\":\"Person\",\"@id\":\"https:\\\/\\\/myright.se\\\/#\\\/schema\\\/person\\\/73a598398a9494d74661326a0c9d55e6\",\"name\":\"Madeleine Jangard\",\"image\":{\"@type\":\"ImageObject\",\"inLanguage\":\"en-GB\",\"@id\":\"https:\\\/\\\/secure.gravatar.com\\\/avatar\\\/78a0b6a77a400e0d80a3a80dd2b429dd02994b0449d439ee5717cc053f07b511?s=96&d=mm&r=g\",\"url\":\"https:\\\/\\\/secure.gravatar.com\\\/avatar\\\/78a0b6a77a400e0d80a3a80dd2b429dd02994b0449d439ee5717cc053f07b511?s=96&d=mm&r=g\",\"contentUrl\":\"https:\\\/\\\/secure.gravatar.com\\\/avatar\\\/78a0b6a77a400e0d80a3a80dd2b429dd02994b0449d439ee5717cc053f07b511?s=96&d=mm&r=g\",\"caption\":\"Madeleine Jangard\"},\"url\":\"http:\\\/\\\/myright.se\\\/en\\\/author\\\/madeleine\\\/\"}]}<\/script>\n<!-- \/ Yoast SEO plugin. -->","yoast_head_json":{"title":"Sisters Cristiana and Rosario - MyRight","robots":{"index":"index","follow":"follow","max-snippet":"max-snippet:-1","max-image-preview":"max-image-preview:large","max-video-preview":"max-video-preview:-1"},"canonical":"https:\/\/myright.se\/en\/bs\/systrarna-cristiana-och-rosario\/","og_locale":"en_GB","og_type":"article","og_title":"Systrarna Cristiana och Rosario - MyRight","og_description":"Cristiana Fonseca Mayorga och Rosario Fonseca Mayorga \u00e4r tvillingsystrar som b\u00e5da f\u00f6ddes d\u00f6va. De \u00e4r 19 \u00e5r gamla och bor i Managua, Nicaragua. Systrarna har p\u00e5 olika s\u00e4tt k\u00e4mpat f\u00f6r att n\u00e5 sina m\u00e5l inom skolan. Cristiana Fonseca Mayorga och Rosario Fonseca Mayorga Cristiana och Rosario gick tillsammans p\u00e5 f\u00f6rskolan d\u00e4r de f\u00f6rs\u00f6kte l\u00e4ra sig [&hellip;]","og_url":"https:\/\/myright.se\/en\/bs\/systrarna-cristiana-och-rosario\/","og_site_name":"MyRight","article_published_time":"2022-04-22T08:34:16+00:00","og_image":[{"width":1920,"height":1080,"url":"https:\/\/myright.se\/wp-content\/uploads\/2022\/04\/Imagen31.jpg","type":"image\/jpeg"}],"author":"Madeleine Jangard","twitter_card":"summary_large_image","twitter_misc":{"Written by":"Madeleine Jangard","Estimated reading time":"3 minutes"},"schema":{"@context":"https:\/\/schema.org","@graph":[{"@type":"Article","@id":"https:\/\/myright.se\/bs\/systrarna-cristiana-och-rosario\/#article","isPartOf":{"@id":"https:\/\/myright.se\/bs\/systrarna-cristiana-och-rosario\/"},"author":{"name":"Madeleine Jangard","@id":"https:\/\/myright.se\/#\/schema\/person\/73a598398a9494d74661326a0c9d55e6"},"headline":"Systrarna Cristiana och Rosario","datePublished":"2022-04-22T08:34:16+00:00","mainEntityOfPage":{"@id":"https:\/\/myright.se\/bs\/systrarna-cristiana-och-rosario\/"},"wordCount":385,"publisher":{"@id":"https:\/\/myright.se\/#organization"},"image":{"@id":"https:\/\/myright.se\/bs\/systrarna-cristiana-och-rosario\/#primaryimage"},"thumbnailUrl":"https:\/\/myright.se\/wp-content\/uploads\/2022\/04\/Imagen31.jpg","articleSection":["Aktuellt","Ber\u00e4ttelser","Inkluderande utbildning","Nicaragua"],"inLanguage":"en-GB"},{"@type":"WebPage","@id":"https:\/\/myright.se\/bs\/systrarna-cristiana-och-rosario\/","url":"https:\/\/myright.se\/bs\/systrarna-cristiana-och-rosario\/","name":"Sisters Cristiana and Rosario - MyRight","isPartOf":{"@id":"https:\/\/myright.se\/#website"},"primaryImageOfPage":{"@id":"https:\/\/myright.se\/bs\/systrarna-cristiana-och-rosario\/#primaryimage"},"image":{"@id":"https:\/\/myright.se\/bs\/systrarna-cristiana-och-rosario\/#primaryimage"},"thumbnailUrl":"https:\/\/myright.se\/wp-content\/uploads\/2022\/04\/Imagen31.jpg","datePublished":"2022-04-22T08:34:16+00:00","breadcrumb":{"@id":"https:\/\/myright.se\/bs\/systrarna-cristiana-och-rosario\/#breadcrumb"},"inLanguage":"en-GB","potentialAction":[{"@type":"ReadAction","target":["https:\/\/myright.se\/bs\/systrarna-cristiana-och-rosario\/"]}]},{"@type":"ImageObject","inLanguage":"en-GB","@id":"https:\/\/myright.se\/bs\/systrarna-cristiana-och-rosario\/#primaryimage","url":"https:\/\/myright.se\/wp-content\/uploads\/2022\/04\/Imagen31.jpg","contentUrl":"https:\/\/myright.se\/wp-content\/uploads\/2022\/04\/Imagen31.jpg","width":1920,"height":1080,"caption":"Cristiana Fonseca Mayorga och Rosario Fonseca Mayorga"},{"@type":"BreadcrumbList","@id":"https:\/\/myright.se\/bs\/systrarna-cristiana-och-rosario\/#breadcrumb","itemListElement":[{"@type":"ListItem","position":1,"name":"Hem","item":"https:\/\/myright.se\/"},{"@type":"ListItem","position":2,"name":"Systrarna Cristiana och Rosario"}]},{"@type":"WebSite","@id":"https:\/\/myright.se\/#website","url":"https:\/\/myright.se\/","name":"MyRight","description":"","publisher":{"@id":"https:\/\/myright.se\/#organization"},"potentialAction":[{"@type":"SearchAction","target":{"@type":"EntryPoint","urlTemplate":"https:\/\/myright.se\/?s={search_term_string}"},"query-input":{"@type":"PropertyValueSpecification","valueRequired":true,"valueName":"search_term_string"}}],"inLanguage":"en-GB"},{"@type":"Organization","@id":"https:\/\/myright.se\/#organization","name":"MyRight","url":"https:\/\/myright.se\/","logo":{"@type":"ImageObject","inLanguage":"en-GB","@id":"https:\/\/myright.se\/#\/schema\/logo\/image\/","url":"https:\/\/myright.se\/wp-content\/uploads\/2020\/02\/Myright_logo_no_text_bredvid.png","contentUrl":"https:\/\/myright.se\/wp-content\/uploads\/2020\/02\/Myright_logo_no_text_bredvid.png","width":2751,"height":816,"caption":"MyRight"},"image":{"@id":"https:\/\/myright.se\/#\/schema\/logo\/image\/"}},{"@type":"Person","@id":"https:\/\/myright.se\/#\/schema\/person\/73a598398a9494d74661326a0c9d55e6","name":"Madeleine Jangard","image":{"@type":"ImageObject","inLanguage":"en-GB","@id":"https:\/\/secure.gravatar.com\/avatar\/78a0b6a77a400e0d80a3a80dd2b429dd02994b0449d439ee5717cc053f07b511?s=96&d=mm&r=g","url":"https:\/\/secure.gravatar.com\/avatar\/78a0b6a77a400e0d80a3a80dd2b429dd02994b0449d439ee5717cc053f07b511?s=96&d=mm&r=g","contentUrl":"https:\/\/secure.gravatar.com\/avatar\/78a0b6a77a400e0d80a3a80dd2b429dd02994b0449d439ee5717cc053f07b511?s=96&d=mm&r=g","caption":"Madeleine Jangard"},"url":"http:\/\/myright.se\/en\/author\/madeleine\/"}]}},"_links":{"self":[{"href":"http:\/\/myright.se\/en\/wp-json\/wp\/v2\/posts\/19722","targetHints":{"allow":["GET"]}}],"collection":[{"href":"http:\/\/myright.se\/en\/wp-json\/wp\/v2\/posts"}],"about":[{"href":"http:\/\/myright.se\/en\/wp-json\/wp\/v2\/types\/post"}],"author":[{"embeddable":true,"href":"http:\/\/myright.se\/en\/wp-json\/wp\/v2\/users\/2"}],"replies":[{"embeddable":true,"href":"http:\/\/myright.se\/en\/wp-json\/wp\/v2\/comments?post=19722"}],"version-history":[{"count":14,"href":"http:\/\/myright.se\/en\/wp-json\/wp\/v2\/posts\/19722\/revisions"}],"predecessor-version":[{"id":19739,"href":"http:\/\/myright.se\/en\/wp-json\/wp\/v2\/posts\/19722\/revisions\/19739"}],"wp:featuredmedia":[{"embeddable":true,"href":"http:\/\/myright.se\/en\/wp-json\/wp\/v2\/media\/19723"}],"wp:attachment":[{"href":"http:\/\/myright.se\/en\/wp-json\/wp\/v2\/media?parent=19722"}],"wp:term":[{"taxonomy":"category","embeddable":true,"href":"http:\/\/myright.se\/en\/wp-json\/wp\/v2\/categories?post=19722"},{"taxonomy":"post_tag","embeddable":true,"href":"http:\/\/myright.se\/en\/wp-json\/wp\/v2\/tags?post=19722"}],"curies":[{"name":"wp","href":"https:\/\/api.w.org\/{rel}","templated":true}]}}