{"id":19959,"date":"2022-08-08T12:24:32","date_gmt":"2022-08-08T11:24:32","guid":{"rendered":"https:\/\/myright.se\/?p=19959"},"modified":"2022-11-17T21:46:28","modified_gmt":"2022-11-17T20:46:28","slug":"fran-beroende-till-sjalvstandighet","status":"publish","type":"post","link":"http:\/\/myright.se\/en\/fran-beroende-till-sjalvstandighet\/","title":{"rendered":"From dependence to independence - Regi&#039;s story"},"content":{"rendered":"<div data-elementor-type=\"wp-post\" data-elementor-id=\"19959\" class=\"elementor elementor-19959\" data-elementor-post-type=\"post\">\n\t\t\t\t\t\t<section class=\"elementor-section elementor-top-section elementor-element elementor-element-b01a5de elementor-section-boxed elementor-section-height-default elementor-section-height-default\" data-id=\"b01a5de\" data-element_type=\"section\" data-e-type=\"section\">\n\t\t\t\t\t\t<div class=\"elementor-container elementor-column-gap-default\">\n\t\t\t\t\t<div class=\"elementor-column elementor-col-100 elementor-top-column elementor-element elementor-element-c7cf318\" data-id=\"c7cf318\" data-element_type=\"column\" data-e-type=\"column\">\n\t\t\t<div class=\"elementor-widget-wrap elementor-element-populated\">\n\t\t\t\t\t\t<div class=\"elementor-element elementor-element-649487a elementor-widget elementor-widget-text-editor\" data-id=\"649487a\" data-element_type=\"widget\" data-e-type=\"widget\" data-widget_type=\"text-editor.default\">\n\t\t\t\t<div class=\"elementor-widget-container\">\n\t\t\t\t\t\t\t\t\t<p><strong>Regis&#039; mother was single when he was born and in a difficult situation. In desperation, she left Regis in a bush near home, thinking of abandoning him. But Regis&#039; grandmother heard his cries and decided to save him.<\/strong><\/p><p>14-year-old Regis Irakukunda lives in Rwanda and has an intellectual disability. No one knows if the disability is congenital or if it is due to his complicated and protracted birth.<\/p><p>When Regis was younger, his nursing needs were very great and everyday life was challenging for the family.<br \/>When Regis was six years old, his family took him to the &quot;Ineza Kabaya&quot; center, a day center for children with special needs. Ineza Kabaya are members of Collectif Tubakunde, one of FUB&#039;s and MyRight&#039;s partner organizations. After an assessment, carried out by trained staff, the center set up an individual development plan for Regis&#039; schooling.<\/p><p>With the help of special educational exercises and the right support from trained educators, Regis has gone from dependence to independence and new skills. He can now move himself, eat by himself and together with other children get a social<br \/>context.<\/p>\t\t\t\t\t\t\t\t<\/div>\n\t\t\t\t<\/div>\n\t\t\t\t\t<\/div>\n\t\t<\/div>\n\t\t\t\t\t<\/div>\n\t\t<\/section>\n\t\t\t\t<section class=\"elementor-section elementor-top-section elementor-element elementor-element-915fcb0 elementor-section-boxed elementor-section-height-default elementor-section-height-default\" data-id=\"915fcb0\" data-element_type=\"section\" data-e-type=\"section\">\n\t\t\t\t\t\t<div class=\"elementor-container elementor-column-gap-default\">\n\t\t\t\t\t<div class=\"elementor-column elementor-col-100 elementor-top-column elementor-element elementor-element-7f507f1\" data-id=\"7f507f1\" data-element_type=\"column\" data-e-type=\"column\">\n\t\t\t<div class=\"elementor-widget-wrap elementor-element-populated\">\n\t\t\t\t\t\t<div class=\"elementor-element elementor-element-d13ad8b elementor-widget elementor-widget-image\" data-id=\"d13ad8b\" data-element_type=\"widget\" data-e-type=\"widget\" data-widget_type=\"image.default\">\n\t\t\t\t<div class=\"elementor-widget-container\">\n\t\t\t\t\t\t\t\t\t\t\t\t<figure class=\"wp-caption\">\n\t\t\t\t\t\t\t\t\t\t<img fetchpriority=\"high\" decoding=\"async\" width=\"576\" height=\"1024\" src=\"https:\/\/myright.se\/wp-content\/uploads\/2022\/08\/Regis-14-yrs-2-kopiera-1-576x1024.jpg\" class=\"attachment-large size-large wp-image-19964\" alt=\"A boy is standing in front of his school, he is wearing a green school uniform.\" srcset=\"https:\/\/myright.se\/wp-content\/uploads\/2022\/08\/Regis-14-yrs-2-kopiera-1-576x1024.jpg 576w, https:\/\/myright.se\/wp-content\/uploads\/2022\/08\/Regis-14-yrs-2-kopiera-1-169x300.jpg 169w, https:\/\/myright.se\/wp-content\/uploads\/2022\/08\/Regis-14-yrs-2-kopiera-1-7x12.jpg 7w, https:\/\/myright.se\/wp-content\/uploads\/2022\/08\/Regis-14-yrs-2-kopiera-1-600x1068.jpg 600w, https:\/\/myright.se\/wp-content\/uploads\/2022\/08\/Regis-14-yrs-2-kopiera-1.jpg 607w\" sizes=\"(max-width: 576px) 100vw, 576px\" \/>\t\t\t\t\t\t\t\t\t\t\t<figcaption class=\"widget-image-caption wp-caption-text\">Regis Irakukunda<\/figcaption>\n\t\t\t\t\t\t\t\t\t\t<\/figure>\n\t\t\t\t\t\t\t\t\t<\/div>\n\t\t\t\t<\/div>\n\t\t\t\t\t<\/div>\n\t\t<\/div>\n\t\t\t\t\t<\/div>\n\t\t<\/section>\n\t\t\t\t<\/div>","protected":false},"excerpt":{"rendered":"<p>Regis mamma var ensamst\u00e5ende n\u00e4r han f\u00f6ddes och i en sv\u00e5r situation. I desperation l\u00e4mnade hon Regis i en buske n\u00e4ra hemmet och t\u00e4nkte \u00f6verge honom. Men Regis mormor h\u00f6rde hans gr\u00e5t och best\u00e4mde sig f\u00f6r att r\u00e4dda honom. 14-\u00e5riga Regis Irakukunda bor i Rwanda och har en intellektuell funktionsneds\u00e4ttning. Ingen vet om funktionsneds\u00e4ttningen \u00e4r [&hellip;]<\/p>\n","protected":false},"author":2,"featured_media":19961,"comment_status":"closed","ping_status":"closed","sticky":false,"template":"","format":"standard","meta":{"footnotes":""},"categories":[49,37,89,42],"tags":[],"class_list":["post-19959","post","type-post","status-publish","format-standard","has-post-thumbnail","hentry","category-aktuellt","category-berattelser","category-inkluderande-utbildning","category-rwanda"],"yoast_head":"<!-- This site is optimized with the Yoast SEO plugin v27.5 - https:\/\/yoast.com\/product\/yoast-seo-wordpress\/ -->\n<title>Fr\u00e5n beroende till sj\u00e4lvst\u00e4ndighet - Regis ber\u00e4ttelse - MyRight<\/title>\n<meta name=\"robots\" content=\"index, follow, max-snippet:-1, max-image-preview:large, max-video-preview:-1\" \/>\n<link rel=\"canonical\" href=\"https:\/\/myright.se\/en\/fran-beroende-till-sjalvstandighet\/\" \/>\n<meta property=\"og:locale\" content=\"en_GB\" \/>\n<meta property=\"og:type\" content=\"article\" \/>\n<meta property=\"og:title\" content=\"Fr\u00e5n beroende till sj\u00e4lvst\u00e4ndighet - Regis ber\u00e4ttelse - MyRight\" \/>\n<meta property=\"og:description\" content=\"Regis mamma var ensamst\u00e5ende n\u00e4r han f\u00f6ddes och i en sv\u00e5r situation. I desperation l\u00e4mnade hon Regis i en buske n\u00e4ra hemmet och t\u00e4nkte \u00f6verge honom. Men Regis mormor h\u00f6rde hans gr\u00e5t och best\u00e4mde sig f\u00f6r att r\u00e4dda honom. 14-\u00e5riga Regis Irakukunda bor i Rwanda och har en intellektuell funktionsneds\u00e4ttning. Ingen vet om funktionsneds\u00e4ttningen \u00e4r [&hellip;]\" \/>\n<meta property=\"og:url\" content=\"https:\/\/myright.se\/en\/fran-beroende-till-sjalvstandighet\/\" \/>\n<meta property=\"og:site_name\" content=\"MyRight\" \/>\n<meta property=\"article:published_time\" content=\"2022-08-08T11:24:32+00:00\" \/>\n<meta property=\"article:modified_time\" content=\"2022-11-17T20:46:28+00:00\" \/>\n<meta property=\"og:image\" content=\"https:\/\/myright.se\/wp-content\/uploads\/2022\/08\/gautam-arora-OVDtgUhUPBY-unsplash-scaled.jpg\" \/>\n\t<meta property=\"og:image:width\" content=\"2560\" \/>\n\t<meta property=\"og:image:height\" content=\"1920\" \/>\n\t<meta property=\"og:image:type\" content=\"image\/jpeg\" \/>\n<meta name=\"author\" content=\"Madeleine Jangard\" \/>\n<meta name=\"twitter:card\" content=\"summary_large_image\" \/>\n<meta name=\"twitter:label1\" content=\"Written by\" \/>\n\t<meta name=\"twitter:data1\" content=\"Madeleine Jangard\" \/>\n\t<meta name=\"twitter:label2\" content=\"Estimated reading time\" \/>\n\t<meta name=\"twitter:data2\" content=\"1 minute\" \/>\n<script type=\"application\/ld+json\" class=\"yoast-schema-graph\">{\"@context\":\"https:\\\/\\\/schema.org\",\"@graph\":[{\"@type\":\"Article\",\"@id\":\"https:\\\/\\\/myright.se\\\/fran-beroende-till-sjalvstandighet\\\/#article\",\"isPartOf\":{\"@id\":\"https:\\\/\\\/myright.se\\\/fran-beroende-till-sjalvstandighet\\\/\"},\"author\":{\"name\":\"Madeleine Jangard\",\"@id\":\"https:\\\/\\\/myright.se\\\/#\\\/schema\\\/person\\\/73a598398a9494d74661326a0c9d55e6\"},\"headline\":\"Fr\u00e5n beroende till sj\u00e4lvst\u00e4ndighet &#8211; Regis ber\u00e4ttelse\",\"datePublished\":\"2022-08-08T11:24:32+00:00\",\"dateModified\":\"2022-11-17T20:46:28+00:00\",\"mainEntityOfPage\":{\"@id\":\"https:\\\/\\\/myright.se\\\/fran-beroende-till-sjalvstandighet\\\/\"},\"wordCount\":221,\"publisher\":{\"@id\":\"https:\\\/\\\/myright.se\\\/#organization\"},\"image\":{\"@id\":\"https:\\\/\\\/myright.se\\\/fran-beroende-till-sjalvstandighet\\\/#primaryimage\"},\"thumbnailUrl\":\"https:\\\/\\\/myright.se\\\/wp-content\\\/uploads\\\/2022\\\/08\\\/gautam-arora-OVDtgUhUPBY-unsplash-scaled.jpg\",\"articleSection\":[\"Aktuellt\",\"Ber\u00e4ttelser\",\"Inkluderande utbildning\",\"Rwanda\"],\"inLanguage\":\"en-GB\"},{\"@type\":\"WebPage\",\"@id\":\"https:\\\/\\\/myright.se\\\/fran-beroende-till-sjalvstandighet\\\/\",\"url\":\"https:\\\/\\\/myright.se\\\/fran-beroende-till-sjalvstandighet\\\/\",\"name\":\"Fr\u00e5n beroende till sj\u00e4lvst\u00e4ndighet - Regis ber\u00e4ttelse - MyRight\",\"isPartOf\":{\"@id\":\"https:\\\/\\\/myright.se\\\/#website\"},\"primaryImageOfPage\":{\"@id\":\"https:\\\/\\\/myright.se\\\/fran-beroende-till-sjalvstandighet\\\/#primaryimage\"},\"image\":{\"@id\":\"https:\\\/\\\/myright.se\\\/fran-beroende-till-sjalvstandighet\\\/#primaryimage\"},\"thumbnailUrl\":\"https:\\\/\\\/myright.se\\\/wp-content\\\/uploads\\\/2022\\\/08\\\/gautam-arora-OVDtgUhUPBY-unsplash-scaled.jpg\",\"datePublished\":\"2022-08-08T11:24:32+00:00\",\"dateModified\":\"2022-11-17T20:46:28+00:00\",\"breadcrumb\":{\"@id\":\"https:\\\/\\\/myright.se\\\/fran-beroende-till-sjalvstandighet\\\/#breadcrumb\"},\"inLanguage\":\"en-GB\",\"potentialAction\":[{\"@type\":\"ReadAction\",\"target\":[\"https:\\\/\\\/myright.se\\\/fran-beroende-till-sjalvstandighet\\\/\"]}]},{\"@type\":\"ImageObject\",\"inLanguage\":\"en-GB\",\"@id\":\"https:\\\/\\\/myright.se\\\/fran-beroende-till-sjalvstandighet\\\/#primaryimage\",\"url\":\"https:\\\/\\\/myright.se\\\/wp-content\\\/uploads\\\/2022\\\/08\\\/gautam-arora-OVDtgUhUPBY-unsplash-scaled.jpg\",\"contentUrl\":\"https:\\\/\\\/myright.se\\\/wp-content\\\/uploads\\\/2022\\\/08\\\/gautam-arora-OVDtgUhUPBY-unsplash-scaled.jpg\",\"width\":2560,\"height\":1920,\"caption\":\"p\u00e5 en skolb\u00e4nk ligger stora bokst\u00e4ver i tr\u00e4 och bredvid st\u00e5r f\u00e4rgburkar i olika f\u00e4rger\"},{\"@type\":\"BreadcrumbList\",\"@id\":\"https:\\\/\\\/myright.se\\\/fran-beroende-till-sjalvstandighet\\\/#breadcrumb\",\"itemListElement\":[{\"@type\":\"ListItem\",\"position\":1,\"name\":\"Hem\",\"item\":\"https:\\\/\\\/myright.se\\\/\"},{\"@type\":\"ListItem\",\"position\":2,\"name\":\"Fr\u00e5n beroende till sj\u00e4lvst\u00e4ndighet &#8211; Regis ber\u00e4ttelse\"}]},{\"@type\":\"WebSite\",\"@id\":\"https:\\\/\\\/myright.se\\\/#website\",\"url\":\"https:\\\/\\\/myright.se\\\/\",\"name\":\"MyRight\",\"description\":\"\",\"publisher\":{\"@id\":\"https:\\\/\\\/myright.se\\\/#organization\"},\"potentialAction\":[{\"@type\":\"SearchAction\",\"target\":{\"@type\":\"EntryPoint\",\"urlTemplate\":\"https:\\\/\\\/myright.se\\\/?s={search_term_string}\"},\"query-input\":{\"@type\":\"PropertyValueSpecification\",\"valueRequired\":true,\"valueName\":\"search_term_string\"}}],\"inLanguage\":\"en-GB\"},{\"@type\":\"Organization\",\"@id\":\"https:\\\/\\\/myright.se\\\/#organization\",\"name\":\"MyRight\",\"url\":\"https:\\\/\\\/myright.se\\\/\",\"logo\":{\"@type\":\"ImageObject\",\"inLanguage\":\"en-GB\",\"@id\":\"https:\\\/\\\/myright.se\\\/#\\\/schema\\\/logo\\\/image\\\/\",\"url\":\"https:\\\/\\\/myright.se\\\/wp-content\\\/uploads\\\/2020\\\/02\\\/Myright_logo_no_text_bredvid.png\",\"contentUrl\":\"https:\\\/\\\/myright.se\\\/wp-content\\\/uploads\\\/2020\\\/02\\\/Myright_logo_no_text_bredvid.png\",\"width\":2751,\"height\":816,\"caption\":\"MyRight\"},\"image\":{\"@id\":\"https:\\\/\\\/myright.se\\\/#\\\/schema\\\/logo\\\/image\\\/\"}},{\"@type\":\"Person\",\"@id\":\"https:\\\/\\\/myright.se\\\/#\\\/schema\\\/person\\\/73a598398a9494d74661326a0c9d55e6\",\"name\":\"Madeleine Jangard\",\"image\":{\"@type\":\"ImageObject\",\"inLanguage\":\"en-GB\",\"@id\":\"https:\\\/\\\/secure.gravatar.com\\\/avatar\\\/78a0b6a77a400e0d80a3a80dd2b429dd02994b0449d439ee5717cc053f07b511?s=96&d=mm&r=g\",\"url\":\"https:\\\/\\\/secure.gravatar.com\\\/avatar\\\/78a0b6a77a400e0d80a3a80dd2b429dd02994b0449d439ee5717cc053f07b511?s=96&d=mm&r=g\",\"contentUrl\":\"https:\\\/\\\/secure.gravatar.com\\\/avatar\\\/78a0b6a77a400e0d80a3a80dd2b429dd02994b0449d439ee5717cc053f07b511?s=96&d=mm&r=g\",\"caption\":\"Madeleine Jangard\"},\"url\":\"http:\\\/\\\/myright.se\\\/en\\\/author\\\/madeleine\\\/\"}]}<\/script>\n<!-- \/ Yoast SEO plugin. -->","yoast_head_json":{"title":"From dependence to independence - Regis&#039; story - MyRight","robots":{"index":"index","follow":"follow","max-snippet":"max-snippet:-1","max-image-preview":"max-image-preview:large","max-video-preview":"max-video-preview:-1"},"canonical":"https:\/\/myright.se\/en\/fran-beroende-till-sjalvstandighet\/","og_locale":"en_GB","og_type":"article","og_title":"Fr\u00e5n beroende till sj\u00e4lvst\u00e4ndighet - Regis ber\u00e4ttelse - MyRight","og_description":"Regis mamma var ensamst\u00e5ende n\u00e4r han f\u00f6ddes och i en sv\u00e5r situation. I desperation l\u00e4mnade hon Regis i en buske n\u00e4ra hemmet och t\u00e4nkte \u00f6verge honom. Men Regis mormor h\u00f6rde hans gr\u00e5t och best\u00e4mde sig f\u00f6r att r\u00e4dda honom. 14-\u00e5riga Regis Irakukunda bor i Rwanda och har en intellektuell funktionsneds\u00e4ttning. Ingen vet om funktionsneds\u00e4ttningen \u00e4r [&hellip;]","og_url":"https:\/\/myright.se\/en\/fran-beroende-till-sjalvstandighet\/","og_site_name":"MyRight","article_published_time":"2022-08-08T11:24:32+00:00","article_modified_time":"2022-11-17T20:46:28+00:00","og_image":[{"width":2560,"height":1920,"url":"https:\/\/myright.se\/wp-content\/uploads\/2022\/08\/gautam-arora-OVDtgUhUPBY-unsplash-scaled.jpg","type":"image\/jpeg"}],"author":"Madeleine Jangard","twitter_card":"summary_large_image","twitter_misc":{"Written by":"Madeleine Jangard","Estimated reading time":"1 minute"},"schema":{"@context":"https:\/\/schema.org","@graph":[{"@type":"Article","@id":"https:\/\/myright.se\/fran-beroende-till-sjalvstandighet\/#article","isPartOf":{"@id":"https:\/\/myright.se\/fran-beroende-till-sjalvstandighet\/"},"author":{"name":"Madeleine Jangard","@id":"https:\/\/myright.se\/#\/schema\/person\/73a598398a9494d74661326a0c9d55e6"},"headline":"Fr\u00e5n beroende till sj\u00e4lvst\u00e4ndighet &#8211; Regis ber\u00e4ttelse","datePublished":"2022-08-08T11:24:32+00:00","dateModified":"2022-11-17T20:46:28+00:00","mainEntityOfPage":{"@id":"https:\/\/myright.se\/fran-beroende-till-sjalvstandighet\/"},"wordCount":221,"publisher":{"@id":"https:\/\/myright.se\/#organization"},"image":{"@id":"https:\/\/myright.se\/fran-beroende-till-sjalvstandighet\/#primaryimage"},"thumbnailUrl":"https:\/\/myright.se\/wp-content\/uploads\/2022\/08\/gautam-arora-OVDtgUhUPBY-unsplash-scaled.jpg","articleSection":["Aktuellt","Ber\u00e4ttelser","Inkluderande utbildning","Rwanda"],"inLanguage":"en-GB"},{"@type":"WebPage","@id":"https:\/\/myright.se\/fran-beroende-till-sjalvstandighet\/","url":"https:\/\/myright.se\/fran-beroende-till-sjalvstandighet\/","name":"From dependence to independence - Regis&#039; story - MyRight","isPartOf":{"@id":"https:\/\/myright.se\/#website"},"primaryImageOfPage":{"@id":"https:\/\/myright.se\/fran-beroende-till-sjalvstandighet\/#primaryimage"},"image":{"@id":"https:\/\/myright.se\/fran-beroende-till-sjalvstandighet\/#primaryimage"},"thumbnailUrl":"https:\/\/myright.se\/wp-content\/uploads\/2022\/08\/gautam-arora-OVDtgUhUPBY-unsplash-scaled.jpg","datePublished":"2022-08-08T11:24:32+00:00","dateModified":"2022-11-17T20:46:28+00:00","breadcrumb":{"@id":"https:\/\/myright.se\/fran-beroende-till-sjalvstandighet\/#breadcrumb"},"inLanguage":"en-GB","potentialAction":[{"@type":"ReadAction","target":["https:\/\/myright.se\/fran-beroende-till-sjalvstandighet\/"]}]},{"@type":"ImageObject","inLanguage":"en-GB","@id":"https:\/\/myright.se\/fran-beroende-till-sjalvstandighet\/#primaryimage","url":"https:\/\/myright.se\/wp-content\/uploads\/2022\/08\/gautam-arora-OVDtgUhUPBY-unsplash-scaled.jpg","contentUrl":"https:\/\/myright.se\/wp-content\/uploads\/2022\/08\/gautam-arora-OVDtgUhUPBY-unsplash-scaled.jpg","width":2560,"height":1920,"caption":"p\u00e5 en skolb\u00e4nk ligger stora bokst\u00e4ver i tr\u00e4 och bredvid st\u00e5r f\u00e4rgburkar i olika f\u00e4rger"},{"@type":"BreadcrumbList","@id":"https:\/\/myright.se\/fran-beroende-till-sjalvstandighet\/#breadcrumb","itemListElement":[{"@type":"ListItem","position":1,"name":"Hem","item":"https:\/\/myright.se\/"},{"@type":"ListItem","position":2,"name":"Fr\u00e5n beroende till sj\u00e4lvst\u00e4ndighet &#8211; Regis ber\u00e4ttelse"}]},{"@type":"WebSite","@id":"https:\/\/myright.se\/#website","url":"https:\/\/myright.se\/","name":"MyRight","description":"","publisher":{"@id":"https:\/\/myright.se\/#organization"},"potentialAction":[{"@type":"SearchAction","target":{"@type":"EntryPoint","urlTemplate":"https:\/\/myright.se\/?s={search_term_string}"},"query-input":{"@type":"PropertyValueSpecification","valueRequired":true,"valueName":"search_term_string"}}],"inLanguage":"en-GB"},{"@type":"Organization","@id":"https:\/\/myright.se\/#organization","name":"MyRight","url":"https:\/\/myright.se\/","logo":{"@type":"ImageObject","inLanguage":"en-GB","@id":"https:\/\/myright.se\/#\/schema\/logo\/image\/","url":"https:\/\/myright.se\/wp-content\/uploads\/2020\/02\/Myright_logo_no_text_bredvid.png","contentUrl":"https:\/\/myright.se\/wp-content\/uploads\/2020\/02\/Myright_logo_no_text_bredvid.png","width":2751,"height":816,"caption":"MyRight"},"image":{"@id":"https:\/\/myright.se\/#\/schema\/logo\/image\/"}},{"@type":"Person","@id":"https:\/\/myright.se\/#\/schema\/person\/73a598398a9494d74661326a0c9d55e6","name":"Madeleine Jangard","image":{"@type":"ImageObject","inLanguage":"en-GB","@id":"https:\/\/secure.gravatar.com\/avatar\/78a0b6a77a400e0d80a3a80dd2b429dd02994b0449d439ee5717cc053f07b511?s=96&d=mm&r=g","url":"https:\/\/secure.gravatar.com\/avatar\/78a0b6a77a400e0d80a3a80dd2b429dd02994b0449d439ee5717cc053f07b511?s=96&d=mm&r=g","contentUrl":"https:\/\/secure.gravatar.com\/avatar\/78a0b6a77a400e0d80a3a80dd2b429dd02994b0449d439ee5717cc053f07b511?s=96&d=mm&r=g","caption":"Madeleine Jangard"},"url":"http:\/\/myright.se\/en\/author\/madeleine\/"}]}},"_links":{"self":[{"href":"http:\/\/myright.se\/en\/wp-json\/wp\/v2\/posts\/19959","targetHints":{"allow":["GET"]}}],"collection":[{"href":"http:\/\/myright.se\/en\/wp-json\/wp\/v2\/posts"}],"about":[{"href":"http:\/\/myright.se\/en\/wp-json\/wp\/v2\/types\/post"}],"author":[{"embeddable":true,"href":"http:\/\/myright.se\/en\/wp-json\/wp\/v2\/users\/2"}],"replies":[{"embeddable":true,"href":"http:\/\/myright.se\/en\/wp-json\/wp\/v2\/comments?post=19959"}],"version-history":[{"count":17,"href":"http:\/\/myright.se\/en\/wp-json\/wp\/v2\/posts\/19959\/revisions"}],"predecessor-version":[{"id":20468,"href":"http:\/\/myright.se\/en\/wp-json\/wp\/v2\/posts\/19959\/revisions\/20468"}],"wp:featuredmedia":[{"embeddable":true,"href":"http:\/\/myright.se\/en\/wp-json\/wp\/v2\/media\/19961"}],"wp:attachment":[{"href":"http:\/\/myright.se\/en\/wp-json\/wp\/v2\/media?parent=19959"}],"wp:term":[{"taxonomy":"category","embeddable":true,"href":"http:\/\/myright.se\/en\/wp-json\/wp\/v2\/categories?post=19959"},{"taxonomy":"post_tag","embeddable":true,"href":"http:\/\/myright.se\/en\/wp-json\/wp\/v2\/tags?post=19959"}],"curies":[{"name":"wp","href":"https:\/\/api.w.org\/{rel}","templated":true}]}}