{"id":30333,"date":"2025-12-03T07:00:00","date_gmt":"2025-12-03T06:00:00","guid":{"rendered":"https:\/\/myright.se\/?p=30333"},"modified":"2025-12-02T09:20:24","modified_gmt":"2025-12-02T08:20:24","slug":"bistandets-glomda-malgrupp","status":"publish","type":"post","link":"http:\/\/myright.se\/en\/bistandets-glomda-malgrupp\/","title":{"rendered":"The forgotten target group of aid"},"content":{"rendered":"\t\t<div data-elementor-type=\"wp-post\" data-elementor-id=\"30333\" class=\"elementor elementor-30333\" data-elementor-post-type=\"post\">\n\t\t\t\t\t\t<section class=\"elementor-section elementor-top-section elementor-element elementor-element-8d084c6 elementor-section-boxed elementor-section-height-default elementor-section-height-default\" data-id=\"8d084c6\" data-element_type=\"section\" data-e-type=\"section\">\n\t\t\t\t\t\t<div class=\"elementor-container elementor-column-gap-default\">\n\t\t\t\t\t<div class=\"elementor-column elementor-col-100 elementor-top-column elementor-element elementor-element-b066ccb\" data-id=\"b066ccb\" data-element_type=\"column\" data-e-type=\"column\">\n\t\t\t<div class=\"elementor-widget-wrap elementor-element-populated\">\n\t\t\t\t\t\t<div class=\"elementor-element elementor-element-324d3ad elementor-widget elementor-widget-text-editor\" data-id=\"324d3ad\" data-element_type=\"widget\" data-e-type=\"widget\" data-widget_type=\"text-editor.default\">\n\t\t\t\t<div class=\"elementor-widget-container\">\n\t\t\t\t\t\t\t\t\t<p><strong>Regeringar talar om effektiviseringar och prioriteringar i bist\u00e5ndet men personer med funktionsneds\u00e4ttning forts\u00e4tter att falla mellan stolarna, trots att de utg\u00f6r en av v\u00e4rldens mest utsatta grupper.<\/strong><\/p><p>De globala kriserna avl\u00f6ser varandra: klimatkatastrofer, konflikter, ekonomisk instabilitet och humanit\u00e4ra n\u00f6dl\u00e4gen. Samtidigt krymper bist\u00e5ndsbudgetarna. Alla vi som jobbar med internationellt utvecklingssamarbete vet vad det inneb\u00e4r i praktiken och att det bakom varje siffra finns en m\u00e4nniska som ofta redan lever i marginalen. En av de grupper som drabbas h\u00e5rdast \u00e4r personer med funktionsneds\u00e4ttning. I dag lever omkring 1,3 miljarder m\u00e4nniskor \u2013 motsvarande 16 procent av v\u00e4rldens befolkning \u2013 med n\u00e5gon form av funktionsneds\u00e4ttning. De \u00e4r kraftigt \u00f6verrepresenterade bland v\u00e4rldens fattigaste och l\u00f6per betydligt h\u00f6gre risk att leva i extrem och multidimensionell fattigdom \u00e4n befolkningen i stort, enligt en rad studier fr\u00e5n b\u00e5de V\u00e4rldsbanken och V\u00e4rldsh\u00e4lsoorganisationen (WHO).<\/p><p>\u00c4nd\u00e5 har endast 0,2 procent av Sidas bist\u00e5ndsinsatser funktionsneds\u00e4ttning som prim\u00e4rt m\u00e5l (2024). Detta trots att Sverige genom Funktionsr\u00e4ttskonventionen (CRPD \u2013 Convention of Rights for Persons with Disabilities) och Agenda 2030 tydligt lovat att ingen ska l\u00e4mnas utanf\u00f6r.<\/p><p>Personer med funktionsneds\u00e4ttning tillh\u00f6r redan n\u00e5gra av de mest marginaliserade grupperna i samh\u00e4llet. Det \u00e4r inte ovanligt att de \u00e4r beroende av anh\u00f6riga eller isolerade p\u00e5 institutioner, d\u00e4r de fr\u00e5ntas sin v\u00e4rdighet, sitt framtidshopp och sina grundl\u00e4ggande m\u00e4nskliga r\u00e4ttigheter. N\u00e4r fattigdomen f\u00f6rdjupas drabbas de s\u00e4rskilt h\u00e5rt, genom \u00f6kad utest\u00e4ngning, st\u00f6rre beroende av anh\u00f6rigst\u00f6d och \u00e4nnu sv\u00e5rare ekonomiska villkor. De l\u00f6per dessutom h\u00f6gre risk att uts\u00e4ttas f\u00f6r v\u00e5ld, sv\u00e4lt och diskriminering \u00e4n personer utan funktionsneds\u00e4ttning \u2013 samtidigt som de ofta saknar m\u00f6jlighet att g\u00f6ra sin r\u00f6st h\u00f6rd.<\/p><p>I till exempel Afghanistan \u00e4r det fler personer som lever med en funktionsneds\u00e4ttning \u00e4n genomsnittet till f\u00f6ljd av v\u00e5ld, konflikt och kronisk fattigdom. N\u00e4r Svenska Afghanistankommitt\u00e9n tvingades st\u00e4nga ner sina rehabiliteringscenter, efter ett f\u00f6rbud mot svensk verksamhet i landet 2023 p\u00e5 grund av koranbr\u00e4nningarna i Sverige, vittnade mamman Saeeda Mohammadi om att hon och hennes dotter Malika, som \u00e4r f\u00f6dd med klumpfot, fortsatte \u00e5ka till centret, trots att det st\u00e4ngt. Skenorna Malika f\u00e5tt f\u00f6r att kunna g\u00e5 hade blivit f\u00f6r sm\u00e5. Centret kunde \u00e5ter\u00f6ppna under 2025, men riskerar nu att tvingas st\u00e4nga permanent till f\u00f6ljd av nedsk\u00e4rningarna.<\/p><p>Att arbeta med funktionsr\u00e4ttsfr\u00e5gor \u00e4r en effektiv fattigdomsbek\u00e4mpande insats. Det finns kunskap, bepr\u00f6vade metoder och insatser som st\u00e4rker inkludering och sj\u00e4lvst\u00e4ndighet. Men erfarenheter fr\u00e5n hela v\u00e4rlden visar samma m\u00f6nster: utan riktade resurser och politisk vilja riskerar personer med funktionsneds\u00e4ttning att hamna utanf\u00f6r.<\/p><p>Funktionsr\u00e4ttsperspektivet m\u00e5ste genomsyra hela det internationella utvecklingssamarbetet. Alla som arbetar med bist\u00e5nd m\u00e5ste s\u00e4kerst\u00e4lla att personer med funktionsneds\u00e4ttning faktiskt inkluderas i m\u00e5l, planer och uppf\u00f6ljning \u2013 inte bara i ord, utan i praktiken.<\/p><p>Investeringar i personer med funktionsneds\u00e4ttning \u00e4r inte v\u00e4lg\u00f6renhet. Det \u00e4r en f\u00f6ruts\u00e4ttning f\u00f6r h\u00e5llbar utveckling, j\u00e4mlikhet och demokrati. N\u00e4r v\u00e4rldens \u00f6ver en miljard m\u00e4nniskor med funktionsneds\u00e4ttning utest\u00e4ngs fr\u00e5n utbildning, arbete och samh\u00e4llsdelaktighet f\u00f6rlorar vi alla.<\/p><p>V\u00e5r fr\u00e5ga till alla bist\u00e5ndsakt\u00f6rer \u00e4r enkel: H\u00e5ller ni fast vid l\u00f6ftet att ingen ska l\u00e4mnas utanf\u00f6r?<\/p>\t\t\t\t\t\t\t\t<\/div>\n\t\t\t\t<\/div>\n\t\t\t\t<div class=\"elementor-element elementor-element-2b7a2cc elementor-widget elementor-widget-text-editor\" data-id=\"2b7a2cc\" data-element_type=\"widget\" data-e-type=\"widget\" data-widget_type=\"text-editor.default\">\n\t\t\t\t<div class=\"elementor-widget-container\">\n\t\t\t\t\t\t\t\t\t<p><strong>Kajsa Johansson, Generalsekreterare Svenska Afghanistankommitt\u00e9n<\/strong><\/p><p><strong>Mohammed Mohsen, Generalsekreterare MyRight<\/strong><\/p><p>MyRights medlemsorganisationer \u00e4r:<\/p><p>\u2022 AGI \u2013 Association Global Inclusion<br \/>\u2022 Astma och Allergif\u00f6rbundet<br \/>\u2022 Autism Sverige<br \/>\u2022 DHR \u2013 Delaktighet, Handlingskraft, R\u00f6relsefrihet<br \/>\u2022 FBiS \u2013 F\u00f6rbundet Bl\u00f6darsjuka i Sverige<br \/>\u2022 FSDB \u2013 F\u00f6rbundet Sveriges D\u00f6vblinda<br \/>\u2022 FUB \u2013 Riksf\u00f6rbundet f\u00f6r barn, unga och vuxna med utvecklingsst\u00f6rning<br \/>\u2022 HRF \u2013 H\u00f6rselskadades Riksf\u00f6rbund<br \/>\u2022 RBU \u2013 R\u00f6relsehindrade barn och ungdom<br \/>\u2022 Reumatikerf\u00f6rbundet<br \/>\u2022 Riksf\u00f6rbundet Hj\u00e4rtLung<br \/>\u2022 Riksf\u00f6reningen Grunden Sverige<br \/>\u2022 RSMH \u2013 Riksf\u00f6rbundet f\u00f6r Social och Mental H\u00e4lsa<br \/>\u2022 SDR \u2013 Sveriges D\u00f6vas Riksf\u00f6rbund<br \/>\u2022 SDUF \u2013 Sveriges D\u00f6vas Ungdomsf\u00f6rbund<br \/>\u2022 SRF \u2013 Synskadades Riksf\u00f6rbund<br \/>\u2022 STIL \u2013 Stiftarna f\u00f6r Independent Living i Sverige<br \/>\u2022 UH \u2013 Unga H\u00f6rselskadade<br \/>\u2022 US \u2013 Unga med Synneds\u00e4ttning<br \/>\u2022 UR \u2013 Unga R\u00f6relsehindrade<\/p>\t\t\t\t\t\t\t\t<\/div>\n\t\t\t\t<\/div>\n\t\t\t\t\t<\/div>\n\t\t<\/div>\n\t\t\t\t\t<\/div>\n\t\t<\/section>\n\t\t\t\t<section class=\"elementor-section elementor-top-section elementor-element elementor-element-603b2430 elementor-section-content-middle elementor-section-boxed elementor-section-height-default elementor-section-height-default\" data-id=\"603b2430\" data-element_type=\"section\" data-e-type=\"section\" data-settings=\"{&quot;background_background&quot;:&quot;classic&quot;}\">\n\t\t\t\t\t\t<div class=\"elementor-container elementor-column-gap-no\">\n\t\t\t\t\t<div class=\"elementor-column elementor-col-50 elementor-top-column elementor-element elementor-element-285e301c\" data-id=\"285e301c\" data-element_type=\"column\" data-e-type=\"column\" data-settings=\"{&quot;background_background&quot;:&quot;classic&quot;}\">\n\t\t\t<div class=\"elementor-widget-wrap elementor-element-populated\">\n\t\t\t\t\t\t<div class=\"elementor-element elementor-element-7e51b510 elementor-widget elementor-widget-heading\" data-id=\"7e51b510\" data-element_type=\"widget\" data-e-type=\"widget\" data-widget_type=\"heading.default\">\n\t\t\t\t<div class=\"elementor-widget-container\">\n\t\t\t\t\t<h2 class=\"elementor-heading-title elementor-size-default\">Ta st\u00e4llning f\u00f6r ett bist\u00e5nd som n\u00e5r ALLA!<\/h2>\t\t\t\t<\/div>\n\t\t\t\t<\/div>\n\t\t\t\t<div class=\"elementor-element elementor-element-66f31933 elementor-widget elementor-widget-text-editor\" data-id=\"66f31933\" data-element_type=\"widget\" data-e-type=\"widget\" data-widget_type=\"text-editor.default\">\n\t\t\t\t<div class=\"elementor-widget-container\">\n\t\t\t\t\t\t\t\t\t<p><span data-olk-copy-source=\"MessageBody\">Sverige s\u00e4ger sig st\u00e5 upp f\u00f6r m\u00e4nskliga r\u00e4ttigheter och har skrivit under flera internationella konventioner. \u00c4nd\u00e5 l\u00e4mnas personer med funktionsneds\u00e4ttning g\u00e5ng p\u00e5 g\u00e5ng utanf\u00f6r.<\/span><\/p><p>Trots att de ofta drabbas h\u00e5rdast av kriser, krig och fattigdom, g\u00e5r bara 0,2 procent av Sveriges bist\u00e5ndsinsatser till personer med funktionsneds\u00e4ttning.\u00a0<strong style=\"font-size: inherit; text-align: inherit; letter-spacing: -0.015em;\">Det \u00e4r oacceptabelt.<\/strong><\/p><p>MyRight kr\u00e4ver att regeringen s\u00e4kerst\u00e4ller att allt svenskt bist\u00e5nd \u2013 b\u00e5de l\u00e5ngsiktigt utvecklingssamarbete och humanit\u00e4rt st\u00f6d \u2013 \u00e4r inkluderande och tillg\u00e4ngligt f\u00f6r alla.<\/p><p><strong>Vi vill ha ett bist\u00e5nd som:<\/strong><\/p><ul><li>n\u00e5r alla, oavsett funktionsneds\u00e4ttning<\/li><li>respekterar m\u00e4nskliga r\u00e4ttigheter<\/li><li>och lever upp till principen \u201dingen ska l\u00e4mnas utanf\u00f6r\u201d<\/li><\/ul><p><strong>Skriv under nu \u2013 och kr\u00e4v att Sverige lever som vi l\u00e4r.<\/strong><\/p>\t\t\t\t\t\t\t\t<\/div>\n\t\t\t\t<\/div>\n\t\t\t\t\t<\/div>\n\t\t<\/div>\n\t\t\t\t<div class=\"elementor-column elementor-col-50 elementor-top-column elementor-element elementor-element-5837a1bc\" data-id=\"5837a1bc\" data-element_type=\"column\" data-e-type=\"column\">\n\t\t\t<div class=\"elementor-widget-wrap elementor-element-populated\">\n\t\t\t\t\t\t<div class=\"elementor-element elementor-element-7118800c elementor-widget elementor-widget-text-editor\" data-id=\"7118800c\" data-element_type=\"widget\" data-e-type=\"widget\" data-widget_type=\"text-editor.default\">\n\t\t\t\t<div class=\"elementor-widget-container\">\n\t\t\t\t\t\t\t\t\t<p>Ja, jag tycker att bist\u00e5nd ska g\u00e5 till ALLA, <br \/>oavsett funktionsneds\u00e4ttning.<\/p>\t\t\t\t\t\t\t\t<\/div>\n\t\t\t\t<\/div>\n\t\t\t\t<div class=\"elementor-element elementor-element-71c9bead elementor-button-align-stretch elementor-widget elementor-widget-form\" data-id=\"71c9bead\" data-element_type=\"widget\" data-e-type=\"widget\" data-settings=\"{&quot;step_next_label&quot;:&quot;Next&quot;,&quot;step_previous_label&quot;:&quot;Previous&quot;,&quot;button_width&quot;:&quot;100&quot;,&quot;step_type&quot;:&quot;number_text&quot;,&quot;step_icon_shape&quot;:&quot;circle&quot;}\" data-widget_type=\"form.default\">\n\t\t\t\t<div class=\"elementor-widget-container\">\n\t\t\t\t\t\t\t<form class=\"elementor-form\" method=\"post\" name=\"New Form\" aria-label=\"New Form\">\n\t\t\t<input type=\"hidden\" name=\"post_id\" value=\"30333\"\/>\n\t\t\t<input type=\"hidden\" name=\"form_id\" value=\"71c9bead\"\/>\n\t\t\t<input type=\"hidden\" name=\"referer_title\" value=\"MyRight\" \/>\n\n\t\t\t\n\t\t\t<div class=\"elementor-form-fields-wrapper elementor-labels-\">\n\t\t\t\t\t\t\t\t<div class=\"elementor-field-type-text elementor-field-group elementor-column elementor-field-group-name elementor-col-100\">\n\t\t\t\t\t\t\t\t\t\t\t\t<label for=\"form-field-name\" class=\"elementor-field-label elementor-screen-only\">\n\t\t\t\t\t\t\t\tNamn\t\t\t\t\t\t\t<\/label>\n\t\t\t\t\t\t\t\t\t\t\t\t\t\t<input size=\"1\" type=\"text\" name=\"form_fields[name]\" id=\"form-field-name\" class=\"elementor-field elementor-size-sm  elementor-field-textual\" placeholder=\"Namn\">\n\t\t\t\t\t\t\t\t\t\t\t<\/div>\n\t\t\t\t\t\t\t\t<div class=\"elementor-field-type-email elementor-field-group elementor-column elementor-field-group-email elementor-col-100 elementor-field-required\">\n\t\t\t\t\t\t\t\t\t\t\t\t<label for=\"form-field-email\" class=\"elementor-field-label elementor-screen-only\">\n\t\t\t\t\t\t\t\tE-post\t\t\t\t\t\t\t<\/label>\n\t\t\t\t\t\t\t\t\t\t\t\t\t\t<input size=\"1\" type=\"email\" name=\"form_fields[email]\" id=\"form-field-email\" class=\"elementor-field elementor-size-sm  elementor-field-textual\" placeholder=\"E-post\" required=\"required\">\n\t\t\t\t\t\t\t\t\t\t\t<\/div>\n\t\t\t\t\t\t\t\t<div class=\"elementor-field-group elementor-column elementor-field-type-submit elementor-col-100 e-form__buttons\">\n\t\t\t\t\t<button class=\"elementor-button elementor-size-sm elementor-animation-grow\" type=\"submit\">\n\t\t\t\t\t\t<span class=\"elementor-button-content-wrapper\">\n\t\t\t\t\t\t\t\t\t\t\t\t\t\t\t\t\t\t\t\t\t\t<span class=\"elementor-button-text\">Skriv under<\/span>\n\t\t\t\t\t\t\t\t\t\t\t\t\t<\/span>\n\t\t\t\t\t<\/button>\n\t\t\t\t<\/div>\n\t\t\t<\/div>\n\t\t<\/form>\n\t\t\t\t\t\t<\/div>\n\t\t\t\t<\/div>\n\t\t\t\t\t<\/div>\n\t\t<\/div>\n\t\t\t\t\t<\/div>\n\t\t<\/section>\n\t\t\t\t<\/div>\n\t\t","protected":false},"excerpt":{"rendered":"<p>Regeringar talar om effektiviseringar och prioriteringar i bist\u00e5ndet men personer med funktionsneds\u00e4ttning forts\u00e4tter att falla mellan stolarna, trots att de utg\u00f6r en av v\u00e4rldens mest utsatta grupper. De globala kriserna avl\u00f6ser varandra: klimatkatastrofer, konflikter, ekonomisk instabilitet och humanit\u00e4ra n\u00f6dl\u00e4gen. Samtidigt krymper bist\u00e5ndsbudgetarna. Alla vi som jobbar med internationellt utvecklingssamarbete vet vad det inneb\u00e4r i praktiken [&hellip;]<\/p>\n","protected":false},"author":2,"featured_media":19006,"comment_status":"closed","ping_status":"closed","sticky":false,"template":"","format":"standard","meta":{"footnotes":""},"categories":[49],"tags":[],"class_list":["post-30333","post","type-post","status-publish","format-standard","has-post-thumbnail","hentry","category-aktuellt"],"yoast_head":"<!-- This site is optimized with the Yoast SEO plugin v27.5 - https:\/\/yoast.com\/product\/yoast-seo-wordpress\/ -->\n<title>Bist\u00e5ndets gl\u00f6mda m\u00e5lgrupp - MyRight<\/title>\n<meta name=\"robots\" content=\"index, follow, max-snippet:-1, max-image-preview:large, max-video-preview:-1\" \/>\n<link rel=\"canonical\" href=\"https:\/\/myright.se\/en\/bistandets-glomda-malgrupp\/\" \/>\n<meta property=\"og:locale\" content=\"en_GB\" \/>\n<meta property=\"og:type\" content=\"article\" \/>\n<meta property=\"og:title\" content=\"Bist\u00e5ndets gl\u00f6mda m\u00e5lgrupp - MyRight\" \/>\n<meta property=\"og:description\" content=\"Regeringar talar om effektiviseringar och prioriteringar i bist\u00e5ndet men personer med funktionsneds\u00e4ttning forts\u00e4tter att falla mellan stolarna, trots att de utg\u00f6r en av v\u00e4rldens mest utsatta grupper. De globala kriserna avl\u00f6ser varandra: klimatkatastrofer, konflikter, ekonomisk instabilitet och humanit\u00e4ra n\u00f6dl\u00e4gen. Samtidigt krymper bist\u00e5ndsbudgetarna. Alla vi som jobbar med internationellt utvecklingssamarbete vet vad det inneb\u00e4r i praktiken [&hellip;]\" \/>\n<meta property=\"og:url\" content=\"https:\/\/myright.se\/en\/bistandets-glomda-malgrupp\/\" \/>\n<meta property=\"og:site_name\" content=\"MyRight\" \/>\n<meta property=\"article:published_time\" content=\"2025-12-03T06:00:00+00:00\" \/>\n<meta property=\"og:image\" content=\"https:\/\/myright.se\/wp-content\/uploads\/2021\/12\/UN-A-disabled-youth-sitting-in-a-wheelchair-donated-by-the-UN-Volunteers-Nort-Darfur-Sudan-2012.jpg\" \/>\n\t<meta property=\"og:image:width\" content=\"1200\" \/>\n\t<meta property=\"og:image:height\" content=\"800\" \/>\n\t<meta property=\"og:image:type\" content=\"image\/jpeg\" \/>\n<meta name=\"author\" content=\"Madeleine Jangard\" \/>\n<meta name=\"twitter:card\" content=\"summary_large_image\" \/>\n<meta name=\"twitter:label1\" content=\"Written by\" \/>\n\t<meta name=\"twitter:data1\" content=\"Madeleine Jangard\" \/>\n\t<meta name=\"twitter:label2\" content=\"Estimated reading time\" \/>\n\t<meta name=\"twitter:data2\" content=\"4 minutes\" \/>\n<script type=\"application\/ld+json\" class=\"yoast-schema-graph\">{\"@context\":\"https:\\\/\\\/schema.org\",\"@graph\":[{\"@type\":\"Article\",\"@id\":\"https:\\\/\\\/myright.se\\\/bistandets-glomda-malgrupp\\\/#article\",\"isPartOf\":{\"@id\":\"https:\\\/\\\/myright.se\\\/bistandets-glomda-malgrupp\\\/\"},\"author\":{\"name\":\"Madeleine Jangard\",\"@id\":\"https:\\\/\\\/myright.se\\\/#\\\/schema\\\/person\\\/73a598398a9494d74661326a0c9d55e6\"},\"headline\":\"Bist\u00e5ndets gl\u00f6mda m\u00e5lgrupp\",\"datePublished\":\"2025-12-03T06:00:00+00:00\",\"mainEntityOfPage\":{\"@id\":\"https:\\\/\\\/myright.se\\\/bistandets-glomda-malgrupp\\\/\"},\"wordCount\":882,\"publisher\":{\"@id\":\"https:\\\/\\\/myright.se\\\/#organization\"},\"image\":{\"@id\":\"https:\\\/\\\/myright.se\\\/bistandets-glomda-malgrupp\\\/#primaryimage\"},\"thumbnailUrl\":\"https:\\\/\\\/myright.se\\\/wp-content\\\/uploads\\\/2021\\\/12\\\/UN-A-disabled-youth-sitting-in-a-wheelchair-donated-by-the-UN-Volunteers-Nort-Darfur-Sudan-2012.jpg\",\"articleSection\":[\"Aktuellt\"],\"inLanguage\":\"en-GB\"},{\"@type\":\"WebPage\",\"@id\":\"https:\\\/\\\/myright.se\\\/bistandets-glomda-malgrupp\\\/\",\"url\":\"https:\\\/\\\/myright.se\\\/bistandets-glomda-malgrupp\\\/\",\"name\":\"Bist\u00e5ndets gl\u00f6mda m\u00e5lgrupp - MyRight\",\"isPartOf\":{\"@id\":\"https:\\\/\\\/myright.se\\\/#website\"},\"primaryImageOfPage\":{\"@id\":\"https:\\\/\\\/myright.se\\\/bistandets-glomda-malgrupp\\\/#primaryimage\"},\"image\":{\"@id\":\"https:\\\/\\\/myright.se\\\/bistandets-glomda-malgrupp\\\/#primaryimage\"},\"thumbnailUrl\":\"https:\\\/\\\/myright.se\\\/wp-content\\\/uploads\\\/2021\\\/12\\\/UN-A-disabled-youth-sitting-in-a-wheelchair-donated-by-the-UN-Volunteers-Nort-Darfur-Sudan-2012.jpg\",\"datePublished\":\"2025-12-03T06:00:00+00:00\",\"breadcrumb\":{\"@id\":\"https:\\\/\\\/myright.se\\\/bistandets-glomda-malgrupp\\\/#breadcrumb\"},\"inLanguage\":\"en-GB\",\"potentialAction\":[{\"@type\":\"ReadAction\",\"target\":[\"https:\\\/\\\/myright.se\\\/bistandets-glomda-malgrupp\\\/\"]}]},{\"@type\":\"ImageObject\",\"inLanguage\":\"en-GB\",\"@id\":\"https:\\\/\\\/myright.se\\\/bistandets-glomda-malgrupp\\\/#primaryimage\",\"url\":\"https:\\\/\\\/myright.se\\\/wp-content\\\/uploads\\\/2021\\\/12\\\/UN-A-disabled-youth-sitting-in-a-wheelchair-donated-by-the-UN-Volunteers-Nort-Darfur-Sudan-2012.jpg\",\"contentUrl\":\"https:\\\/\\\/myright.se\\\/wp-content\\\/uploads\\\/2021\\\/12\\\/UN-A-disabled-youth-sitting-in-a-wheelchair-donated-by-the-UN-Volunteers-Nort-Darfur-Sudan-2012.jpg\",\"width\":1200,\"height\":800,\"caption\":\"en ung flicka sitter i en rullstol i ett flyktingl\u00e4ger\"},{\"@type\":\"BreadcrumbList\",\"@id\":\"https:\\\/\\\/myright.se\\\/bistandets-glomda-malgrupp\\\/#breadcrumb\",\"itemListElement\":[{\"@type\":\"ListItem\",\"position\":1,\"name\":\"Hem\",\"item\":\"https:\\\/\\\/myright.se\\\/\"},{\"@type\":\"ListItem\",\"position\":2,\"name\":\"Bist\u00e5ndets gl\u00f6mda m\u00e5lgrupp\"}]},{\"@type\":\"WebSite\",\"@id\":\"https:\\\/\\\/myright.se\\\/#website\",\"url\":\"https:\\\/\\\/myright.se\\\/\",\"name\":\"MyRight\",\"description\":\"\",\"publisher\":{\"@id\":\"https:\\\/\\\/myright.se\\\/#organization\"},\"potentialAction\":[{\"@type\":\"SearchAction\",\"target\":{\"@type\":\"EntryPoint\",\"urlTemplate\":\"https:\\\/\\\/myright.se\\\/?s={search_term_string}\"},\"query-input\":{\"@type\":\"PropertyValueSpecification\",\"valueRequired\":true,\"valueName\":\"search_term_string\"}}],\"inLanguage\":\"en-GB\"},{\"@type\":\"Organization\",\"@id\":\"https:\\\/\\\/myright.se\\\/#organization\",\"name\":\"MyRight\",\"url\":\"https:\\\/\\\/myright.se\\\/\",\"logo\":{\"@type\":\"ImageObject\",\"inLanguage\":\"en-GB\",\"@id\":\"https:\\\/\\\/myright.se\\\/#\\\/schema\\\/logo\\\/image\\\/\",\"url\":\"https:\\\/\\\/myright.se\\\/wp-content\\\/uploads\\\/2020\\\/02\\\/Myright_logo_no_text_bredvid.png\",\"contentUrl\":\"https:\\\/\\\/myright.se\\\/wp-content\\\/uploads\\\/2020\\\/02\\\/Myright_logo_no_text_bredvid.png\",\"width\":2751,\"height\":816,\"caption\":\"MyRight\"},\"image\":{\"@id\":\"https:\\\/\\\/myright.se\\\/#\\\/schema\\\/logo\\\/image\\\/\"}},{\"@type\":\"Person\",\"@id\":\"https:\\\/\\\/myright.se\\\/#\\\/schema\\\/person\\\/73a598398a9494d74661326a0c9d55e6\",\"name\":\"Madeleine Jangard\",\"image\":{\"@type\":\"ImageObject\",\"inLanguage\":\"en-GB\",\"@id\":\"https:\\\/\\\/secure.gravatar.com\\\/avatar\\\/78a0b6a77a400e0d80a3a80dd2b429dd02994b0449d439ee5717cc053f07b511?s=96&d=mm&r=g\",\"url\":\"https:\\\/\\\/secure.gravatar.com\\\/avatar\\\/78a0b6a77a400e0d80a3a80dd2b429dd02994b0449d439ee5717cc053f07b511?s=96&d=mm&r=g\",\"contentUrl\":\"https:\\\/\\\/secure.gravatar.com\\\/avatar\\\/78a0b6a77a400e0d80a3a80dd2b429dd02994b0449d439ee5717cc053f07b511?s=96&d=mm&r=g\",\"caption\":\"Madeleine Jangard\"},\"url\":\"http:\\\/\\\/myright.se\\\/en\\\/author\\\/madeleine\\\/\"}]}<\/script>\n<!-- \/ Yoast SEO plugin. -->","yoast_head_json":{"title":"Bist\u00e5ndets gl\u00f6mda m\u00e5lgrupp - MyRight","robots":{"index":"index","follow":"follow","max-snippet":"max-snippet:-1","max-image-preview":"max-image-preview:large","max-video-preview":"max-video-preview:-1"},"canonical":"https:\/\/myright.se\/en\/bistandets-glomda-malgrupp\/","og_locale":"en_GB","og_type":"article","og_title":"Bist\u00e5ndets gl\u00f6mda m\u00e5lgrupp - MyRight","og_description":"Regeringar talar om effektiviseringar och prioriteringar i bist\u00e5ndet men personer med funktionsneds\u00e4ttning forts\u00e4tter att falla mellan stolarna, trots att de utg\u00f6r en av v\u00e4rldens mest utsatta grupper. De globala kriserna avl\u00f6ser varandra: klimatkatastrofer, konflikter, ekonomisk instabilitet och humanit\u00e4ra n\u00f6dl\u00e4gen. Samtidigt krymper bist\u00e5ndsbudgetarna. Alla vi som jobbar med internationellt utvecklingssamarbete vet vad det inneb\u00e4r i praktiken [&hellip;]","og_url":"https:\/\/myright.se\/en\/bistandets-glomda-malgrupp\/","og_site_name":"MyRight","article_published_time":"2025-12-03T06:00:00+00:00","og_image":[{"width":1200,"height":800,"url":"https:\/\/myright.se\/wp-content\/uploads\/2021\/12\/UN-A-disabled-youth-sitting-in-a-wheelchair-donated-by-the-UN-Volunteers-Nort-Darfur-Sudan-2012.jpg","type":"image\/jpeg"}],"author":"Madeleine Jangard","twitter_card":"summary_large_image","twitter_misc":{"Written by":"Madeleine Jangard","Estimated reading time":"4 minutes"},"schema":{"@context":"https:\/\/schema.org","@graph":[{"@type":"Article","@id":"https:\/\/myright.se\/bistandets-glomda-malgrupp\/#article","isPartOf":{"@id":"https:\/\/myright.se\/bistandets-glomda-malgrupp\/"},"author":{"name":"Madeleine Jangard","@id":"https:\/\/myright.se\/#\/schema\/person\/73a598398a9494d74661326a0c9d55e6"},"headline":"Bist\u00e5ndets gl\u00f6mda m\u00e5lgrupp","datePublished":"2025-12-03T06:00:00+00:00","mainEntityOfPage":{"@id":"https:\/\/myright.se\/bistandets-glomda-malgrupp\/"},"wordCount":882,"publisher":{"@id":"https:\/\/myright.se\/#organization"},"image":{"@id":"https:\/\/myright.se\/bistandets-glomda-malgrupp\/#primaryimage"},"thumbnailUrl":"https:\/\/myright.se\/wp-content\/uploads\/2021\/12\/UN-A-disabled-youth-sitting-in-a-wheelchair-donated-by-the-UN-Volunteers-Nort-Darfur-Sudan-2012.jpg","articleSection":["Aktuellt"],"inLanguage":"en-GB"},{"@type":"WebPage","@id":"https:\/\/myright.se\/bistandets-glomda-malgrupp\/","url":"https:\/\/myright.se\/bistandets-glomda-malgrupp\/","name":"Bist\u00e5ndets gl\u00f6mda m\u00e5lgrupp - MyRight","isPartOf":{"@id":"https:\/\/myright.se\/#website"},"primaryImageOfPage":{"@id":"https:\/\/myright.se\/bistandets-glomda-malgrupp\/#primaryimage"},"image":{"@id":"https:\/\/myright.se\/bistandets-glomda-malgrupp\/#primaryimage"},"thumbnailUrl":"https:\/\/myright.se\/wp-content\/uploads\/2021\/12\/UN-A-disabled-youth-sitting-in-a-wheelchair-donated-by-the-UN-Volunteers-Nort-Darfur-Sudan-2012.jpg","datePublished":"2025-12-03T06:00:00+00:00","breadcrumb":{"@id":"https:\/\/myright.se\/bistandets-glomda-malgrupp\/#breadcrumb"},"inLanguage":"en-GB","potentialAction":[{"@type":"ReadAction","target":["https:\/\/myright.se\/bistandets-glomda-malgrupp\/"]}]},{"@type":"ImageObject","inLanguage":"en-GB","@id":"https:\/\/myright.se\/bistandets-glomda-malgrupp\/#primaryimage","url":"https:\/\/myright.se\/wp-content\/uploads\/2021\/12\/UN-A-disabled-youth-sitting-in-a-wheelchair-donated-by-the-UN-Volunteers-Nort-Darfur-Sudan-2012.jpg","contentUrl":"https:\/\/myright.se\/wp-content\/uploads\/2021\/12\/UN-A-disabled-youth-sitting-in-a-wheelchair-donated-by-the-UN-Volunteers-Nort-Darfur-Sudan-2012.jpg","width":1200,"height":800,"caption":"en ung flicka sitter i en rullstol i ett flyktingl\u00e4ger"},{"@type":"BreadcrumbList","@id":"https:\/\/myright.se\/bistandets-glomda-malgrupp\/#breadcrumb","itemListElement":[{"@type":"ListItem","position":1,"name":"Hem","item":"https:\/\/myright.se\/"},{"@type":"ListItem","position":2,"name":"Bist\u00e5ndets gl\u00f6mda m\u00e5lgrupp"}]},{"@type":"WebSite","@id":"https:\/\/myright.se\/#website","url":"https:\/\/myright.se\/","name":"MyRight","description":"","publisher":{"@id":"https:\/\/myright.se\/#organization"},"potentialAction":[{"@type":"SearchAction","target":{"@type":"EntryPoint","urlTemplate":"https:\/\/myright.se\/?s={search_term_string}"},"query-input":{"@type":"PropertyValueSpecification","valueRequired":true,"valueName":"search_term_string"}}],"inLanguage":"en-GB"},{"@type":"Organization","@id":"https:\/\/myright.se\/#organization","name":"MyRight","url":"https:\/\/myright.se\/","logo":{"@type":"ImageObject","inLanguage":"en-GB","@id":"https:\/\/myright.se\/#\/schema\/logo\/image\/","url":"https:\/\/myright.se\/wp-content\/uploads\/2020\/02\/Myright_logo_no_text_bredvid.png","contentUrl":"https:\/\/myright.se\/wp-content\/uploads\/2020\/02\/Myright_logo_no_text_bredvid.png","width":2751,"height":816,"caption":"MyRight"},"image":{"@id":"https:\/\/myright.se\/#\/schema\/logo\/image\/"}},{"@type":"Person","@id":"https:\/\/myright.se\/#\/schema\/person\/73a598398a9494d74661326a0c9d55e6","name":"Madeleine Jangard","image":{"@type":"ImageObject","inLanguage":"en-GB","@id":"https:\/\/secure.gravatar.com\/avatar\/78a0b6a77a400e0d80a3a80dd2b429dd02994b0449d439ee5717cc053f07b511?s=96&d=mm&r=g","url":"https:\/\/secure.gravatar.com\/avatar\/78a0b6a77a400e0d80a3a80dd2b429dd02994b0449d439ee5717cc053f07b511?s=96&d=mm&r=g","contentUrl":"https:\/\/secure.gravatar.com\/avatar\/78a0b6a77a400e0d80a3a80dd2b429dd02994b0449d439ee5717cc053f07b511?s=96&d=mm&r=g","caption":"Madeleine Jangard"},"url":"http:\/\/myright.se\/en\/author\/madeleine\/"}]}},"_links":{"self":[{"href":"http:\/\/myright.se\/en\/wp-json\/wp\/v2\/posts\/30333","targetHints":{"allow":["GET"]}}],"collection":[{"href":"http:\/\/myright.se\/en\/wp-json\/wp\/v2\/posts"}],"about":[{"href":"http:\/\/myright.se\/en\/wp-json\/wp\/v2\/types\/post"}],"author":[{"embeddable":true,"href":"http:\/\/myright.se\/en\/wp-json\/wp\/v2\/users\/2"}],"replies":[{"embeddable":true,"href":"http:\/\/myright.se\/en\/wp-json\/wp\/v2\/comments?post=30333"}],"version-history":[{"count":13,"href":"http:\/\/myright.se\/en\/wp-json\/wp\/v2\/posts\/30333\/revisions"}],"predecessor-version":[{"id":30347,"href":"http:\/\/myright.se\/en\/wp-json\/wp\/v2\/posts\/30333\/revisions\/30347"}],"wp:featuredmedia":[{"embeddable":true,"href":"http:\/\/myright.se\/en\/wp-json\/wp\/v2\/media\/19006"}],"wp:attachment":[{"href":"http:\/\/myright.se\/en\/wp-json\/wp\/v2\/media?parent=30333"}],"wp:term":[{"taxonomy":"category","embeddable":true,"href":"http:\/\/myright.se\/en\/wp-json\/wp\/v2\/categories?post=30333"},{"taxonomy":"post_tag","embeddable":true,"href":"http:\/\/myright.se\/en\/wp-json\/wp\/v2\/tags?post=30333"}],"curies":[{"name":"wp","href":"https:\/\/api.w.org\/{rel}","templated":true}]}}