{"id":30427,"date":"2025-12-18T10:21:17","date_gmt":"2025-12-18T09:21:17","guid":{"rendered":"https:\/\/myright.se\/?p=30427"},"modified":"2025-12-18T10:32:30","modified_gmt":"2025-12-18T09:32:30","slug":"sven-arne-persson","status":"publish","type":"post","link":"http:\/\/myright.se\/en\/sven-arne-persson\/","title":{"rendered":"It has shaped my whole life"},"content":{"rendered":"<div data-elementor-type=\"wp-post\" data-elementor-id=\"30427\" class=\"elementor elementor-30427\" data-elementor-post-type=\"post\">\n\t\t\t\t\t\t<section class=\"elementor-section elementor-top-section elementor-element elementor-element-da05d41 elementor-section-boxed elementor-section-height-default elementor-section-height-default\" data-id=\"da05d41\" data-element_type=\"section\" data-e-type=\"section\">\n\t\t\t\t\t\t<div class=\"elementor-container elementor-column-gap-default\">\n\t\t\t\t\t<div class=\"elementor-column elementor-col-100 elementor-top-column elementor-element elementor-element-e9b0297\" data-id=\"e9b0297\" data-element_type=\"column\" data-e-type=\"column\">\n\t\t\t<div class=\"elementor-widget-wrap elementor-element-populated\">\n\t\t\t\t\t\t<div class=\"elementor-element elementor-element-b674da1 elementor-widget elementor-widget-image\" data-id=\"b674da1\" data-element_type=\"widget\" data-e-type=\"widget\" data-widget_type=\"image.default\">\n\t\t\t\t<div class=\"elementor-widget-container\">\n\t\t\t\t\t\t\t\t\t\t\t\t<figure class=\"wp-caption\">\n\t\t\t\t\t\t\t\t\t\t<img fetchpriority=\"high\" decoding=\"async\" width=\"580\" height=\"436\" src=\"https:\/\/myright.se\/wp-content\/uploads\/2025\/12\/Skarmbild-2025-12-18-101723.png\" class=\"attachment-large size-large wp-image-30428\" alt=\"Sven-Arne is leaning against a low stone wall, with a large city in the background.\" srcset=\"https:\/\/myright.se\/wp-content\/uploads\/2025\/12\/Skarmbild-2025-12-18-101723.png 630w, https:\/\/myright.se\/wp-content\/uploads\/2025\/12\/Skarmbild-2025-12-18-101723-300x226.png 300w, https:\/\/myright.se\/wp-content\/uploads\/2025\/12\/Skarmbild-2025-12-18-101723-16x12.png 16w, https:\/\/myright.se\/wp-content\/uploads\/2025\/12\/Skarmbild-2025-12-18-101723-600x451.png 600w\" sizes=\"(max-width: 580px) 100vw, 580px\" \/>\t\t\t\t\t\t\t\t\t\t\t<figcaption class=\"widget-image-caption wp-caption-text\">Sven Arne Persson.<\/figcaption>\n\t\t\t\t\t\t\t\t\t\t<\/figure>\n\t\t\t\t\t\t\t\t\t<\/div>\n\t\t\t\t<\/div>\n\t\t\t\t<div class=\"elementor-element elementor-element-4f9f899 elementor-widget elementor-widget-text-editor\" data-id=\"4f9f899\" data-element_type=\"widget\" data-e-type=\"widget\" data-widget_type=\"text-editor.default\">\n\t\t\t\t<div class=\"elementor-widget-container\">\n\t\t\t\t\t\t\t\t\t<p data-start=\"363\" data-end=\"635\"><strong>After 18 years of strong commitment to disability rights issues, Sven-Arne Persson is retiring. We at MyRight would like to recognise and thank him for his long and deeply committed work for human rights - and for all the people he has met and supported along the way.<\/strong><\/p><p data-start=\"637\" data-end=\"1000\">Sven-Arne's commitment took shape during his time as a teacher at an adapted secondary school. During a school trip to Nicaragua, he became aware of the situation of people with intellectual disabilities in other parts of the world. It was a wake-up call - and the start of an international commitment that would characterise much of his life.<\/p><p data-start=\"1002\" data-end=\"1401\">Work continued within FUB, an organisation working for people with intellectual disabilities. Through FUB, several international projects were run in collaboration with MyRight, including in Nicaragua, Rwanda, Bolivia and Peru. Five years ago, Sven-Arne also co-founded the organisation AGI - Association Global Inclusion - which focuses entirely on international disability rights projects.<\/p><p data-start=\"1403\" data-end=\"1883\">In an interview with MyRight, Sven-Arne talks about memories that have made a particularly strong impression on him. One of them is from Rwanda, where he met mothers of children with intellectual disabilities who were frozen out of their communities. In some cases, they were considered witches - as if the child's disability was a punishment from God. A painful memory, which clearly reflects the vulnerability that people with intellectual disabilities and their families can face.<\/p><p data-start=\"1885\" data-end=\"2242\">But there are also brighter memories. During one of his recent trips to Bolivia, Sven-Arne met a new generation of young people with intellectual disabilities who are organising themselves, demanding their rights and seeing themselves as rights bearers. A development he partly links to the networks that AGI has built up between Bolivia, Peru and Sweden.<\/p><p data-start=\"2244\" data-end=\"2408\">Despite his long involvement, he is surprised by how quickly these networks have grown - and the power of bringing together young people in similar situations.<\/p>\t\t\t\t\t\t\t\t<\/div>\n\t\t\t\t<\/div>\n\t\t\t\t<div class=\"elementor-element elementor-element-c59b73a elementor-blockquote--skin-quotation elementor-widget elementor-widget-blockquote\" data-id=\"c59b73a\" data-element_type=\"widget\" data-e-type=\"widget\" data-widget_type=\"blockquote.default\">\n\t\t\t\t<div class=\"elementor-widget-container\">\n\t\t\t\t\t\t\t<blockquote class=\"elementor-blockquote\">\n\t\t\t<p class=\"elementor-blockquote__content\">\n\t\t\t\t- It's hard to explain in a nutshell, but it's about going from loneliness and isolation, where you didn't feel like you mattered, to suddenly meeting lots of other young people in the same situation.\t\t\t<\/p>\n\t\t\t\t\t<\/blockquote>\n\t\t\t\t\t\t<\/div>\n\t\t\t\t<\/div>\n\t\t\t\t<div class=\"elementor-element elementor-element-6a13926 elementor-widget elementor-widget-text-editor\" data-id=\"6a13926\" data-element_type=\"widget\" data-e-type=\"widget\" data-widget_type=\"text-editor.default\">\n\t\t\t\t<div class=\"elementor-widget-container\">\n\t\t\t\t\t\t\t\t\t<p data-start=\"2610\" data-end=\"2966\">During his years with FUB and AGI, Sven-Arne has also learnt the importance of sensitivity and humility in international work. He emphasises the risk of being a white man, with both power and resources, stepping into a new context and unconsciously assuming a superior position. When this happens, there is a risk that people will not dare to be honest or speak up when something is not working.<\/p><p data-start=\"2968\" data-end=\"3229\">For him, the solution has been openness - showing that he too can make mistakes. To keep things in perspective, he also asks himself how he would have felt if someone from Bolivia, for example, had come into his own local context and tried to control and decide.<\/p><p data-start=\"3231\" data-end=\"3559\">Finally, Sven-Arne shares advice for others who are thinking about getting involved internationally. A first step could be to contact a disability rights organisation in your area, to hear about ongoing projects - or if there is interest in starting something new. The most important thing, he says, is commitment.<\/p><p data-start=\"3561\" data-end=\"3846\">He also explains how the work has affected him personally. Today, he describes himself as more grateful and more attentive to the little things in life. Meeting people who live with very little material resources, but still feel joy, has changed his view of what is really important.<\/p>\t\t\t\t\t\t\t\t<\/div>\n\t\t\t\t<\/div>\n\t\t\t\t<div class=\"elementor-element elementor-element-39d2c8a elementor-widget elementor-widget-image\" data-id=\"39d2c8a\" data-element_type=\"widget\" data-e-type=\"widget\" data-widget_type=\"image.default\">\n\t\t\t\t<div class=\"elementor-widget-container\">\n\t\t\t\t\t\t\t\t\t\t\t\t<figure class=\"wp-caption\">\n\t\t\t\t\t\t\t\t\t\t<img decoding=\"async\" width=\"580\" height=\"266\" src=\"https:\/\/myright.se\/wp-content\/uploads\/2025\/12\/Skarmbild-2025-12-18-101814-1024x470.png\" class=\"attachment-large size-large wp-image-30430\" alt=\"\" srcset=\"https:\/\/myright.se\/wp-content\/uploads\/2025\/12\/Skarmbild-2025-12-18-101814-1024x470.png 1024w, https:\/\/myright.se\/wp-content\/uploads\/2025\/12\/Skarmbild-2025-12-18-101814-300x138.png 300w, https:\/\/myright.se\/wp-content\/uploads\/2025\/12\/Skarmbild-2025-12-18-101814-768x353.png 768w, https:\/\/myright.se\/wp-content\/uploads\/2025\/12\/Skarmbild-2025-12-18-101814-18x8.png 18w, https:\/\/myright.se\/wp-content\/uploads\/2025\/12\/Skarmbild-2025-12-18-101814-1200x551.png 1200w, https:\/\/myright.se\/wp-content\/uploads\/2025\/12\/Skarmbild-2025-12-18-101814-600x275.png 600w, https:\/\/myright.se\/wp-content\/uploads\/2025\/12\/Skarmbild-2025-12-18-101814.png 1453w\" sizes=\"(max-width: 580px) 100vw, 580px\" \/>\t\t\t\t\t\t\t\t\t\t\t<figcaption class=\"widget-image-caption wp-caption-text\">Sven Arne and Anna from AGI in Guayaramerin.<\/figcaption>\n\t\t\t\t\t\t\t\t\t\t<\/figure>\n\t\t\t\t\t\t\t\t\t<\/div>\n\t\t\t\t<\/div>\n\t\t\t\t<div class=\"elementor-element elementor-element-04418b7 elementor-blockquote--skin-quotation elementor-widget elementor-widget-blockquote\" data-id=\"04418b7\" data-element_type=\"widget\" data-e-type=\"widget\" data-widget_type=\"blockquote.default\">\n\t\t\t\t<div class=\"elementor-widget-container\">\n\t\t\t\t\t\t\t<blockquote class=\"elementor-blockquote\">\n\t\t\t<p class=\"elementor-blockquote__content\">\n\t\t\t\t- It has enriched me, my inner world. I am very grateful to have had the chance. It has not felt like a sacrifice, but like an opportunity,\" Sven-Arne concludes.\t\t\t<\/p>\n\t\t\t\t\t<\/blockquote>\n\t\t\t\t\t\t<\/div>\n\t\t\t\t<\/div>\n\t\t\t\t<div class=\"elementor-element elementor-element-6a90f6d elementor-widget elementor-widget-text-editor\" data-id=\"6a90f6d\" data-element_type=\"widget\" data-e-type=\"widget\" data-widget_type=\"text-editor.default\">\n\t\t\t\t<div class=\"elementor-widget-container\">\n\t\t\t\t\t\t\t\t\t<p data-start=\"4019\" data-end=\"4286\">We at MyRight would like to extend a warm thank you to Sven-Arne for all his years of co-operation and commitment. We hope that the work he has helped to build continues to live on - and inspires more people to get involved in disability rights and human rights globally.<\/p><p data-start=\"4288\" data-end=\"4458\">If you are interested in international development work and disability rights issues, you are welcome to contact any of MyRight's member organisations.<\/p>\t\t\t\t\t\t\t\t<\/div>\n\t\t\t\t<\/div>\n\t\t\t\t\t<\/div>\n\t\t<\/div>\n\t\t\t\t\t<\/div>\n\t\t<\/section>\n\t\t\t\t<\/div>","protected":false},"excerpt":{"rendered":"<p>Sven-Arne Persson is retiring after 18 years of international commitment to disability rights. From the classroom in the adapted upper secondary school to projects in Rwanda, Bolivia and Peru, his work has been characterised by sensitivity, humility and a strong belief in everyone's right to participate in society.<\/p>","protected":false},"author":2,"featured_media":30428,"comment_status":"closed","ping_status":"closed","sticky":false,"template":"","format":"standard","meta":{"footnotes":""},"categories":[49],"tags":[],"class_list":["post-30427","post","type-post","status-publish","format-standard","has-post-thumbnail","hentry","category-aktuellt"],"yoast_head":"<!-- This site is optimized with the Yoast SEO plugin v27.5 - https:\/\/yoast.com\/product\/yoast-seo-wordpress\/ -->\n<title>Det har format hela mitt liv - MyRight<\/title>\n<meta name=\"robots\" content=\"index, follow, max-snippet:-1, max-image-preview:large, max-video-preview:-1\" \/>\n<link rel=\"canonical\" href=\"https:\/\/myright.se\/en\/sven-arne-persson\/\" \/>\n<meta property=\"og:locale\" content=\"en_GB\" \/>\n<meta property=\"og:type\" content=\"article\" \/>\n<meta property=\"og:title\" content=\"Det har format hela mitt liv - MyRight\" \/>\n<meta property=\"og:description\" content=\"Efter 18 \u00e5r av internationellt engagemang f\u00f6r funktionsr\u00e4tt g\u00e5r Sven-Arne Persson i pension. Fr\u00e5n klassrummet i den anpassade gymnasieskolan till projekt i Rwanda, Bolivia och Peru har hans arbete pr\u00e4glats av lyh\u00f6rdhet, \u00f6dmjukhet och en stark tro p\u00e5 allas r\u00e4tt att delta i samh\u00e4llet.\" \/>\n<meta property=\"og:url\" content=\"https:\/\/myright.se\/en\/sven-arne-persson\/\" \/>\n<meta property=\"og:site_name\" content=\"MyRight\" \/>\n<meta property=\"article:published_time\" content=\"2025-12-18T09:21:17+00:00\" \/>\n<meta property=\"article:modified_time\" content=\"2025-12-18T09:32:30+00:00\" \/>\n<meta property=\"og:image\" content=\"https:\/\/myright.se\/wp-content\/uploads\/2025\/12\/Skarmbild-2025-12-18-101723.png\" \/>\n\t<meta property=\"og:image:width\" content=\"630\" \/>\n\t<meta property=\"og:image:height\" content=\"474\" \/>\n\t<meta property=\"og:image:type\" content=\"image\/png\" \/>\n<meta name=\"author\" content=\"Madeleine Jangard\" \/>\n<meta name=\"twitter:card\" content=\"summary_large_image\" \/>\n<meta name=\"twitter:label1\" content=\"Written by\" \/>\n\t<meta name=\"twitter:data1\" content=\"Madeleine Jangard\" \/>\n\t<meta name=\"twitter:label2\" content=\"Estimated reading time\" \/>\n\t<meta name=\"twitter:data2\" content=\"4 minutes\" \/>\n<script type=\"application\/ld+json\" class=\"yoast-schema-graph\">{\"@context\":\"https:\\\/\\\/schema.org\",\"@graph\":[{\"@type\":\"Article\",\"@id\":\"https:\\\/\\\/myright.se\\\/sven-arne-persson\\\/#article\",\"isPartOf\":{\"@id\":\"https:\\\/\\\/myright.se\\\/sven-arne-persson\\\/\"},\"author\":{\"name\":\"Madeleine Jangard\",\"@id\":\"https:\\\/\\\/myright.se\\\/#\\\/schema\\\/person\\\/73a598398a9494d74661326a0c9d55e6\"},\"headline\":\"Det har format hela mitt liv\",\"datePublished\":\"2025-12-18T09:21:17+00:00\",\"dateModified\":\"2025-12-18T09:32:30+00:00\",\"mainEntityOfPage\":{\"@id\":\"https:\\\/\\\/myright.se\\\/sven-arne-persson\\\/\"},\"wordCount\":771,\"publisher\":{\"@id\":\"https:\\\/\\\/myright.se\\\/#organization\"},\"image\":{\"@id\":\"https:\\\/\\\/myright.se\\\/sven-arne-persson\\\/#primaryimage\"},\"thumbnailUrl\":\"https:\\\/\\\/myright.se\\\/wp-content\\\/uploads\\\/2025\\\/12\\\/Skarmbild-2025-12-18-101723.png\",\"articleSection\":[\"Aktuellt\"],\"inLanguage\":\"en-GB\"},{\"@type\":\"WebPage\",\"@id\":\"https:\\\/\\\/myright.se\\\/sven-arne-persson\\\/\",\"url\":\"https:\\\/\\\/myright.se\\\/sven-arne-persson\\\/\",\"name\":\"Det har format hela mitt liv - MyRight\",\"isPartOf\":{\"@id\":\"https:\\\/\\\/myright.se\\\/#website\"},\"primaryImageOfPage\":{\"@id\":\"https:\\\/\\\/myright.se\\\/sven-arne-persson\\\/#primaryimage\"},\"image\":{\"@id\":\"https:\\\/\\\/myright.se\\\/sven-arne-persson\\\/#primaryimage\"},\"thumbnailUrl\":\"https:\\\/\\\/myright.se\\\/wp-content\\\/uploads\\\/2025\\\/12\\\/Skarmbild-2025-12-18-101723.png\",\"datePublished\":\"2025-12-18T09:21:17+00:00\",\"dateModified\":\"2025-12-18T09:32:30+00:00\",\"breadcrumb\":{\"@id\":\"https:\\\/\\\/myright.se\\\/sven-arne-persson\\\/#breadcrumb\"},\"inLanguage\":\"en-GB\",\"potentialAction\":[{\"@type\":\"ReadAction\",\"target\":[\"https:\\\/\\\/myright.se\\\/sven-arne-persson\\\/\"]}]},{\"@type\":\"ImageObject\",\"inLanguage\":\"en-GB\",\"@id\":\"https:\\\/\\\/myright.se\\\/sven-arne-persson\\\/#primaryimage\",\"url\":\"https:\\\/\\\/myright.se\\\/wp-content\\\/uploads\\\/2025\\\/12\\\/Skarmbild-2025-12-18-101723.png\",\"contentUrl\":\"https:\\\/\\\/myright.se\\\/wp-content\\\/uploads\\\/2025\\\/12\\\/Skarmbild-2025-12-18-101723.png\",\"width\":630,\"height\":474,\"caption\":\"Sven-Arne st\u00e5r lutad mot en l\u00e5g stenmur, i bakgrunden syns en stor stad.\"},{\"@type\":\"BreadcrumbList\",\"@id\":\"https:\\\/\\\/myright.se\\\/sven-arne-persson\\\/#breadcrumb\",\"itemListElement\":[{\"@type\":\"ListItem\",\"position\":1,\"name\":\"Hem\",\"item\":\"https:\\\/\\\/myright.se\\\/\"},{\"@type\":\"ListItem\",\"position\":2,\"name\":\"Det har format hela mitt liv\"}]},{\"@type\":\"WebSite\",\"@id\":\"https:\\\/\\\/myright.se\\\/#website\",\"url\":\"https:\\\/\\\/myright.se\\\/\",\"name\":\"MyRight\",\"description\":\"\",\"publisher\":{\"@id\":\"https:\\\/\\\/myright.se\\\/#organization\"},\"potentialAction\":[{\"@type\":\"SearchAction\",\"target\":{\"@type\":\"EntryPoint\",\"urlTemplate\":\"https:\\\/\\\/myright.se\\\/?s={search_term_string}\"},\"query-input\":{\"@type\":\"PropertyValueSpecification\",\"valueRequired\":true,\"valueName\":\"search_term_string\"}}],\"inLanguage\":\"en-GB\"},{\"@type\":\"Organization\",\"@id\":\"https:\\\/\\\/myright.se\\\/#organization\",\"name\":\"MyRight\",\"url\":\"https:\\\/\\\/myright.se\\\/\",\"logo\":{\"@type\":\"ImageObject\",\"inLanguage\":\"en-GB\",\"@id\":\"https:\\\/\\\/myright.se\\\/#\\\/schema\\\/logo\\\/image\\\/\",\"url\":\"https:\\\/\\\/myright.se\\\/wp-content\\\/uploads\\\/2020\\\/02\\\/Myright_logo_no_text_bredvid.png\",\"contentUrl\":\"https:\\\/\\\/myright.se\\\/wp-content\\\/uploads\\\/2020\\\/02\\\/Myright_logo_no_text_bredvid.png\",\"width\":2751,\"height\":816,\"caption\":\"MyRight\"},\"image\":{\"@id\":\"https:\\\/\\\/myright.se\\\/#\\\/schema\\\/logo\\\/image\\\/\"}},{\"@type\":\"Person\",\"@id\":\"https:\\\/\\\/myright.se\\\/#\\\/schema\\\/person\\\/73a598398a9494d74661326a0c9d55e6\",\"name\":\"Madeleine Jangard\",\"image\":{\"@type\":\"ImageObject\",\"inLanguage\":\"en-GB\",\"@id\":\"https:\\\/\\\/secure.gravatar.com\\\/avatar\\\/78a0b6a77a400e0d80a3a80dd2b429dd02994b0449d439ee5717cc053f07b511?s=96&d=mm&r=g\",\"url\":\"https:\\\/\\\/secure.gravatar.com\\\/avatar\\\/78a0b6a77a400e0d80a3a80dd2b429dd02994b0449d439ee5717cc053f07b511?s=96&d=mm&r=g\",\"contentUrl\":\"https:\\\/\\\/secure.gravatar.com\\\/avatar\\\/78a0b6a77a400e0d80a3a80dd2b429dd02994b0449d439ee5717cc053f07b511?s=96&d=mm&r=g\",\"caption\":\"Madeleine Jangard\"},\"url\":\"http:\\\/\\\/myright.se\\\/en\\\/author\\\/madeleine\\\/\"}]}<\/script>\n<!-- \/ Yoast SEO plugin. -->","yoast_head_json":{"title":"It has shaped my whole life - MyRight","robots":{"index":"index","follow":"follow","max-snippet":"max-snippet:-1","max-image-preview":"max-image-preview:large","max-video-preview":"max-video-preview:-1"},"canonical":"https:\/\/myright.se\/en\/sven-arne-persson\/","og_locale":"en_GB","og_type":"article","og_title":"Det har format hela mitt liv - MyRight","og_description":"Efter 18 \u00e5r av internationellt engagemang f\u00f6r funktionsr\u00e4tt g\u00e5r Sven-Arne Persson i pension. Fr\u00e5n klassrummet i den anpassade gymnasieskolan till projekt i Rwanda, Bolivia och Peru har hans arbete pr\u00e4glats av lyh\u00f6rdhet, \u00f6dmjukhet och en stark tro p\u00e5 allas r\u00e4tt att delta i samh\u00e4llet.","og_url":"https:\/\/myright.se\/en\/sven-arne-persson\/","og_site_name":"MyRight","article_published_time":"2025-12-18T09:21:17+00:00","article_modified_time":"2025-12-18T09:32:30+00:00","og_image":[{"width":630,"height":474,"url":"https:\/\/myright.se\/wp-content\/uploads\/2025\/12\/Skarmbild-2025-12-18-101723.png","type":"image\/png"}],"author":"Madeleine Jangard","twitter_card":"summary_large_image","twitter_misc":{"Written by":"Madeleine Jangard","Estimated reading time":"4 minutes"},"schema":{"@context":"https:\/\/schema.org","@graph":[{"@type":"Article","@id":"https:\/\/myright.se\/sven-arne-persson\/#article","isPartOf":{"@id":"https:\/\/myright.se\/sven-arne-persson\/"},"author":{"name":"Madeleine Jangard","@id":"https:\/\/myright.se\/#\/schema\/person\/73a598398a9494d74661326a0c9d55e6"},"headline":"Det har format hela mitt liv","datePublished":"2025-12-18T09:21:17+00:00","dateModified":"2025-12-18T09:32:30+00:00","mainEntityOfPage":{"@id":"https:\/\/myright.se\/sven-arne-persson\/"},"wordCount":771,"publisher":{"@id":"https:\/\/myright.se\/#organization"},"image":{"@id":"https:\/\/myright.se\/sven-arne-persson\/#primaryimage"},"thumbnailUrl":"https:\/\/myright.se\/wp-content\/uploads\/2025\/12\/Skarmbild-2025-12-18-101723.png","articleSection":["Aktuellt"],"inLanguage":"en-GB"},{"@type":"WebPage","@id":"https:\/\/myright.se\/sven-arne-persson\/","url":"https:\/\/myright.se\/sven-arne-persson\/","name":"It has shaped my whole life - MyRight","isPartOf":{"@id":"https:\/\/myright.se\/#website"},"primaryImageOfPage":{"@id":"https:\/\/myright.se\/sven-arne-persson\/#primaryimage"},"image":{"@id":"https:\/\/myright.se\/sven-arne-persson\/#primaryimage"},"thumbnailUrl":"https:\/\/myright.se\/wp-content\/uploads\/2025\/12\/Skarmbild-2025-12-18-101723.png","datePublished":"2025-12-18T09:21:17+00:00","dateModified":"2025-12-18T09:32:30+00:00","breadcrumb":{"@id":"https:\/\/myright.se\/sven-arne-persson\/#breadcrumb"},"inLanguage":"en-GB","potentialAction":[{"@type":"ReadAction","target":["https:\/\/myright.se\/sven-arne-persson\/"]}]},{"@type":"ImageObject","inLanguage":"en-GB","@id":"https:\/\/myright.se\/sven-arne-persson\/#primaryimage","url":"https:\/\/myright.se\/wp-content\/uploads\/2025\/12\/Skarmbild-2025-12-18-101723.png","contentUrl":"https:\/\/myright.se\/wp-content\/uploads\/2025\/12\/Skarmbild-2025-12-18-101723.png","width":630,"height":474,"caption":"Sven-Arne st\u00e5r lutad mot en l\u00e5g stenmur, i bakgrunden syns en stor stad."},{"@type":"BreadcrumbList","@id":"https:\/\/myright.se\/sven-arne-persson\/#breadcrumb","itemListElement":[{"@type":"ListItem","position":1,"name":"Hem","item":"https:\/\/myright.se\/"},{"@type":"ListItem","position":2,"name":"Det har format hela mitt liv"}]},{"@type":"WebSite","@id":"https:\/\/myright.se\/#website","url":"https:\/\/myright.se\/","name":"MyRight","description":"","publisher":{"@id":"https:\/\/myright.se\/#organization"},"potentialAction":[{"@type":"SearchAction","target":{"@type":"EntryPoint","urlTemplate":"https:\/\/myright.se\/?s={search_term_string}"},"query-input":{"@type":"PropertyValueSpecification","valueRequired":true,"valueName":"search_term_string"}}],"inLanguage":"en-GB"},{"@type":"Organization","@id":"https:\/\/myright.se\/#organization","name":"MyRight","url":"https:\/\/myright.se\/","logo":{"@type":"ImageObject","inLanguage":"en-GB","@id":"https:\/\/myright.se\/#\/schema\/logo\/image\/","url":"https:\/\/myright.se\/wp-content\/uploads\/2020\/02\/Myright_logo_no_text_bredvid.png","contentUrl":"https:\/\/myright.se\/wp-content\/uploads\/2020\/02\/Myright_logo_no_text_bredvid.png","width":2751,"height":816,"caption":"MyRight"},"image":{"@id":"https:\/\/myright.se\/#\/schema\/logo\/image\/"}},{"@type":"Person","@id":"https:\/\/myright.se\/#\/schema\/person\/73a598398a9494d74661326a0c9d55e6","name":"Madeleine Jangard","image":{"@type":"ImageObject","inLanguage":"en-GB","@id":"https:\/\/secure.gravatar.com\/avatar\/78a0b6a77a400e0d80a3a80dd2b429dd02994b0449d439ee5717cc053f07b511?s=96&d=mm&r=g","url":"https:\/\/secure.gravatar.com\/avatar\/78a0b6a77a400e0d80a3a80dd2b429dd02994b0449d439ee5717cc053f07b511?s=96&d=mm&r=g","contentUrl":"https:\/\/secure.gravatar.com\/avatar\/78a0b6a77a400e0d80a3a80dd2b429dd02994b0449d439ee5717cc053f07b511?s=96&d=mm&r=g","caption":"Madeleine Jangard"},"url":"http:\/\/myright.se\/en\/author\/madeleine\/"}]}},"_links":{"self":[{"href":"http:\/\/myright.se\/en\/wp-json\/wp\/v2\/posts\/30427","targetHints":{"allow":["GET"]}}],"collection":[{"href":"http:\/\/myright.se\/en\/wp-json\/wp\/v2\/posts"}],"about":[{"href":"http:\/\/myright.se\/en\/wp-json\/wp\/v2\/types\/post"}],"author":[{"embeddable":true,"href":"http:\/\/myright.se\/en\/wp-json\/wp\/v2\/users\/2"}],"replies":[{"embeddable":true,"href":"http:\/\/myright.se\/en\/wp-json\/wp\/v2\/comments?post=30427"}],"version-history":[{"count":7,"href":"http:\/\/myright.se\/en\/wp-json\/wp\/v2\/posts\/30427\/revisions"}],"predecessor-version":[{"id":30437,"href":"http:\/\/myright.se\/en\/wp-json\/wp\/v2\/posts\/30427\/revisions\/30437"}],"wp:featuredmedia":[{"embeddable":true,"href":"http:\/\/myright.se\/en\/wp-json\/wp\/v2\/media\/30428"}],"wp:attachment":[{"href":"http:\/\/myright.se\/en\/wp-json\/wp\/v2\/media?parent=30427"}],"wp:term":[{"taxonomy":"category","embeddable":true,"href":"http:\/\/myright.se\/en\/wp-json\/wp\/v2\/categories?post=30427"},{"taxonomy":"post_tag","embeddable":true,"href":"http:\/\/myright.se\/en\/wp-json\/wp\/v2\/tags?post=30427"}],"curies":[{"name":"wp","href":"https:\/\/api.w.org\/{rel}","templated":true}]}}