{"id":25893,"date":"2024-01-26T15:33:34","date_gmt":"2024-01-26T14:33:34","guid":{"rendered":"https:\/\/myright.se\/?p=25893"},"modified":"2024-01-26T15:37:09","modified_gmt":"2024-01-26T14:37:09","slug":"la-educacion-puede-cambiar-vidas","status":"publish","type":"post","link":"http:\/\/myright.se\/es\/en-utbildning-kan-forandra-liv\/","title":{"rendered":"La educaci\u00f3n puede cambiar vidas"},"content":{"rendered":"<div data-elementor-type=\"wp-post\" data-elementor-id=\"25893\" class=\"elementor elementor-25893\" data-elementor-post-type=\"post\">\n\t\t\t\t\t\t<section class=\"elementor-section elementor-top-section elementor-element elementor-element-8081060 elementor-section-boxed elementor-section-height-default elementor-section-height-default\" data-id=\"8081060\" data-element_type=\"section\" data-e-type=\"section\">\n\t\t\t\t\t\t<div class=\"elementor-container elementor-column-gap-default\">\n\t\t\t\t\t<div class=\"elementor-column elementor-col-100 elementor-top-column elementor-element elementor-element-bac3620\" data-id=\"bac3620\" data-element_type=\"column\" data-e-type=\"column\">\n\t\t\t<div class=\"elementor-widget-wrap elementor-element-populated\">\n\t\t\t\t\t\t<div class=\"elementor-element elementor-element-44d2954 elementor-widget elementor-widget-image\" data-id=\"44d2954\" data-element_type=\"widget\" data-e-type=\"widget\" data-widget_type=\"image.default\">\n\t\t\t\t<div class=\"elementor-widget-container\">\n\t\t\t\t\t\t\t\t\t\t\t\t\t\t\t<img fetchpriority=\"high\" decoding=\"async\" width=\"300\" height=\"227\" src=\"https:\/\/myright.se\/wp-content\/uploads\/2024\/01\/Mohan-300x227.png\" class=\"attachment-medium size-medium wp-image-25897\" alt=\"Mohan tiene el pelo corto y oscuro. En la foto se le ve recibiendo un diploma delante de su taller de motocicletas,\" srcset=\"https:\/\/myright.se\/wp-content\/uploads\/2024\/01\/Mohan-300x227.png 300w, https:\/\/myright.se\/wp-content\/uploads\/2024\/01\/Mohan-768x582.png 768w, https:\/\/myright.se\/wp-content\/uploads\/2024\/01\/Mohan-16x12.png 16w, https:\/\/myright.se\/wp-content\/uploads\/2024\/01\/Mohan-600x455.png 600w, https:\/\/myright.se\/wp-content\/uploads\/2024\/01\/Mohan.png 810w\" sizes=\"(max-width: 300px) 100vw, 300px\" \/>\t\t\t\t\t\t\t\t\t\t\t\t\t\t\t<\/div>\n\t\t\t\t<\/div>\n\t\t\t\t<div class=\"elementor-element elementor-element-db31dfa elementor-widget elementor-widget-text-editor\" data-id=\"db31dfa\" data-element_type=\"widget\" data-e-type=\"widget\" data-widget_type=\"text-editor.default\">\n\t\t\t\t<div class=\"elementor-widget-container\">\n\t\t\t\t\t\t\t\t\t<p>Mohan Lal Chaudhary vive con su esposa, Priyanka, tambi\u00e9n sorda, en Dhangadhi, en el distrito de Kailali. Ambos proceden de un entorno econ\u00f3micamente pobre. Mohan asisti\u00f3 a una escuela para sordos hasta quinto curso, pero no pudo<br \/>continuar debido a la situaci\u00f3n econ\u00f3mica de la familia. Al crecer, Mohan tuvo dificultades para encontrar trabajo.<\/p><p>Mohan dice que no ten\u00eda ingresos regulares y que le resultaba dif\u00edcil mantener a su familia. \u201dComo tengo un origen econ\u00f3mico pobre, era dif\u00edcil. No ten\u00eda ni idea de qu\u00e9 hacer ni de c\u00f3mo mejorar mis ingresos. Al mismo tiempo, sab\u00eda que habr\u00eda cargas financieras adicionales, como el coste de la escolarizaci\u00f3n de mis hijos\u201d, dice Mohan.<\/p><p>Un d\u00eda, la mujer de Mohan le inform\u00f3 de una formaci\u00f3n profesional organizada por la Asociaci\u00f3n de Sordos de Kailali (DAOK). Mohan se inscribi\u00f3 y recibi\u00f3 formaci\u00f3n en reparaci\u00f3n de motocicletas. Aprendi\u00f3 r\u00e1pido y, gracias a su dedicaci\u00f3n y trabajo, complet\u00f3 la formaci\u00f3n con buenas notas. Despu\u00e9s, no tard\u00f3 en conseguir trabajo en el taller de motocicletas Kailpal.<\/p><p>\u201dSol\u00eda trabajar como obrero no cualificado para mantener a mi familia. Ahora tenemos 9.800 rupias nepal\u00edes (900<br \/>coronas) al mes. Yo, mi mujer y nuestra familia somos felices\u201d, dice Mohan. \u201dLa formaci\u00f3n y el apoyo de DAOK han<br \/>mejorado la vida de nuestra familia. Ahora estamos pensando en abrir nuestro propio peque\u00f1o taller y formar a otros sordos que est\u00e9n interesados\u201d, dice Priyanka.<\/p><p>La dedicaci\u00f3n del Sr. Mohan a su trabajo y sus ingresos regulares han mejorado su estatus en la comunidad local.<br \/>\u201dA\u00fan recuerdo los d\u00edas en que la gente de mi entorno se burlaba de m\u00ed y dec\u00eda que los sordos no pod\u00edan hacer trabajos cualificados. Pero hoy, con mi \u00e9xito en el trabajo, mi estatus ha cambiado. Mis vecinos han empezado a saludarme con una sonrisa y mis amigos sordos me preguntan por el trabajo. A mucha gente le interesa este tipo de trabajo\u201d, concluye el Sr. Mohan.<\/p>\t\t\t\t\t\t\t\t<\/div>\n\t\t\t\t<\/div>\n\t\t\t\t\t<\/div>\n\t\t<\/div>\n\t\t\t\t\t<\/div>\n\t\t<\/section>\n\t\t\t\t<\/div>","protected":false},"excerpt":{"rendered":"<p>Mohan, que es sordo, super\u00f3 el desempleo gracias a una formaci\u00f3n en reparaci\u00f3n de motocicletas, que le dio empleo y mejor\u00f3 la econom\u00eda familiar.<\/p>","protected":false},"author":2,"featured_media":25897,"comment_status":"closed","ping_status":"closed","sticky":false,"template":"","format":"standard","meta":{"footnotes":""},"categories":[49,37,40],"tags":[],"class_list":["post-25893","post","type-post","status-publish","format-standard","has-post-thumbnail","hentry","category-aktuellt","category-berattelser","category-nepal"],"yoast_head":"<!-- This site is optimized with the Yoast SEO plugin v27.5 - https:\/\/yoast.com\/product\/yoast-seo-wordpress\/ -->\n<title>En utbildning kan f\u00f6r\u00e4ndra liv - MyRight<\/title>\n<meta name=\"robots\" content=\"index, follow, max-snippet:-1, max-image-preview:large, max-video-preview:-1\" \/>\n<link rel=\"canonical\" href=\"https:\/\/myright.se\/es\/la-educacion-puede-cambiar-vidas\/\" \/>\n<meta property=\"og:locale\" content=\"es_ES\" \/>\n<meta property=\"og:type\" content=\"article\" \/>\n<meta property=\"og:title\" content=\"En utbildning kan f\u00f6r\u00e4ndra liv - MyRight\" \/>\n<meta property=\"og:description\" content=\"Mohan som \u00e4r d\u00f6v \u00f6vervann arbetsl\u00f6shet genom en motorcykelreparationsutbildning vilket ledde till anst\u00e4llning och f\u00f6rb\u00e4ttring av familjens ekonomi.\" \/>\n<meta property=\"og:url\" content=\"https:\/\/myright.se\/es\/la-educacion-puede-cambiar-vidas\/\" \/>\n<meta property=\"og:site_name\" content=\"MyRight\" \/>\n<meta property=\"article:published_time\" content=\"2024-01-26T14:33:34+00:00\" \/>\n<meta property=\"article:modified_time\" content=\"2024-01-26T14:37:09+00:00\" \/>\n<meta property=\"og:image\" content=\"https:\/\/myright.se\/wp-content\/uploads\/2024\/01\/Mohan.png\" \/>\n\t<meta property=\"og:image:width\" content=\"810\" \/>\n\t<meta property=\"og:image:height\" content=\"614\" \/>\n\t<meta property=\"og:image:type\" content=\"image\/png\" \/>\n<meta name=\"author\" content=\"Madeleine Jangard\" \/>\n<meta name=\"twitter:card\" content=\"summary_large_image\" \/>\n<meta name=\"twitter:label1\" content=\"Escrito por\" \/>\n\t<meta name=\"twitter:data1\" content=\"Madeleine Jangard\" \/>\n\t<meta name=\"twitter:label2\" content=\"Tiempo de lectura\" \/>\n\t<meta name=\"twitter:data2\" content=\"2 minutos\" \/>\n<script type=\"application\/ld+json\" class=\"yoast-schema-graph\">{\"@context\":\"https:\\\/\\\/schema.org\",\"@graph\":[{\"@type\":\"Article\",\"@id\":\"https:\\\/\\\/myright.se\\\/en-utbildning-kan-forandra-liv\\\/#article\",\"isPartOf\":{\"@id\":\"https:\\\/\\\/myright.se\\\/en-utbildning-kan-forandra-liv\\\/\"},\"author\":{\"name\":\"Madeleine Jangard\",\"@id\":\"https:\\\/\\\/myright.se\\\/#\\\/schema\\\/person\\\/73a598398a9494d74661326a0c9d55e6\"},\"headline\":\"En utbildning kan f\u00f6r\u00e4ndra liv\",\"datePublished\":\"2024-01-26T14:33:34+00:00\",\"dateModified\":\"2024-01-26T14:37:09+00:00\",\"mainEntityOfPage\":{\"@id\":\"https:\\\/\\\/myright.se\\\/en-utbildning-kan-forandra-liv\\\/\"},\"wordCount\":378,\"publisher\":{\"@id\":\"https:\\\/\\\/myright.se\\\/#organization\"},\"image\":{\"@id\":\"https:\\\/\\\/myright.se\\\/en-utbildning-kan-forandra-liv\\\/#primaryimage\"},\"thumbnailUrl\":\"https:\\\/\\\/myright.se\\\/wp-content\\\/uploads\\\/2024\\\/01\\\/Mohan.png\",\"articleSection\":[\"Aktuellt\",\"Ber\u00e4ttelser\",\"Nepal\"],\"inLanguage\":\"es\"},{\"@type\":\"WebPage\",\"@id\":\"https:\\\/\\\/myright.se\\\/en-utbildning-kan-forandra-liv\\\/\",\"url\":\"https:\\\/\\\/myright.se\\\/en-utbildning-kan-forandra-liv\\\/\",\"name\":\"En utbildning kan f\u00f6r\u00e4ndra liv - MyRight\",\"isPartOf\":{\"@id\":\"https:\\\/\\\/myright.se\\\/#website\"},\"primaryImageOfPage\":{\"@id\":\"https:\\\/\\\/myright.se\\\/en-utbildning-kan-forandra-liv\\\/#primaryimage\"},\"image\":{\"@id\":\"https:\\\/\\\/myright.se\\\/en-utbildning-kan-forandra-liv\\\/#primaryimage\"},\"thumbnailUrl\":\"https:\\\/\\\/myright.se\\\/wp-content\\\/uploads\\\/2024\\\/01\\\/Mohan.png\",\"datePublished\":\"2024-01-26T14:33:34+00:00\",\"dateModified\":\"2024-01-26T14:37:09+00:00\",\"breadcrumb\":{\"@id\":\"https:\\\/\\\/myright.se\\\/en-utbildning-kan-forandra-liv\\\/#breadcrumb\"},\"inLanguage\":\"es\",\"potentialAction\":[{\"@type\":\"ReadAction\",\"target\":[\"https:\\\/\\\/myright.se\\\/en-utbildning-kan-forandra-liv\\\/\"]}]},{\"@type\":\"ImageObject\",\"inLanguage\":\"es\",\"@id\":\"https:\\\/\\\/myright.se\\\/en-utbildning-kan-forandra-liv\\\/#primaryimage\",\"url\":\"https:\\\/\\\/myright.se\\\/wp-content\\\/uploads\\\/2024\\\/01\\\/Mohan.png\",\"contentUrl\":\"https:\\\/\\\/myright.se\\\/wp-content\\\/uploads\\\/2024\\\/01\\\/Mohan.png\",\"width\":810,\"height\":614,\"caption\":\"Mohan har kort m\u00f6rkt h\u00e5r. P\u00e5 bilden tar han emot ett diplom framf\u00f6r sin motorcykelverkstad,\"},{\"@type\":\"BreadcrumbList\",\"@id\":\"https:\\\/\\\/myright.se\\\/en-utbildning-kan-forandra-liv\\\/#breadcrumb\",\"itemListElement\":[{\"@type\":\"ListItem\",\"position\":1,\"name\":\"Hem\",\"item\":\"https:\\\/\\\/myright.se\\\/\"},{\"@type\":\"ListItem\",\"position\":2,\"name\":\"En utbildning kan f\u00f6r\u00e4ndra liv\"}]},{\"@type\":\"WebSite\",\"@id\":\"https:\\\/\\\/myright.se\\\/#website\",\"url\":\"https:\\\/\\\/myright.se\\\/\",\"name\":\"MyRight\",\"description\":\"\",\"publisher\":{\"@id\":\"https:\\\/\\\/myright.se\\\/#organization\"},\"potentialAction\":[{\"@type\":\"SearchAction\",\"target\":{\"@type\":\"EntryPoint\",\"urlTemplate\":\"https:\\\/\\\/myright.se\\\/?s={search_term_string}\"},\"query-input\":{\"@type\":\"PropertyValueSpecification\",\"valueRequired\":true,\"valueName\":\"search_term_string\"}}],\"inLanguage\":\"es\"},{\"@type\":\"Organization\",\"@id\":\"https:\\\/\\\/myright.se\\\/#organization\",\"name\":\"MyRight\",\"url\":\"https:\\\/\\\/myright.se\\\/\",\"logo\":{\"@type\":\"ImageObject\",\"inLanguage\":\"es\",\"@id\":\"https:\\\/\\\/myright.se\\\/#\\\/schema\\\/logo\\\/image\\\/\",\"url\":\"https:\\\/\\\/myright.se\\\/wp-content\\\/uploads\\\/2020\\\/02\\\/Myright_logo_no_text_bredvid.png\",\"contentUrl\":\"https:\\\/\\\/myright.se\\\/wp-content\\\/uploads\\\/2020\\\/02\\\/Myright_logo_no_text_bredvid.png\",\"width\":2751,\"height\":816,\"caption\":\"MyRight\"},\"image\":{\"@id\":\"https:\\\/\\\/myright.se\\\/#\\\/schema\\\/logo\\\/image\\\/\"}},{\"@type\":\"Person\",\"@id\":\"https:\\\/\\\/myright.se\\\/#\\\/schema\\\/person\\\/73a598398a9494d74661326a0c9d55e6\",\"name\":\"Madeleine Jangard\",\"image\":{\"@type\":\"ImageObject\",\"inLanguage\":\"es\",\"@id\":\"https:\\\/\\\/secure.gravatar.com\\\/avatar\\\/78a0b6a77a400e0d80a3a80dd2b429dd02994b0449d439ee5717cc053f07b511?s=96&d=mm&r=g\",\"url\":\"https:\\\/\\\/secure.gravatar.com\\\/avatar\\\/78a0b6a77a400e0d80a3a80dd2b429dd02994b0449d439ee5717cc053f07b511?s=96&d=mm&r=g\",\"contentUrl\":\"https:\\\/\\\/secure.gravatar.com\\\/avatar\\\/78a0b6a77a400e0d80a3a80dd2b429dd02994b0449d439ee5717cc053f07b511?s=96&d=mm&r=g\",\"caption\":\"Madeleine Jangard\"},\"url\":\"http:\\\/\\\/myright.se\\\/es\\\/author\\\/madeleine\\\/\"}]}<\/script>\n<!-- \/ Yoast SEO plugin. -->","yoast_head_json":{"title":"La educaci\u00f3n puede cambiar vidas - MyRight","robots":{"index":"index","follow":"follow","max-snippet":"max-snippet:-1","max-image-preview":"max-image-preview:large","max-video-preview":"max-video-preview:-1"},"canonical":"https:\/\/myright.se\/es\/la-educacion-puede-cambiar-vidas\/","og_locale":"es_ES","og_type":"article","og_title":"En utbildning kan f\u00f6r\u00e4ndra liv - MyRight","og_description":"Mohan som \u00e4r d\u00f6v \u00f6vervann arbetsl\u00f6shet genom en motorcykelreparationsutbildning vilket ledde till anst\u00e4llning och f\u00f6rb\u00e4ttring av familjens ekonomi.","og_url":"https:\/\/myright.se\/es\/la-educacion-puede-cambiar-vidas\/","og_site_name":"MyRight","article_published_time":"2024-01-26T14:33:34+00:00","article_modified_time":"2024-01-26T14:37:09+00:00","og_image":[{"width":810,"height":614,"url":"https:\/\/myright.se\/wp-content\/uploads\/2024\/01\/Mohan.png","type":"image\/png"}],"author":"Madeleine Jangard","twitter_card":"summary_large_image","twitter_misc":{"Escrito por":"Madeleine Jangard","Tiempo de lectura":"2 minutos"},"schema":{"@context":"https:\/\/schema.org","@graph":[{"@type":"Article","@id":"https:\/\/myright.se\/en-utbildning-kan-forandra-liv\/#article","isPartOf":{"@id":"https:\/\/myright.se\/en-utbildning-kan-forandra-liv\/"},"author":{"name":"Madeleine Jangard","@id":"https:\/\/myright.se\/#\/schema\/person\/73a598398a9494d74661326a0c9d55e6"},"headline":"En utbildning kan f\u00f6r\u00e4ndra liv","datePublished":"2024-01-26T14:33:34+00:00","dateModified":"2024-01-26T14:37:09+00:00","mainEntityOfPage":{"@id":"https:\/\/myright.se\/en-utbildning-kan-forandra-liv\/"},"wordCount":378,"publisher":{"@id":"https:\/\/myright.se\/#organization"},"image":{"@id":"https:\/\/myright.se\/en-utbildning-kan-forandra-liv\/#primaryimage"},"thumbnailUrl":"https:\/\/myright.se\/wp-content\/uploads\/2024\/01\/Mohan.png","articleSection":["Aktuellt","Ber\u00e4ttelser","Nepal"],"inLanguage":"es"},{"@type":"WebPage","@id":"https:\/\/myright.se\/en-utbildning-kan-forandra-liv\/","url":"https:\/\/myright.se\/en-utbildning-kan-forandra-liv\/","name":"La educaci\u00f3n puede cambiar vidas - MyRight","isPartOf":{"@id":"https:\/\/myright.se\/#website"},"primaryImageOfPage":{"@id":"https:\/\/myright.se\/en-utbildning-kan-forandra-liv\/#primaryimage"},"image":{"@id":"https:\/\/myright.se\/en-utbildning-kan-forandra-liv\/#primaryimage"},"thumbnailUrl":"https:\/\/myright.se\/wp-content\/uploads\/2024\/01\/Mohan.png","datePublished":"2024-01-26T14:33:34+00:00","dateModified":"2024-01-26T14:37:09+00:00","breadcrumb":{"@id":"https:\/\/myright.se\/en-utbildning-kan-forandra-liv\/#breadcrumb"},"inLanguage":"es","potentialAction":[{"@type":"ReadAction","target":["https:\/\/myright.se\/en-utbildning-kan-forandra-liv\/"]}]},{"@type":"ImageObject","inLanguage":"es","@id":"https:\/\/myright.se\/en-utbildning-kan-forandra-liv\/#primaryimage","url":"https:\/\/myright.se\/wp-content\/uploads\/2024\/01\/Mohan.png","contentUrl":"https:\/\/myright.se\/wp-content\/uploads\/2024\/01\/Mohan.png","width":810,"height":614,"caption":"Mohan har kort m\u00f6rkt h\u00e5r. P\u00e5 bilden tar han emot ett diplom framf\u00f6r sin motorcykelverkstad,"},{"@type":"BreadcrumbList","@id":"https:\/\/myright.se\/en-utbildning-kan-forandra-liv\/#breadcrumb","itemListElement":[{"@type":"ListItem","position":1,"name":"Hem","item":"https:\/\/myright.se\/"},{"@type":"ListItem","position":2,"name":"En utbildning kan f\u00f6r\u00e4ndra liv"}]},{"@type":"WebSite","@id":"https:\/\/myright.se\/#website","url":"https:\/\/myright.se\/","name":"Mi derecho","description":"","publisher":{"@id":"https:\/\/myright.se\/#organization"},"potentialAction":[{"@type":"SearchAction","target":{"@type":"EntryPoint","urlTemplate":"https:\/\/myright.se\/?s={search_term_string}"},"query-input":{"@type":"PropertyValueSpecification","valueRequired":true,"valueName":"search_term_string"}}],"inLanguage":"es"},{"@type":"Organization","@id":"https:\/\/myright.se\/#organization","name":"Mi derecho","url":"https:\/\/myright.se\/","logo":{"@type":"ImageObject","inLanguage":"es","@id":"https:\/\/myright.se\/#\/schema\/logo\/image\/","url":"https:\/\/myright.se\/wp-content\/uploads\/2020\/02\/Myright_logo_no_text_bredvid.png","contentUrl":"https:\/\/myright.se\/wp-content\/uploads\/2020\/02\/Myright_logo_no_text_bredvid.png","width":2751,"height":816,"caption":"MyRight"},"image":{"@id":"https:\/\/myright.se\/#\/schema\/logo\/image\/"}},{"@type":"Person","@id":"https:\/\/myright.se\/#\/schema\/person\/73a598398a9494d74661326a0c9d55e6","name":"Madeleine Jangard","image":{"@type":"ImageObject","inLanguage":"es","@id":"https:\/\/secure.gravatar.com\/avatar\/78a0b6a77a400e0d80a3a80dd2b429dd02994b0449d439ee5717cc053f07b511?s=96&d=mm&r=g","url":"https:\/\/secure.gravatar.com\/avatar\/78a0b6a77a400e0d80a3a80dd2b429dd02994b0449d439ee5717cc053f07b511?s=96&d=mm&r=g","contentUrl":"https:\/\/secure.gravatar.com\/avatar\/78a0b6a77a400e0d80a3a80dd2b429dd02994b0449d439ee5717cc053f07b511?s=96&d=mm&r=g","caption":"Madeleine Jangard"},"url":"http:\/\/myright.se\/es\/author\/madeleine\/"}]}},"_links":{"self":[{"href":"http:\/\/myright.se\/es\/wp-json\/wp\/v2\/posts\/25893","targetHints":{"allow":["GET"]}}],"collection":[{"href":"http:\/\/myright.se\/es\/wp-json\/wp\/v2\/posts"}],"about":[{"href":"http:\/\/myright.se\/es\/wp-json\/wp\/v2\/types\/post"}],"author":[{"embeddable":true,"href":"http:\/\/myright.se\/es\/wp-json\/wp\/v2\/users\/2"}],"replies":[{"embeddable":true,"href":"http:\/\/myright.se\/es\/wp-json\/wp\/v2\/comments?post=25893"}],"version-history":[{"count":5,"href":"http:\/\/myright.se\/es\/wp-json\/wp\/v2\/posts\/25893\/revisions"}],"predecessor-version":[{"id":25900,"href":"http:\/\/myright.se\/es\/wp-json\/wp\/v2\/posts\/25893\/revisions\/25900"}],"wp:featuredmedia":[{"embeddable":true,"href":"http:\/\/myright.se\/es\/wp-json\/wp\/v2\/media\/25897"}],"wp:attachment":[{"href":"http:\/\/myright.se\/es\/wp-json\/wp\/v2\/media?parent=25893"}],"wp:term":[{"taxonomy":"category","embeddable":true,"href":"http:\/\/myright.se\/es\/wp-json\/wp\/v2\/categories?post=25893"},{"taxonomy":"post_tag","embeddable":true,"href":"http:\/\/myright.se\/es\/wp-json\/wp\/v2\/tags?post=25893"}],"curies":[{"name":"wp","href":"https:\/\/api.w.org\/{rel}","templated":true}]}}