{"id":30427,"date":"2025-12-18T10:21:17","date_gmt":"2025-12-18T09:21:17","guid":{"rendered":"https:\/\/myright.se\/?p=30427"},"modified":"2025-12-18T10:32:30","modified_gmt":"2025-12-18T09:32:30","slug":"sven-arne-persson","status":"publish","type":"post","link":"http:\/\/myright.se\/es\/sven-arne-persson\/","title":{"rendered":"Ha marcado toda mi vida"},"content":{"rendered":"<div data-elementor-type=\"wp-post\" data-elementor-id=\"30427\" class=\"elementor elementor-30427\" data-elementor-post-type=\"post\">\n\t\t\t\t\t\t<section class=\"elementor-section elementor-top-section elementor-element elementor-element-da05d41 elementor-section-boxed elementor-section-height-default elementor-section-height-default\" data-id=\"da05d41\" data-element_type=\"section\" data-e-type=\"section\">\n\t\t\t\t\t\t<div class=\"elementor-container elementor-column-gap-default\">\n\t\t\t\t\t<div class=\"elementor-column elementor-col-100 elementor-top-column elementor-element elementor-element-e9b0297\" data-id=\"e9b0297\" data-element_type=\"column\" data-e-type=\"column\">\n\t\t\t<div class=\"elementor-widget-wrap elementor-element-populated\">\n\t\t\t\t\t\t<div class=\"elementor-element elementor-element-b674da1 elementor-widget elementor-widget-image\" data-id=\"b674da1\" data-element_type=\"widget\" data-e-type=\"widget\" data-widget_type=\"image.default\">\n\t\t\t\t<div class=\"elementor-widget-container\">\n\t\t\t\t\t\t\t\t\t\t\t\t<figure class=\"wp-caption\">\n\t\t\t\t\t\t\t\t\t\t<img fetchpriority=\"high\" decoding=\"async\" width=\"580\" height=\"436\" src=\"https:\/\/myright.se\/wp-content\/uploads\/2025\/12\/Skarmbild-2025-12-18-101723.png\" class=\"attachment-large size-large wp-image-30428\" alt=\"Sven-Arne est\u00e1 apoyado en un muro bajo de piedra, con una gran ciudad al fondo.\" srcset=\"https:\/\/myright.se\/wp-content\/uploads\/2025\/12\/Skarmbild-2025-12-18-101723.png 630w, https:\/\/myright.se\/wp-content\/uploads\/2025\/12\/Skarmbild-2025-12-18-101723-300x226.png 300w, https:\/\/myright.se\/wp-content\/uploads\/2025\/12\/Skarmbild-2025-12-18-101723-16x12.png 16w, https:\/\/myright.se\/wp-content\/uploads\/2025\/12\/Skarmbild-2025-12-18-101723-600x451.png 600w\" sizes=\"(max-width: 580px) 100vw, 580px\" \/>\t\t\t\t\t\t\t\t\t\t\t<figcaption class=\"widget-image-caption wp-caption-text\">Sven Arne Persson.<\/figcaption>\n\t\t\t\t\t\t\t\t\t\t<\/figure>\n\t\t\t\t\t\t\t\t\t<\/div>\n\t\t\t\t<\/div>\n\t\t\t\t<div class=\"elementor-element elementor-element-4f9f899 elementor-widget elementor-widget-text-editor\" data-id=\"4f9f899\" data-element_type=\"widget\" data-e-type=\"widget\" data-widget_type=\"text-editor.default\">\n\t\t\t\t<div class=\"elementor-widget-container\">\n\t\t\t\t\t\t\t\t\t<p data-start=\"363\" data-end=\"635\"><strong>Tras 18 a\u00f1os de firme compromiso con los derechos de las personas con discapacidad, Sven-Arne Persson se jubila. Desde MyRight queremos reconocer y agradecer su larga y comprometida labor en favor de los derechos humanos, as\u00ed como a todas las personas que ha conocido y apoyado a lo largo de su trayectoria.<\/strong><\/p><p data-start=\"637\" data-end=\"1000\">El compromiso de Sven-Arne tom\u00f3 forma durante su etapa como profesor en un instituto de secundaria adaptado. Durante un viaje escolar a Nicaragua, tom\u00f3 conciencia de la situaci\u00f3n de las personas con discapacidad intelectual en otras partes del mundo. Fue una llamada de atenci\u00f3n y el comienzo de un compromiso internacional que caracterizar\u00eda gran parte de su vida.<\/p><p data-start=\"1002\" data-end=\"1401\">Se sigui\u00f3 trabajando en FUB, una organizaci\u00f3n que trabaja en favor de las personas con discapacidad intelectual. A trav\u00e9s de FUB, se llevaron a cabo varios proyectos internacionales en colaboraci\u00f3n con MyRight, por ejemplo en Nicaragua, Ruanda, Bolivia y Per\u00fa. Hace cinco a\u00f1os, Sven-Arne tambi\u00e9n cofund\u00f3 la organizaci\u00f3n AGI -Asociaci\u00f3n Inclusi\u00f3n Global-, que se centra por completo en proyectos internacionales sobre derechos de las personas con discapacidad.<\/p><p data-start=\"1403\" data-end=\"1883\">En una entrevista con MyRight, Sven-Arne habla de recuerdos que le han impresionado especialmente. Uno de ellos es de Ruanda, donde conoci\u00f3 a madres de ni\u00f1os con discapacidad intelectual a las que expulsaban de sus comunidades. En algunos casos, las consideraban brujas, como si la discapacidad del ni\u00f1o fuera un castigo de Dios. Un recuerdo doloroso, que refleja claramente la vulnerabilidad a la que pueden enfrentarse las personas con discapacidad intelectual y sus familias.<\/p><p data-start=\"1885\" data-end=\"2242\">Pero tambi\u00e9n hay recuerdos m\u00e1s brillantes. Durante uno de sus \u00faltimos viajes a Bolivia, Sven-Arne conoci\u00f3 a una nueva generaci\u00f3n de j\u00f3venes con discapacidad intelectual que se est\u00e1n organizando, exigiendo sus derechos y consider\u00e1ndose portadores de los mismos. Un desarrollo que \u00e9l vincula en parte a las redes que AGI ha construido entre Bolivia, Per\u00fa y Suecia.<\/p><p data-start=\"2244\" data-end=\"2408\">A pesar de su larga implicaci\u00f3n, le sorprende la rapidez con que han crecido estas redes, y el poder de reunir a j\u00f3venes en situaciones similares.<\/p>\t\t\t\t\t\t\t\t<\/div>\n\t\t\t\t<\/div>\n\t\t\t\t<div class=\"elementor-element elementor-element-c59b73a elementor-blockquote--skin-quotation elementor-widget elementor-widget-blockquote\" data-id=\"c59b73a\" data-element_type=\"widget\" data-e-type=\"widget\" data-widget_type=\"blockquote.default\">\n\t\t\t\t<div class=\"elementor-widget-container\">\n\t\t\t\t\t\t\t<blockquote class=\"elementor-blockquote\">\n\t\t\t<p class=\"elementor-blockquote__content\">\n\t\t\t\t- Es dif\u00edcil de explicar en pocas palabras, pero se trata de pasar de la soledad y el aislamiento, donde no sent\u00edas que importaras, a conocer de repente a muchos otros j\u00f3venes en la misma situaci\u00f3n.\t\t\t<\/p>\n\t\t\t\t\t<\/blockquote>\n\t\t\t\t\t\t<\/div>\n\t\t\t\t<\/div>\n\t\t\t\t<div class=\"elementor-element elementor-element-6a13926 elementor-widget elementor-widget-text-editor\" data-id=\"6a13926\" data-element_type=\"widget\" data-e-type=\"widget\" data-widget_type=\"text-editor.default\">\n\t\t\t\t<div class=\"elementor-widget-container\">\n\t\t\t\t\t\t\t\t\t<p data-start=\"2610\" data-end=\"2966\">Durante sus a\u00f1os en la FUB y AGI, Sven-Arne tambi\u00e9n ha aprendido la importancia de la sensibilidad y la humildad en el trabajo internacional. Subraya el riesgo de que un hombre blanco, con poder y recursos, entre en un nuevo contexto y asuma inconscientemente una posici\u00f3n de superioridad. Cuando esto ocurre, existe el riesgo de que la gente no se atreva a ser honesta o a hablar cuando algo no funciona.<\/p><p data-start=\"2968\" data-end=\"3229\">Para \u00e9l, la soluci\u00f3n ha sido la franqueza: demostrar que \u00e9l tambi\u00e9n puede cometer errores. Para mantener las cosas en perspectiva, tambi\u00e9n se pregunta c\u00f3mo se habr\u00eda sentido si alguien de Bolivia, por ejemplo, hubiera llegado a su propio contexto local e intentado controlar y decidir.<\/p><p data-start=\"3231\" data-end=\"3559\">Por \u00faltimo, Sven-Arne comparte consejos para quienes est\u00e9n pensando en implicarse a nivel internacional. Un primer paso podr\u00eda ser ponerse en contacto con una organizaci\u00f3n de defensa de los derechos de los discapacitados de su zona, para informarse sobre los proyectos en curso o si hay inter\u00e9s en iniciar algo nuevo. Lo m\u00e1s importante, dice, es el compromiso.<\/p><p data-start=\"3561\" data-end=\"3846\">Tambi\u00e9n explica c\u00f3mo le ha afectado personalmente el trabajo. Hoy se describe a s\u00ed mismo como m\u00e1s agradecido y m\u00e1s atento a las peque\u00f1as cosas de la vida. Conocer a personas que viven con muy pocos recursos materiales, pero siguen sintiendo alegr\u00eda, ha cambiado su visi\u00f3n de lo que es realmente importante.<\/p>\t\t\t\t\t\t\t\t<\/div>\n\t\t\t\t<\/div>\n\t\t\t\t<div class=\"elementor-element elementor-element-39d2c8a elementor-widget elementor-widget-image\" data-id=\"39d2c8a\" data-element_type=\"widget\" data-e-type=\"widget\" data-widget_type=\"image.default\">\n\t\t\t\t<div class=\"elementor-widget-container\">\n\t\t\t\t\t\t\t\t\t\t\t\t<figure class=\"wp-caption\">\n\t\t\t\t\t\t\t\t\t\t<img decoding=\"async\" width=\"580\" height=\"266\" src=\"https:\/\/myright.se\/wp-content\/uploads\/2025\/12\/Skarmbild-2025-12-18-101814-1024x470.png\" class=\"attachment-large size-large wp-image-30430\" alt=\"\" srcset=\"https:\/\/myright.se\/wp-content\/uploads\/2025\/12\/Skarmbild-2025-12-18-101814-1024x470.png 1024w, https:\/\/myright.se\/wp-content\/uploads\/2025\/12\/Skarmbild-2025-12-18-101814-300x138.png 300w, https:\/\/myright.se\/wp-content\/uploads\/2025\/12\/Skarmbild-2025-12-18-101814-768x353.png 768w, https:\/\/myright.se\/wp-content\/uploads\/2025\/12\/Skarmbild-2025-12-18-101814-18x8.png 18w, https:\/\/myright.se\/wp-content\/uploads\/2025\/12\/Skarmbild-2025-12-18-101814-1200x551.png 1200w, https:\/\/myright.se\/wp-content\/uploads\/2025\/12\/Skarmbild-2025-12-18-101814-600x275.png 600w, https:\/\/myright.se\/wp-content\/uploads\/2025\/12\/Skarmbild-2025-12-18-101814.png 1453w\" sizes=\"(max-width: 580px) 100vw, 580px\" \/>\t\t\t\t\t\t\t\t\t\t\t<figcaption class=\"widget-image-caption wp-caption-text\">Sven Arne y Anna de AGI en Guayaramerin.<\/figcaption>\n\t\t\t\t\t\t\t\t\t\t<\/figure>\n\t\t\t\t\t\t\t\t\t<\/div>\n\t\t\t\t<\/div>\n\t\t\t\t<div class=\"elementor-element elementor-element-04418b7 elementor-blockquote--skin-quotation elementor-widget elementor-widget-blockquote\" data-id=\"04418b7\" data-element_type=\"widget\" data-e-type=\"widget\" data-widget_type=\"blockquote.default\">\n\t\t\t\t<div class=\"elementor-widget-container\">\n\t\t\t\t\t\t\t<blockquote class=\"elementor-blockquote\">\n\t\t\t<p class=\"elementor-blockquote__content\">\n\t\t\t\t- Me ha enriquecido, mi mundo interior. Estoy muy agradecido por haber tenido esta oportunidad. No lo he sentido como un sacrificio, sino como una oportunidad\", concluye Sven-Arne.\t\t\t<\/p>\n\t\t\t\t\t<\/blockquote>\n\t\t\t\t\t\t<\/div>\n\t\t\t\t<\/div>\n\t\t\t\t<div class=\"elementor-element elementor-element-6a90f6d elementor-widget elementor-widget-text-editor\" data-id=\"6a90f6d\" data-element_type=\"widget\" data-e-type=\"widget\" data-widget_type=\"text-editor.default\">\n\t\t\t\t<div class=\"elementor-widget-container\">\n\t\t\t\t\t\t\t\t\t<p data-start=\"4019\" data-end=\"4286\">Desde MyRight queremos agradecer sinceramente a Sven-Arne todos sus a\u00f1os de cooperaci\u00f3n y compromiso. Esperamos que el trabajo que ha ayudado a construir siga vivo e inspire a m\u00e1s personas a implicarse en los derechos de las personas con discapacidad y los derechos humanos en todo el mundo.<\/p><p data-start=\"4288\" data-end=\"4458\">Si est\u00e1s interesado en el trabajo de desarrollo internacional y en cuestiones relacionadas con los derechos de las personas con discapacidad, puedes ponerte en contacto con cualquiera de las organizaciones miembro de MyRight.<\/p>\t\t\t\t\t\t\t\t<\/div>\n\t\t\t\t<\/div>\n\t\t\t\t\t<\/div>\n\t\t<\/div>\n\t\t\t\t\t<\/div>\n\t\t<\/section>\n\t\t\t\t<\/div>","protected":false},"excerpt":{"rendered":"<p>Sven-Arne Persson se jubila tras 18 a\u00f1os de compromiso internacional con los derechos de los discapacitados. Desde el aula de la escuela secundaria superior adaptada hasta proyectos en Ruanda, Bolivia y Per\u00fa, su trabajo se ha caracterizado por la sensibilidad, la humildad y una firme creencia en el derecho de todos a participar en la sociedad.<\/p>","protected":false},"author":2,"featured_media":30428,"comment_status":"closed","ping_status":"closed","sticky":false,"template":"","format":"standard","meta":{"footnotes":""},"categories":[49],"tags":[],"class_list":["post-30427","post","type-post","status-publish","format-standard","has-post-thumbnail","hentry","category-aktuellt"],"yoast_head":"<!-- This site is optimized with the Yoast SEO plugin v27.5 - https:\/\/yoast.com\/product\/yoast-seo-wordpress\/ -->\n<title>Det har format hela mitt liv - MyRight<\/title>\n<meta name=\"robots\" content=\"index, follow, max-snippet:-1, max-image-preview:large, max-video-preview:-1\" \/>\n<link rel=\"canonical\" href=\"https:\/\/myright.se\/es\/sven-arne-persson\/\" \/>\n<meta property=\"og:locale\" content=\"es_ES\" \/>\n<meta property=\"og:type\" content=\"article\" \/>\n<meta property=\"og:title\" content=\"Det har format hela mitt liv - MyRight\" \/>\n<meta property=\"og:description\" content=\"Efter 18 \u00e5r av internationellt engagemang f\u00f6r funktionsr\u00e4tt g\u00e5r Sven-Arne Persson i pension. Fr\u00e5n klassrummet i den anpassade gymnasieskolan till projekt i Rwanda, Bolivia och Peru har hans arbete pr\u00e4glats av lyh\u00f6rdhet, \u00f6dmjukhet och en stark tro p\u00e5 allas r\u00e4tt att delta i samh\u00e4llet.\" \/>\n<meta property=\"og:url\" content=\"https:\/\/myright.se\/es\/sven-arne-persson\/\" \/>\n<meta property=\"og:site_name\" content=\"MyRight\" \/>\n<meta property=\"article:published_time\" content=\"2025-12-18T09:21:17+00:00\" \/>\n<meta property=\"article:modified_time\" content=\"2025-12-18T09:32:30+00:00\" \/>\n<meta property=\"og:image\" content=\"https:\/\/myright.se\/wp-content\/uploads\/2025\/12\/Skarmbild-2025-12-18-101723.png\" \/>\n\t<meta property=\"og:image:width\" content=\"630\" \/>\n\t<meta property=\"og:image:height\" content=\"474\" \/>\n\t<meta property=\"og:image:type\" content=\"image\/png\" \/>\n<meta name=\"author\" content=\"Madeleine Jangard\" \/>\n<meta name=\"twitter:card\" content=\"summary_large_image\" \/>\n<meta name=\"twitter:label1\" content=\"Escrito por\" \/>\n\t<meta name=\"twitter:data1\" content=\"Madeleine Jangard\" \/>\n\t<meta name=\"twitter:label2\" content=\"Tiempo de lectura\" \/>\n\t<meta name=\"twitter:data2\" content=\"4 minutos\" \/>\n<script type=\"application\/ld+json\" class=\"yoast-schema-graph\">{\"@context\":\"https:\\\/\\\/schema.org\",\"@graph\":[{\"@type\":\"Article\",\"@id\":\"https:\\\/\\\/myright.se\\\/sven-arne-persson\\\/#article\",\"isPartOf\":{\"@id\":\"https:\\\/\\\/myright.se\\\/sven-arne-persson\\\/\"},\"author\":{\"name\":\"Madeleine Jangard\",\"@id\":\"https:\\\/\\\/myright.se\\\/#\\\/schema\\\/person\\\/73a598398a9494d74661326a0c9d55e6\"},\"headline\":\"Det har format hela mitt liv\",\"datePublished\":\"2025-12-18T09:21:17+00:00\",\"dateModified\":\"2025-12-18T09:32:30+00:00\",\"mainEntityOfPage\":{\"@id\":\"https:\\\/\\\/myright.se\\\/sven-arne-persson\\\/\"},\"wordCount\":771,\"publisher\":{\"@id\":\"https:\\\/\\\/myright.se\\\/#organization\"},\"image\":{\"@id\":\"https:\\\/\\\/myright.se\\\/sven-arne-persson\\\/#primaryimage\"},\"thumbnailUrl\":\"https:\\\/\\\/myright.se\\\/wp-content\\\/uploads\\\/2025\\\/12\\\/Skarmbild-2025-12-18-101723.png\",\"articleSection\":[\"Aktuellt\"],\"inLanguage\":\"es\"},{\"@type\":\"WebPage\",\"@id\":\"https:\\\/\\\/myright.se\\\/sven-arne-persson\\\/\",\"url\":\"https:\\\/\\\/myright.se\\\/sven-arne-persson\\\/\",\"name\":\"Det har format hela mitt liv - MyRight\",\"isPartOf\":{\"@id\":\"https:\\\/\\\/myright.se\\\/#website\"},\"primaryImageOfPage\":{\"@id\":\"https:\\\/\\\/myright.se\\\/sven-arne-persson\\\/#primaryimage\"},\"image\":{\"@id\":\"https:\\\/\\\/myright.se\\\/sven-arne-persson\\\/#primaryimage\"},\"thumbnailUrl\":\"https:\\\/\\\/myright.se\\\/wp-content\\\/uploads\\\/2025\\\/12\\\/Skarmbild-2025-12-18-101723.png\",\"datePublished\":\"2025-12-18T09:21:17+00:00\",\"dateModified\":\"2025-12-18T09:32:30+00:00\",\"breadcrumb\":{\"@id\":\"https:\\\/\\\/myright.se\\\/sven-arne-persson\\\/#breadcrumb\"},\"inLanguage\":\"es\",\"potentialAction\":[{\"@type\":\"ReadAction\",\"target\":[\"https:\\\/\\\/myright.se\\\/sven-arne-persson\\\/\"]}]},{\"@type\":\"ImageObject\",\"inLanguage\":\"es\",\"@id\":\"https:\\\/\\\/myright.se\\\/sven-arne-persson\\\/#primaryimage\",\"url\":\"https:\\\/\\\/myright.se\\\/wp-content\\\/uploads\\\/2025\\\/12\\\/Skarmbild-2025-12-18-101723.png\",\"contentUrl\":\"https:\\\/\\\/myright.se\\\/wp-content\\\/uploads\\\/2025\\\/12\\\/Skarmbild-2025-12-18-101723.png\",\"width\":630,\"height\":474,\"caption\":\"Sven-Arne st\u00e5r lutad mot en l\u00e5g stenmur, i bakgrunden syns en stor stad.\"},{\"@type\":\"BreadcrumbList\",\"@id\":\"https:\\\/\\\/myright.se\\\/sven-arne-persson\\\/#breadcrumb\",\"itemListElement\":[{\"@type\":\"ListItem\",\"position\":1,\"name\":\"Hem\",\"item\":\"https:\\\/\\\/myright.se\\\/\"},{\"@type\":\"ListItem\",\"position\":2,\"name\":\"Det har format hela mitt liv\"}]},{\"@type\":\"WebSite\",\"@id\":\"https:\\\/\\\/myright.se\\\/#website\",\"url\":\"https:\\\/\\\/myright.se\\\/\",\"name\":\"MyRight\",\"description\":\"\",\"publisher\":{\"@id\":\"https:\\\/\\\/myright.se\\\/#organization\"},\"potentialAction\":[{\"@type\":\"SearchAction\",\"target\":{\"@type\":\"EntryPoint\",\"urlTemplate\":\"https:\\\/\\\/myright.se\\\/?s={search_term_string}\"},\"query-input\":{\"@type\":\"PropertyValueSpecification\",\"valueRequired\":true,\"valueName\":\"search_term_string\"}}],\"inLanguage\":\"es\"},{\"@type\":\"Organization\",\"@id\":\"https:\\\/\\\/myright.se\\\/#organization\",\"name\":\"MyRight\",\"url\":\"https:\\\/\\\/myright.se\\\/\",\"logo\":{\"@type\":\"ImageObject\",\"inLanguage\":\"es\",\"@id\":\"https:\\\/\\\/myright.se\\\/#\\\/schema\\\/logo\\\/image\\\/\",\"url\":\"https:\\\/\\\/myright.se\\\/wp-content\\\/uploads\\\/2020\\\/02\\\/Myright_logo_no_text_bredvid.png\",\"contentUrl\":\"https:\\\/\\\/myright.se\\\/wp-content\\\/uploads\\\/2020\\\/02\\\/Myright_logo_no_text_bredvid.png\",\"width\":2751,\"height\":816,\"caption\":\"MyRight\"},\"image\":{\"@id\":\"https:\\\/\\\/myright.se\\\/#\\\/schema\\\/logo\\\/image\\\/\"}},{\"@type\":\"Person\",\"@id\":\"https:\\\/\\\/myright.se\\\/#\\\/schema\\\/person\\\/73a598398a9494d74661326a0c9d55e6\",\"name\":\"Madeleine Jangard\",\"image\":{\"@type\":\"ImageObject\",\"inLanguage\":\"es\",\"@id\":\"https:\\\/\\\/secure.gravatar.com\\\/avatar\\\/78a0b6a77a400e0d80a3a80dd2b429dd02994b0449d439ee5717cc053f07b511?s=96&d=mm&r=g\",\"url\":\"https:\\\/\\\/secure.gravatar.com\\\/avatar\\\/78a0b6a77a400e0d80a3a80dd2b429dd02994b0449d439ee5717cc053f07b511?s=96&d=mm&r=g\",\"contentUrl\":\"https:\\\/\\\/secure.gravatar.com\\\/avatar\\\/78a0b6a77a400e0d80a3a80dd2b429dd02994b0449d439ee5717cc053f07b511?s=96&d=mm&r=g\",\"caption\":\"Madeleine Jangard\"},\"url\":\"http:\\\/\\\/myright.se\\\/es\\\/author\\\/madeleine\\\/\"}]}<\/script>\n<!-- \/ Yoast SEO plugin. -->","yoast_head_json":{"title":"Ha marcado toda mi vida - MyRight","robots":{"index":"index","follow":"follow","max-snippet":"max-snippet:-1","max-image-preview":"max-image-preview:large","max-video-preview":"max-video-preview:-1"},"canonical":"https:\/\/myright.se\/es\/sven-arne-persson\/","og_locale":"es_ES","og_type":"article","og_title":"Det har format hela mitt liv - MyRight","og_description":"Efter 18 \u00e5r av internationellt engagemang f\u00f6r funktionsr\u00e4tt g\u00e5r Sven-Arne Persson i pension. Fr\u00e5n klassrummet i den anpassade gymnasieskolan till projekt i Rwanda, Bolivia och Peru har hans arbete pr\u00e4glats av lyh\u00f6rdhet, \u00f6dmjukhet och en stark tro p\u00e5 allas r\u00e4tt att delta i samh\u00e4llet.","og_url":"https:\/\/myright.se\/es\/sven-arne-persson\/","og_site_name":"MyRight","article_published_time":"2025-12-18T09:21:17+00:00","article_modified_time":"2025-12-18T09:32:30+00:00","og_image":[{"width":630,"height":474,"url":"https:\/\/myright.se\/wp-content\/uploads\/2025\/12\/Skarmbild-2025-12-18-101723.png","type":"image\/png"}],"author":"Madeleine Jangard","twitter_card":"summary_large_image","twitter_misc":{"Escrito por":"Madeleine Jangard","Tiempo de lectura":"4 minutos"},"schema":{"@context":"https:\/\/schema.org","@graph":[{"@type":"Article","@id":"https:\/\/myright.se\/sven-arne-persson\/#article","isPartOf":{"@id":"https:\/\/myright.se\/sven-arne-persson\/"},"author":{"name":"Madeleine Jangard","@id":"https:\/\/myright.se\/#\/schema\/person\/73a598398a9494d74661326a0c9d55e6"},"headline":"Det har format hela mitt liv","datePublished":"2025-12-18T09:21:17+00:00","dateModified":"2025-12-18T09:32:30+00:00","mainEntityOfPage":{"@id":"https:\/\/myright.se\/sven-arne-persson\/"},"wordCount":771,"publisher":{"@id":"https:\/\/myright.se\/#organization"},"image":{"@id":"https:\/\/myright.se\/sven-arne-persson\/#primaryimage"},"thumbnailUrl":"https:\/\/myright.se\/wp-content\/uploads\/2025\/12\/Skarmbild-2025-12-18-101723.png","articleSection":["Aktuellt"],"inLanguage":"es"},{"@type":"WebPage","@id":"https:\/\/myright.se\/sven-arne-persson\/","url":"https:\/\/myright.se\/sven-arne-persson\/","name":"Ha marcado toda mi vida - MyRight","isPartOf":{"@id":"https:\/\/myright.se\/#website"},"primaryImageOfPage":{"@id":"https:\/\/myright.se\/sven-arne-persson\/#primaryimage"},"image":{"@id":"https:\/\/myright.se\/sven-arne-persson\/#primaryimage"},"thumbnailUrl":"https:\/\/myright.se\/wp-content\/uploads\/2025\/12\/Skarmbild-2025-12-18-101723.png","datePublished":"2025-12-18T09:21:17+00:00","dateModified":"2025-12-18T09:32:30+00:00","breadcrumb":{"@id":"https:\/\/myright.se\/sven-arne-persson\/#breadcrumb"},"inLanguage":"es","potentialAction":[{"@type":"ReadAction","target":["https:\/\/myright.se\/sven-arne-persson\/"]}]},{"@type":"ImageObject","inLanguage":"es","@id":"https:\/\/myright.se\/sven-arne-persson\/#primaryimage","url":"https:\/\/myright.se\/wp-content\/uploads\/2025\/12\/Skarmbild-2025-12-18-101723.png","contentUrl":"https:\/\/myright.se\/wp-content\/uploads\/2025\/12\/Skarmbild-2025-12-18-101723.png","width":630,"height":474,"caption":"Sven-Arne st\u00e5r lutad mot en l\u00e5g stenmur, i bakgrunden syns en stor stad."},{"@type":"BreadcrumbList","@id":"https:\/\/myright.se\/sven-arne-persson\/#breadcrumb","itemListElement":[{"@type":"ListItem","position":1,"name":"Hem","item":"https:\/\/myright.se\/"},{"@type":"ListItem","position":2,"name":"Det har format hela mitt liv"}]},{"@type":"WebSite","@id":"https:\/\/myright.se\/#website","url":"https:\/\/myright.se\/","name":"Mi derecho","description":"","publisher":{"@id":"https:\/\/myright.se\/#organization"},"potentialAction":[{"@type":"SearchAction","target":{"@type":"EntryPoint","urlTemplate":"https:\/\/myright.se\/?s={search_term_string}"},"query-input":{"@type":"PropertyValueSpecification","valueRequired":true,"valueName":"search_term_string"}}],"inLanguage":"es"},{"@type":"Organization","@id":"https:\/\/myright.se\/#organization","name":"Mi derecho","url":"https:\/\/myright.se\/","logo":{"@type":"ImageObject","inLanguage":"es","@id":"https:\/\/myright.se\/#\/schema\/logo\/image\/","url":"https:\/\/myright.se\/wp-content\/uploads\/2020\/02\/Myright_logo_no_text_bredvid.png","contentUrl":"https:\/\/myright.se\/wp-content\/uploads\/2020\/02\/Myright_logo_no_text_bredvid.png","width":2751,"height":816,"caption":"MyRight"},"image":{"@id":"https:\/\/myright.se\/#\/schema\/logo\/image\/"}},{"@type":"Person","@id":"https:\/\/myright.se\/#\/schema\/person\/73a598398a9494d74661326a0c9d55e6","name":"Madeleine Jangard","image":{"@type":"ImageObject","inLanguage":"es","@id":"https:\/\/secure.gravatar.com\/avatar\/78a0b6a77a400e0d80a3a80dd2b429dd02994b0449d439ee5717cc053f07b511?s=96&d=mm&r=g","url":"https:\/\/secure.gravatar.com\/avatar\/78a0b6a77a400e0d80a3a80dd2b429dd02994b0449d439ee5717cc053f07b511?s=96&d=mm&r=g","contentUrl":"https:\/\/secure.gravatar.com\/avatar\/78a0b6a77a400e0d80a3a80dd2b429dd02994b0449d439ee5717cc053f07b511?s=96&d=mm&r=g","caption":"Madeleine Jangard"},"url":"http:\/\/myright.se\/es\/author\/madeleine\/"}]}},"_links":{"self":[{"href":"http:\/\/myright.se\/es\/wp-json\/wp\/v2\/posts\/30427","targetHints":{"allow":["GET"]}}],"collection":[{"href":"http:\/\/myright.se\/es\/wp-json\/wp\/v2\/posts"}],"about":[{"href":"http:\/\/myright.se\/es\/wp-json\/wp\/v2\/types\/post"}],"author":[{"embeddable":true,"href":"http:\/\/myright.se\/es\/wp-json\/wp\/v2\/users\/2"}],"replies":[{"embeddable":true,"href":"http:\/\/myright.se\/es\/wp-json\/wp\/v2\/comments?post=30427"}],"version-history":[{"count":7,"href":"http:\/\/myright.se\/es\/wp-json\/wp\/v2\/posts\/30427\/revisions"}],"predecessor-version":[{"id":30437,"href":"http:\/\/myright.se\/es\/wp-json\/wp\/v2\/posts\/30427\/revisions\/30437"}],"wp:featuredmedia":[{"embeddable":true,"href":"http:\/\/myright.se\/es\/wp-json\/wp\/v2\/media\/30428"}],"wp:attachment":[{"href":"http:\/\/myright.se\/es\/wp-json\/wp\/v2\/media?parent=30427"}],"wp:term":[{"taxonomy":"category","embeddable":true,"href":"http:\/\/myright.se\/es\/wp-json\/wp\/v2\/categories?post=30427"},{"taxonomy":"post_tag","embeddable":true,"href":"http:\/\/myright.se\/es\/wp-json\/wp\/v2\/tags?post=30427"}],"curies":[{"name":"wp","href":"https:\/\/api.w.org\/{rel}","templated":true}]}}