{"id":21499,"date":"2022-12-22T00:00:00","date_gmt":"2022-12-21T23:00:00","guid":{"rendered":"https:\/\/myright.se\/?p=21499"},"modified":"2022-12-23T09:49:05","modified_gmt":"2022-12-23T08:49:05","slug":"indira-behover-inte-langre-oroa-sig-for-sin-dotter","status":"publish","type":"post","link":"https:\/\/myright.se\/en\/indira-behover-inte-langre-oroa-sig-for-sin-dotter\/","title":{"rendered":"Indira no longer has to worry about her daughter"},"content":{"rendered":"<div data-elementor-type=\"wp-post\" data-elementor-id=\"21499\" class=\"elementor elementor-21499\" data-elementor-post-type=\"post\">\n\t\t\t\t\t\t<section class=\"elementor-section elementor-top-section elementor-element elementor-element-7dd0aec elementor-section-boxed elementor-section-height-default elementor-section-height-default\" data-id=\"7dd0aec\" data-element_type=\"section\" data-e-type=\"section\">\n\t\t\t\t\t\t<div class=\"elementor-container elementor-column-gap-default\">\n\t\t\t\t\t<div class=\"elementor-column elementor-col-100 elementor-top-column elementor-element elementor-element-cabb329\" data-id=\"cabb329\" data-element_type=\"column\" data-e-type=\"column\">\n\t\t\t<div class=\"elementor-widget-wrap elementor-element-populated\">\n\t\t\t\t\t\t<div class=\"elementor-element elementor-element-70e46c7 elementor-widget elementor-widget-text-editor\" data-id=\"70e46c7\" data-element_type=\"widget\" data-e-type=\"widget\" data-widget_type=\"text-editor.default\">\n\t\t\t\t<div class=\"elementor-widget-container\">\n\t\t\t\t\t\t\t\t\t<p><strong>Indira Koirala&#039;s 16-year-old daughter has an intellectual disability and previously had major problems with schooling and was very dependent on her parents. But thanks to a newly started resource class, the whole family&#039;s situation has improved. <\/strong><\/p>\t\t\t\t\t\t\t\t<\/div>\n\t\t\t\t<\/div>\n\t\t\t\t\t<\/div>\n\t\t<\/div>\n\t\t\t\t\t<\/div>\n\t\t<\/section>\n\t\t\t\t<section class=\"elementor-section elementor-top-section elementor-element elementor-element-c3c9ab8 elementor-section-boxed elementor-section-height-default elementor-section-height-default\" data-id=\"c3c9ab8\" data-element_type=\"section\" data-e-type=\"section\">\n\t\t\t\t\t\t<div class=\"elementor-container elementor-column-gap-default\">\n\t\t\t\t\t<div class=\"elementor-column elementor-col-100 elementor-top-column elementor-element elementor-element-696c5db\" data-id=\"696c5db\" data-element_type=\"column\" data-e-type=\"column\">\n\t\t\t<div class=\"elementor-widget-wrap elementor-element-populated\">\n\t\t\t\t\t\t<div class=\"elementor-element elementor-element-f489125 elementor-widget elementor-widget-image\" data-id=\"f489125\" data-element_type=\"widget\" data-e-type=\"widget\" data-widget_type=\"image.default\">\n\t\t\t\t<div class=\"elementor-widget-container\">\n\t\t\t\t\t\t\t\t\t\t\t\t<figure class=\"wp-caption\">\n\t\t\t\t\t\t\t\t\t\t<img fetchpriority=\"high\" decoding=\"async\" width=\"580\" height=\"435\" src=\"https:\/\/myright.se\/wp-content\/uploads\/2022\/12\/IMG_20221017_142907-1024x768.jpg\" class=\"attachment-large size-large wp-image-21502\" alt=\"Indira is wearing a pink blouse and black hair, she is standing against a wall in her daughter&#039;s classroom. on the wall hang the pink paper hearts that the children cut out.\" srcset=\"https:\/\/myright.se\/wp-content\/uploads\/2022\/12\/IMG_20221017_142907-1024x768.jpg 1024w, https:\/\/myright.se\/wp-content\/uploads\/2022\/12\/IMG_20221017_142907-300x225.jpg 300w, https:\/\/myright.se\/wp-content\/uploads\/2022\/12\/IMG_20221017_142907-768x576.jpg 768w, https:\/\/myright.se\/wp-content\/uploads\/2022\/12\/IMG_20221017_142907-1536x1152.jpg 1536w, https:\/\/myright.se\/wp-content\/uploads\/2022\/12\/IMG_20221017_142907-2048x1536.jpg 2048w, https:\/\/myright.se\/wp-content\/uploads\/2022\/12\/IMG_20221017_142907-16x12.jpg 16w, https:\/\/myright.se\/wp-content\/uploads\/2022\/12\/IMG_20221017_142907-1200x900.jpg 1200w, https:\/\/myright.se\/wp-content\/uploads\/2022\/12\/IMG_20221017_142907-1980x1485.jpg 1980w, https:\/\/myright.se\/wp-content\/uploads\/2022\/12\/IMG_20221017_142907-600x450.jpg 600w\" sizes=\"(max-width: 580px) 100vw, 580px\" \/>\t\t\t\t\t\t\t\t\t\t\t<figcaption class=\"widget-image-caption wp-caption-text\"><\/figcaption>\n\t\t\t\t\t\t\t\t\t\t<\/figure>\n\t\t\t\t\t\t\t\t\t<\/div>\n\t\t\t\t<\/div>\n\t\t\t\t\t<\/div>\n\t\t<\/div>\n\t\t\t\t\t<\/div>\n\t\t<\/section>\n\t\t\t\t<section class=\"elementor-section elementor-top-section elementor-element elementor-element-43fc38a elementor-section-boxed elementor-section-height-default elementor-section-height-default\" data-id=\"43fc38a\" data-element_type=\"section\" data-e-type=\"section\">\n\t\t\t\t\t\t<div class=\"elementor-container elementor-column-gap-default\">\n\t\t\t\t\t<div class=\"elementor-column elementor-col-100 elementor-top-column elementor-element elementor-element-3027141\" data-id=\"3027141\" data-element_type=\"column\" data-e-type=\"column\">\n\t\t\t<div class=\"elementor-widget-wrap elementor-element-populated\">\n\t\t\t\t\t\t<div class=\"elementor-element elementor-element-169db09 elementor-widget elementor-widget-text-editor\" data-id=\"169db09\" data-element_type=\"widget\" data-e-type=\"widget\" data-widget_type=\"text-editor.default\">\n\t\t\t\t<div class=\"elementor-widget-container\">\n\t\t\t\t\t\t\t\t\t<p>Indira&#039;s family has faced several setbacks. Her one daughter died in a tragic accident while playing with the many low-hanging power lines that dot the streets of Nepal. Indira now has her 16-year-old daughter with an intellectual disability and a small child to support. Her husband has a problem with alcohol and has at times found it difficult to contribute to the family&#039;s finances.<\/p><p>Despite all the difficulties, Indira has found new hope thanks to MyRights and FUB&#039;s partner organization Parent Federation of Persons with Intellectual Disability (PFPID) starting a resource class for children with intellectual disabilities.<\/p><p>Since the resource class started a year ago, Indira&#039;s daughter has blossomed, she is increasingly social and independent. Indira says that her daughter is now happy to help with cooking and cleaning, she can communicate more easily and has made lots of new friends. She used to go to a public elementary school but it was always a struggle to get her to go there.<\/p><p>-My daughter never wanted to go to school on her own, now she looks forward to school every day, says Indira.<\/p><p>The independence her daughter has gained means a lot to the whole family. This makes it easier for Indira and her husband to work, which gives them a more secure financial situation.<\/p><p>It is not only independence that makes Indira feel a sense of relief for both herself and her daughter. She is now not worried about her daughter being misunderstood and mistreated. Something that regularly happened at the previous school.<\/p><p>-At the general primary school they used physical punishment and I was always worried about my daughter, says Indira.<\/p><p>Indira&#039;s story is an example of how big a difference the right support can make, not only for the individual with a disability, but for an entire family.<\/p><p>Thanks to Indira&#039;s daughter getting the opportunity to attend a class where the education is adapted to her needs and capacities, she can support her children more easily and not have to worry about how her daughter is treated.<\/p><p>- I hope that my daughter becomes so independent that she can fend for herself and have as normal a life as possible, I think it will work if she continues to receive support, says Indira.<\/p>\t\t\t\t\t\t\t\t<\/div>\n\t\t\t\t<\/div>\n\t\t\t\t\t<\/div>\n\t\t<\/div>\n\t\t\t\t\t<\/div>\n\t\t<\/section>\n\t\t\t\t<section class=\"elementor-section elementor-top-section elementor-element elementor-element-a19f5f6 elementor-section-boxed elementor-section-height-default elementor-section-height-default\" data-id=\"a19f5f6\" data-element_type=\"section\" data-e-type=\"section\">\n\t\t\t\t\t\t<div class=\"elementor-container elementor-column-gap-default\">\n\t\t\t\t\t<div class=\"elementor-column elementor-col-100 elementor-top-column elementor-element elementor-element-d9c2bed\" data-id=\"d9c2bed\" data-element_type=\"column\" data-e-type=\"column\">\n\t\t\t<div class=\"elementor-widget-wrap elementor-element-populated\">\n\t\t\t\t\t\t<div class=\"elementor-element elementor-element-17c9675 elementor-widget elementor-widget-image\" data-id=\"17c9675\" data-element_type=\"widget\" data-e-type=\"widget\" data-widget_type=\"image.default\">\n\t\t\t\t<div class=\"elementor-widget-container\">\n\t\t\t\t\t\t\t\t\t\t\t\t<figure class=\"wp-caption\">\n\t\t\t\t\t\t\t\t\t\t<img decoding=\"async\" width=\"580\" height=\"435\" src=\"https:\/\/myright.se\/wp-content\/uploads\/2022\/12\/IMG_20221220_103807.jpg\" class=\"attachment-large size-large wp-image-21500\" alt=\"Indira sits next to her daughter in a school room, they smile at the camera.\" srcset=\"https:\/\/myright.se\/wp-content\/uploads\/2022\/12\/IMG_20221220_103807.jpg 640w, https:\/\/myright.se\/wp-content\/uploads\/2022\/12\/IMG_20221220_103807-300x225.jpg 300w, https:\/\/myright.se\/wp-content\/uploads\/2022\/12\/IMG_20221220_103807-16x12.jpg 16w, https:\/\/myright.se\/wp-content\/uploads\/2022\/12\/IMG_20221220_103807-600x450.jpg 600w\" sizes=\"(max-width: 580px) 100vw, 580px\" \/>\t\t\t\t\t\t\t\t\t\t\t<figcaption class=\"widget-image-caption wp-caption-text\">Indira with her daughter.<\/figcaption>\n\t\t\t\t\t\t\t\t\t\t<\/figure>\n\t\t\t\t\t\t\t\t\t<\/div>\n\t\t\t\t<\/div>\n\t\t\t\t\t<\/div>\n\t\t<\/div>\n\t\t\t\t\t<\/div>\n\t\t<\/section>\n\t\t\t\t<\/div>","protected":false},"excerpt":{"rendered":"<p>Indira Koiralas 16 \u00e5riga dotter har en intellektuell funktionsneds\u00e4ttning och har tidigare haft stora problem med skolg\u00e5ng och varit mycket beroende av sina f\u00f6r\u00e4ldrar. Men tack vare en nystartad resursklass har hela familjens situation f\u00f6rb\u00e4ttras. Indiras familj har m\u00f6tt flera motg\u00e5ngar. Hennes ena dotter gick bort i en tragisk olycka n\u00e4r hon lekte med de [&hellip;]<\/p>\n","protected":false},"author":2,"featured_media":21500,"comment_status":"closed","ping_status":"closed","sticky":false,"template":"","format":"standard","meta":{"footnotes":""},"categories":[49,37,40],"tags":[],"class_list":["post-21499","post","type-post","status-publish","format-standard","has-post-thumbnail","hentry","category-aktuellt","category-berattelser","category-nepal"],"yoast_head":"<!-- This site is optimized with the Yoast SEO plugin v27.5 - https:\/\/yoast.com\/product\/yoast-seo-wordpress\/ -->\n<title>Indira beh\u00f6ver inte l\u00e4ngre oroa sig f\u00f6r sin dotter - MyRight<\/title>\n<meta name=\"robots\" content=\"index, follow, max-snippet:-1, max-image-preview:large, max-video-preview:-1\" \/>\n<link rel=\"canonical\" href=\"https:\/\/myright.se\/en\/indira-behover-inte-langre-oroa-sig-for-sin-dotter\/\" \/>\n<meta property=\"og:locale\" content=\"en_GB\" \/>\n<meta property=\"og:type\" content=\"article\" \/>\n<meta property=\"og:title\" content=\"Indira beh\u00f6ver inte l\u00e4ngre oroa sig f\u00f6r sin dotter - MyRight\" \/>\n<meta property=\"og:description\" content=\"Indira Koiralas 16 \u00e5riga dotter har en intellektuell funktionsneds\u00e4ttning och har tidigare haft stora problem med skolg\u00e5ng och varit mycket beroende av sina f\u00f6r\u00e4ldrar. Men tack vare en nystartad resursklass har hela familjens situation f\u00f6rb\u00e4ttras. Indiras familj har m\u00f6tt flera motg\u00e5ngar. Hennes ena dotter gick bort i en tragisk olycka n\u00e4r hon lekte med de [&hellip;]\" \/>\n<meta property=\"og:url\" content=\"https:\/\/myright.se\/en\/indira-behover-inte-langre-oroa-sig-for-sin-dotter\/\" \/>\n<meta property=\"og:site_name\" content=\"MyRight\" \/>\n<meta property=\"article:published_time\" content=\"2022-12-21T23:00:00+00:00\" \/>\n<meta property=\"article:modified_time\" content=\"2022-12-23T08:49:05+00:00\" \/>\n<meta property=\"og:image\" content=\"https:\/\/myright.se\/wp-content\/uploads\/2022\/12\/IMG_20221220_103807.jpg\" \/>\n\t<meta property=\"og:image:width\" content=\"640\" \/>\n\t<meta property=\"og:image:height\" content=\"480\" \/>\n\t<meta property=\"og:image:type\" content=\"image\/jpeg\" \/>\n<meta name=\"author\" content=\"Madeleine Jangard\" \/>\n<meta name=\"twitter:card\" content=\"summary_large_image\" \/>\n<meta name=\"twitter:label1\" content=\"Written by\" \/>\n\t<meta name=\"twitter:data1\" content=\"Madeleine Jangard\" \/>\n\t<meta name=\"twitter:label2\" content=\"Estimated reading time\" \/>\n\t<meta name=\"twitter:data2\" content=\"3 minutes\" \/>\n<script type=\"application\/ld+json\" class=\"yoast-schema-graph\">{\"@context\":\"https:\\\/\\\/schema.org\",\"@graph\":[{\"@type\":\"Article\",\"@id\":\"https:\\\/\\\/myright.se\\\/indira-behover-inte-langre-oroa-sig-for-sin-dotter\\\/#article\",\"isPartOf\":{\"@id\":\"https:\\\/\\\/myright.se\\\/indira-behover-inte-langre-oroa-sig-for-sin-dotter\\\/\"},\"author\":{\"name\":\"Madeleine Jangard\",\"@id\":\"https:\\\/\\\/myright.se\\\/#\\\/schema\\\/person\\\/73a598398a9494d74661326a0c9d55e6\"},\"headline\":\"Indira beh\u00f6ver inte l\u00e4ngre oroa sig f\u00f6r sin dotter\",\"datePublished\":\"2022-12-21T23:00:00+00:00\",\"dateModified\":\"2022-12-23T08:49:05+00:00\",\"mainEntityOfPage\":{\"@id\":\"https:\\\/\\\/myright.se\\\/indira-behover-inte-langre-oroa-sig-for-sin-dotter\\\/\"},\"wordCount\":482,\"publisher\":{\"@id\":\"https:\\\/\\\/myright.se\\\/#organization\"},\"image\":{\"@id\":\"https:\\\/\\\/myright.se\\\/indira-behover-inte-langre-oroa-sig-for-sin-dotter\\\/#primaryimage\"},\"thumbnailUrl\":\"https:\\\/\\\/myright.se\\\/wp-content\\\/uploads\\\/2022\\\/12\\\/IMG_20221220_103807.jpg\",\"articleSection\":[\"Aktuellt\",\"Ber\u00e4ttelser\",\"Nepal\"],\"inLanguage\":\"en-GB\"},{\"@type\":\"WebPage\",\"@id\":\"https:\\\/\\\/myright.se\\\/indira-behover-inte-langre-oroa-sig-for-sin-dotter\\\/\",\"url\":\"https:\\\/\\\/myright.se\\\/indira-behover-inte-langre-oroa-sig-for-sin-dotter\\\/\",\"name\":\"Indira beh\u00f6ver inte l\u00e4ngre oroa sig f\u00f6r sin dotter - MyRight\",\"isPartOf\":{\"@id\":\"https:\\\/\\\/myright.se\\\/#website\"},\"primaryImageOfPage\":{\"@id\":\"https:\\\/\\\/myright.se\\\/indira-behover-inte-langre-oroa-sig-for-sin-dotter\\\/#primaryimage\"},\"image\":{\"@id\":\"https:\\\/\\\/myright.se\\\/indira-behover-inte-langre-oroa-sig-for-sin-dotter\\\/#primaryimage\"},\"thumbnailUrl\":\"https:\\\/\\\/myright.se\\\/wp-content\\\/uploads\\\/2022\\\/12\\\/IMG_20221220_103807.jpg\",\"datePublished\":\"2022-12-21T23:00:00+00:00\",\"dateModified\":\"2022-12-23T08:49:05+00:00\",\"breadcrumb\":{\"@id\":\"https:\\\/\\\/myright.se\\\/indira-behover-inte-langre-oroa-sig-for-sin-dotter\\\/#breadcrumb\"},\"inLanguage\":\"en-GB\",\"potentialAction\":[{\"@type\":\"ReadAction\",\"target\":[\"https:\\\/\\\/myright.se\\\/indira-behover-inte-langre-oroa-sig-for-sin-dotter\\\/\"]}]},{\"@type\":\"ImageObject\",\"inLanguage\":\"en-GB\",\"@id\":\"https:\\\/\\\/myright.se\\\/indira-behover-inte-langre-oroa-sig-for-sin-dotter\\\/#primaryimage\",\"url\":\"https:\\\/\\\/myright.se\\\/wp-content\\\/uploads\\\/2022\\\/12\\\/IMG_20221220_103807.jpg\",\"contentUrl\":\"https:\\\/\\\/myright.se\\\/wp-content\\\/uploads\\\/2022\\\/12\\\/IMG_20221220_103807.jpg\",\"width\":640,\"height\":480,\"caption\":\"Indira med sin dotter.\"},{\"@type\":\"BreadcrumbList\",\"@id\":\"https:\\\/\\\/myright.se\\\/indira-behover-inte-langre-oroa-sig-for-sin-dotter\\\/#breadcrumb\",\"itemListElement\":[{\"@type\":\"ListItem\",\"position\":1,\"name\":\"Hem\",\"item\":\"https:\\\/\\\/myright.se\\\/\"},{\"@type\":\"ListItem\",\"position\":2,\"name\":\"Indira beh\u00f6ver inte l\u00e4ngre oroa sig f\u00f6r sin dotter\"}]},{\"@type\":\"WebSite\",\"@id\":\"https:\\\/\\\/myright.se\\\/#website\",\"url\":\"https:\\\/\\\/myright.se\\\/\",\"name\":\"MyRight\",\"description\":\"\",\"publisher\":{\"@id\":\"https:\\\/\\\/myright.se\\\/#organization\"},\"potentialAction\":[{\"@type\":\"SearchAction\",\"target\":{\"@type\":\"EntryPoint\",\"urlTemplate\":\"https:\\\/\\\/myright.se\\\/?s={search_term_string}\"},\"query-input\":{\"@type\":\"PropertyValueSpecification\",\"valueRequired\":true,\"valueName\":\"search_term_string\"}}],\"inLanguage\":\"en-GB\"},{\"@type\":\"Organization\",\"@id\":\"https:\\\/\\\/myright.se\\\/#organization\",\"name\":\"MyRight\",\"url\":\"https:\\\/\\\/myright.se\\\/\",\"logo\":{\"@type\":\"ImageObject\",\"inLanguage\":\"en-GB\",\"@id\":\"https:\\\/\\\/myright.se\\\/#\\\/schema\\\/logo\\\/image\\\/\",\"url\":\"https:\\\/\\\/myright.se\\\/wp-content\\\/uploads\\\/2020\\\/02\\\/Myright_logo_no_text_bredvid.png\",\"contentUrl\":\"https:\\\/\\\/myright.se\\\/wp-content\\\/uploads\\\/2020\\\/02\\\/Myright_logo_no_text_bredvid.png\",\"width\":2751,\"height\":816,\"caption\":\"MyRight\"},\"image\":{\"@id\":\"https:\\\/\\\/myright.se\\\/#\\\/schema\\\/logo\\\/image\\\/\"}},{\"@type\":\"Person\",\"@id\":\"https:\\\/\\\/myright.se\\\/#\\\/schema\\\/person\\\/73a598398a9494d74661326a0c9d55e6\",\"name\":\"Madeleine Jangard\",\"image\":{\"@type\":\"ImageObject\",\"inLanguage\":\"en-GB\",\"@id\":\"https:\\\/\\\/secure.gravatar.com\\\/avatar\\\/78a0b6a77a400e0d80a3a80dd2b429dd02994b0449d439ee5717cc053f07b511?s=96&d=mm&r=g\",\"url\":\"https:\\\/\\\/secure.gravatar.com\\\/avatar\\\/78a0b6a77a400e0d80a3a80dd2b429dd02994b0449d439ee5717cc053f07b511?s=96&d=mm&r=g\",\"contentUrl\":\"https:\\\/\\\/secure.gravatar.com\\\/avatar\\\/78a0b6a77a400e0d80a3a80dd2b429dd02994b0449d439ee5717cc053f07b511?s=96&d=mm&r=g\",\"caption\":\"Madeleine Jangard\"},\"url\":\"https:\\\/\\\/myright.se\\\/en\\\/author\\\/madeleine\\\/\"}]}<\/script>\n<!-- \/ Yoast SEO plugin. -->","yoast_head_json":{"title":"Indira no longer has to worry about her daughter - MyRight","robots":{"index":"index","follow":"follow","max-snippet":"max-snippet:-1","max-image-preview":"max-image-preview:large","max-video-preview":"max-video-preview:-1"},"canonical":"https:\/\/myright.se\/en\/indira-behover-inte-langre-oroa-sig-for-sin-dotter\/","og_locale":"en_GB","og_type":"article","og_title":"Indira beh\u00f6ver inte l\u00e4ngre oroa sig f\u00f6r sin dotter - MyRight","og_description":"Indira Koiralas 16 \u00e5riga dotter har en intellektuell funktionsneds\u00e4ttning och har tidigare haft stora problem med skolg\u00e5ng och varit mycket beroende av sina f\u00f6r\u00e4ldrar. Men tack vare en nystartad resursklass har hela familjens situation f\u00f6rb\u00e4ttras. Indiras familj har m\u00f6tt flera motg\u00e5ngar. Hennes ena dotter gick bort i en tragisk olycka n\u00e4r hon lekte med de [&hellip;]","og_url":"https:\/\/myright.se\/en\/indira-behover-inte-langre-oroa-sig-for-sin-dotter\/","og_site_name":"MyRight","article_published_time":"2022-12-21T23:00:00+00:00","article_modified_time":"2022-12-23T08:49:05+00:00","og_image":[{"width":640,"height":480,"url":"https:\/\/myright.se\/wp-content\/uploads\/2022\/12\/IMG_20221220_103807.jpg","type":"image\/jpeg"}],"author":"Madeleine Jangard","twitter_card":"summary_large_image","twitter_misc":{"Written by":"Madeleine Jangard","Estimated reading time":"3 minutes"},"schema":{"@context":"https:\/\/schema.org","@graph":[{"@type":"Article","@id":"https:\/\/myright.se\/indira-behover-inte-langre-oroa-sig-for-sin-dotter\/#article","isPartOf":{"@id":"https:\/\/myright.se\/indira-behover-inte-langre-oroa-sig-for-sin-dotter\/"},"author":{"name":"Madeleine Jangard","@id":"https:\/\/myright.se\/#\/schema\/person\/73a598398a9494d74661326a0c9d55e6"},"headline":"Indira beh\u00f6ver inte l\u00e4ngre oroa sig f\u00f6r sin dotter","datePublished":"2022-12-21T23:00:00+00:00","dateModified":"2022-12-23T08:49:05+00:00","mainEntityOfPage":{"@id":"https:\/\/myright.se\/indira-behover-inte-langre-oroa-sig-for-sin-dotter\/"},"wordCount":482,"publisher":{"@id":"https:\/\/myright.se\/#organization"},"image":{"@id":"https:\/\/myright.se\/indira-behover-inte-langre-oroa-sig-for-sin-dotter\/#primaryimage"},"thumbnailUrl":"https:\/\/myright.se\/wp-content\/uploads\/2022\/12\/IMG_20221220_103807.jpg","articleSection":["Aktuellt","Ber\u00e4ttelser","Nepal"],"inLanguage":"en-GB"},{"@type":"WebPage","@id":"https:\/\/myright.se\/indira-behover-inte-langre-oroa-sig-for-sin-dotter\/","url":"https:\/\/myright.se\/indira-behover-inte-langre-oroa-sig-for-sin-dotter\/","name":"Indira no longer has to worry about her daughter - MyRight","isPartOf":{"@id":"https:\/\/myright.se\/#website"},"primaryImageOfPage":{"@id":"https:\/\/myright.se\/indira-behover-inte-langre-oroa-sig-for-sin-dotter\/#primaryimage"},"image":{"@id":"https:\/\/myright.se\/indira-behover-inte-langre-oroa-sig-for-sin-dotter\/#primaryimage"},"thumbnailUrl":"https:\/\/myright.se\/wp-content\/uploads\/2022\/12\/IMG_20221220_103807.jpg","datePublished":"2022-12-21T23:00:00+00:00","dateModified":"2022-12-23T08:49:05+00:00","breadcrumb":{"@id":"https:\/\/myright.se\/indira-behover-inte-langre-oroa-sig-for-sin-dotter\/#breadcrumb"},"inLanguage":"en-GB","potentialAction":[{"@type":"ReadAction","target":["https:\/\/myright.se\/indira-behover-inte-langre-oroa-sig-for-sin-dotter\/"]}]},{"@type":"ImageObject","inLanguage":"en-GB","@id":"https:\/\/myright.se\/indira-behover-inte-langre-oroa-sig-for-sin-dotter\/#primaryimage","url":"https:\/\/myright.se\/wp-content\/uploads\/2022\/12\/IMG_20221220_103807.jpg","contentUrl":"https:\/\/myright.se\/wp-content\/uploads\/2022\/12\/IMG_20221220_103807.jpg","width":640,"height":480,"caption":"Indira med sin dotter."},{"@type":"BreadcrumbList","@id":"https:\/\/myright.se\/indira-behover-inte-langre-oroa-sig-for-sin-dotter\/#breadcrumb","itemListElement":[{"@type":"ListItem","position":1,"name":"Hem","item":"https:\/\/myright.se\/"},{"@type":"ListItem","position":2,"name":"Indira beh\u00f6ver inte l\u00e4ngre oroa sig f\u00f6r sin dotter"}]},{"@type":"WebSite","@id":"https:\/\/myright.se\/#website","url":"https:\/\/myright.se\/","name":"MyRight","description":"","publisher":{"@id":"https:\/\/myright.se\/#organization"},"potentialAction":[{"@type":"SearchAction","target":{"@type":"EntryPoint","urlTemplate":"https:\/\/myright.se\/?s={search_term_string}"},"query-input":{"@type":"PropertyValueSpecification","valueRequired":true,"valueName":"search_term_string"}}],"inLanguage":"en-GB"},{"@type":"Organization","@id":"https:\/\/myright.se\/#organization","name":"MyRight","url":"https:\/\/myright.se\/","logo":{"@type":"ImageObject","inLanguage":"en-GB","@id":"https:\/\/myright.se\/#\/schema\/logo\/image\/","url":"https:\/\/myright.se\/wp-content\/uploads\/2020\/02\/Myright_logo_no_text_bredvid.png","contentUrl":"https:\/\/myright.se\/wp-content\/uploads\/2020\/02\/Myright_logo_no_text_bredvid.png","width":2751,"height":816,"caption":"MyRight"},"image":{"@id":"https:\/\/myright.se\/#\/schema\/logo\/image\/"}},{"@type":"Person","@id":"https:\/\/myright.se\/#\/schema\/person\/73a598398a9494d74661326a0c9d55e6","name":"Madeleine Jangard","image":{"@type":"ImageObject","inLanguage":"en-GB","@id":"https:\/\/secure.gravatar.com\/avatar\/78a0b6a77a400e0d80a3a80dd2b429dd02994b0449d439ee5717cc053f07b511?s=96&d=mm&r=g","url":"https:\/\/secure.gravatar.com\/avatar\/78a0b6a77a400e0d80a3a80dd2b429dd02994b0449d439ee5717cc053f07b511?s=96&d=mm&r=g","contentUrl":"https:\/\/secure.gravatar.com\/avatar\/78a0b6a77a400e0d80a3a80dd2b429dd02994b0449d439ee5717cc053f07b511?s=96&d=mm&r=g","caption":"Madeleine Jangard"},"url":"https:\/\/myright.se\/en\/author\/madeleine\/"}]}},"_links":{"self":[{"href":"https:\/\/myright.se\/en\/wp-json\/wp\/v2\/posts\/21499","targetHints":{"allow":["GET"]}}],"collection":[{"href":"https:\/\/myright.se\/en\/wp-json\/wp\/v2\/posts"}],"about":[{"href":"https:\/\/myright.se\/en\/wp-json\/wp\/v2\/types\/post"}],"author":[{"embeddable":true,"href":"https:\/\/myright.se\/en\/wp-json\/wp\/v2\/users\/2"}],"replies":[{"embeddable":true,"href":"https:\/\/myright.se\/en\/wp-json\/wp\/v2\/comments?post=21499"}],"version-history":[{"count":6,"href":"https:\/\/myright.se\/en\/wp-json\/wp\/v2\/posts\/21499\/revisions"}],"predecessor-version":[{"id":21507,"href":"https:\/\/myright.se\/en\/wp-json\/wp\/v2\/posts\/21499\/revisions\/21507"}],"wp:featuredmedia":[{"embeddable":true,"href":"https:\/\/myright.se\/en\/wp-json\/wp\/v2\/media\/21500"}],"wp:attachment":[{"href":"https:\/\/myright.se\/en\/wp-json\/wp\/v2\/media?parent=21499"}],"wp:term":[{"taxonomy":"category","embeddable":true,"href":"https:\/\/myright.se\/en\/wp-json\/wp\/v2\/categories?post=21499"},{"taxonomy":"post_tag","embeddable":true,"href":"https:\/\/myright.se\/en\/wp-json\/wp\/v2\/tags?post=21499"}],"curies":[{"name":"wp","href":"https:\/\/api.w.org\/{rel}","templated":true}]}}