{"id":19278,"date":"2022-01-20T13:37:09","date_gmt":"2022-01-20T12:37:09","guid":{"rendered":"https:\/\/myright.se\/?p=19278"},"modified":"2022-12-11T20:06:47","modified_gmt":"2022-12-11T19:06:47","slug":"yrkesutbildningen-gav-sameera-livslusten-tillbaka","status":"publish","type":"post","link":"https:\/\/myright.se\/es\/yrkesutbildningen-gav-sameera-livslusten-tillbaka\/","title":{"rendered":"La formaci\u00f3n profesional devolvi\u00f3 a Sameera las ganas de vivir"},"content":{"rendered":"<div data-elementor-type=\"wp-post\" data-elementor-id=\"19278\" class=\"elementor elementor-19278\" data-elementor-post-type=\"post\">\n\t\t\t\t\t\t<section class=\"elementor-section elementor-top-section elementor-element elementor-element-86b2fb7 elementor-section-boxed elementor-section-height-default elementor-section-height-default\" data-id=\"86b2fb7\" data-element_type=\"section\" data-e-type=\"section\">\n\t\t\t\t\t\t<div class=\"elementor-container elementor-column-gap-default\">\n\t\t\t\t\t<div class=\"elementor-column elementor-col-100 elementor-top-column elementor-element elementor-element-612cf31\" data-id=\"612cf31\" data-element_type=\"column\" data-e-type=\"column\">\n\t\t\t<div class=\"elementor-widget-wrap elementor-element-populated\">\n\t\t\t\t\t\t<div class=\"elementor-element elementor-element-411abea elementor-widget elementor-widget-text-editor\" data-id=\"411abea\" data-element_type=\"widget\" data-e-type=\"widget\" data-widget_type=\"text-editor.default\">\n\t\t\t\t<div class=\"elementor-widget-container\">\n\t\t\t\t\t\t\t\t\t<p><strong>Sameera Sandaruwan ten\u00eda solo doce a\u00f1os cuando un accidente de ca\u00edda lo dej\u00f3 paralizado de cintura para abajo. Sameera perdi\u00f3 por completo su entusiasmo por la vida y sinti\u00f3 durante muchos a\u00f1os una gran carga para su familia. Hoy en d\u00eda, la situaci\u00f3n es completamente diferente.<\/strong><\/p>\t\t\t\t\t\t\t\t<\/div>\n\t\t\t\t<\/div>\n\t\t\t\t\t<\/div>\n\t\t<\/div>\n\t\t\t\t\t<\/div>\n\t\t<\/section>\n\t\t\t\t<section class=\"elementor-section elementor-top-section elementor-element elementor-element-ebae881 elementor-section-boxed elementor-section-height-default elementor-section-height-default\" data-id=\"ebae881\" data-element_type=\"section\" data-e-type=\"section\">\n\t\t\t\t\t\t<div class=\"elementor-container elementor-column-gap-default\">\n\t\t\t\t\t<div class=\"elementor-column elementor-col-100 elementor-top-column elementor-element elementor-element-3d0de36\" data-id=\"3d0de36\" data-element_type=\"column\" data-e-type=\"column\">\n\t\t\t<div class=\"elementor-widget-wrap elementor-element-populated\">\n\t\t\t\t\t\t<div class=\"elementor-element elementor-element-ae9610c elementor-widget elementor-widget-image\" data-id=\"ae9610c\" data-element_type=\"widget\" data-e-type=\"widget\" data-widget_type=\"image.default\">\n\t\t\t\t<div class=\"elementor-widget-container\">\n\t\t\t\t\t\t\t\t\t\t\t\t<figure class=\"wp-caption\">\n\t\t\t\t\t\t\t\t\t\t<img fetchpriority=\"high\" decoding=\"async\" width=\"580\" height=\"387\" src=\"https:\/\/myright.se\/wp-content\/uploads\/2022\/01\/O8C9282-2-1024x683.jpg\" class=\"attachment-large size-large wp-image-19284\" alt=\"un hombre se sienta en una silla de ruedas y extiende sus brazos hacia su peque\u00f1a hija que est\u00e1 sentada en los brazos de su madre\" srcset=\"https:\/\/myright.se\/wp-content\/uploads\/2022\/01\/O8C9282-2-1024x683.jpg 1024w, https:\/\/myright.se\/wp-content\/uploads\/2022\/01\/O8C9282-2-300x200.jpg 300w, https:\/\/myright.se\/wp-content\/uploads\/2022\/01\/O8C9282-2-768x512.jpg 768w, https:\/\/myright.se\/wp-content\/uploads\/2022\/01\/O8C9282-2-1536x1024.jpg 1536w, https:\/\/myright.se\/wp-content\/uploads\/2022\/01\/O8C9282-2-2048x1365.jpg 2048w, https:\/\/myright.se\/wp-content\/uploads\/2022\/01\/O8C9282-2-18x12.jpg 18w, https:\/\/myright.se\/wp-content\/uploads\/2022\/01\/O8C9282-2-1200x800.jpg 1200w, https:\/\/myright.se\/wp-content\/uploads\/2022\/01\/O8C9282-2-1980x1320.jpg 1980w, https:\/\/myright.se\/wp-content\/uploads\/2022\/01\/O8C9282-2-600x400.jpg 600w\" sizes=\"(max-width: 580px) 100vw, 580px\" \/>\t\t\t\t\t\t\t\t\t\t\t<figcaption class=\"widget-image-caption wp-caption-text\">Sameera Sandaruwan con su esposa Indika Hennayaka Mudiyanselage y su hija Theekshana Thathsarani<\/figcaption>\n\t\t\t\t\t\t\t\t\t\t<\/figure>\n\t\t\t\t\t\t\t\t\t<\/div>\n\t\t\t\t<\/div>\n\t\t\t\t\t<\/div>\n\t\t<\/div>\n\t\t\t\t\t<\/div>\n\t\t<\/section>\n\t\t\t\t<section class=\"elementor-section elementor-top-section elementor-element elementor-element-a05c404 elementor-section-boxed elementor-section-height-default elementor-section-height-default\" data-id=\"a05c404\" data-element_type=\"section\" data-e-type=\"section\">\n\t\t\t\t\t\t<div class=\"elementor-container elementor-column-gap-default\">\n\t\t\t\t\t<div class=\"elementor-column elementor-col-100 elementor-top-column elementor-element elementor-element-cc9dbe5\" data-id=\"cc9dbe5\" data-element_type=\"column\" data-e-type=\"column\">\n\t\t\t<div class=\"elementor-widget-wrap elementor-element-populated\">\n\t\t\t\t\t\t<div class=\"elementor-element elementor-element-e022476 elementor-widget elementor-widget-text-editor\" data-id=\"e022476\" data-element_type=\"widget\" data-e-type=\"widget\" data-widget_type=\"text-editor.default\">\n\t\t\t\t<div class=\"elementor-widget-container\">\n\t\t\t\t\t\t\t\t\t<p>Sameera recuerda bien la fecha, pero casi nada de la ca\u00edda real del \u00e1rbol o el tiempo inmediatamente posterior. Fue el 16 de mayo de 2001 que una t\u00eda le pidi\u00f3 que se subiera a un \u00e1rbol para llevarle una jaca. Tambi\u00e9n Sameera, a pesar de que su madre le hab\u00eda advertido que no trepara a los \u00e1rboles altos.<\/p><p>-Cuando llegu\u00e9 a casa del hospital, no pod\u00eda ni moverme de un lado a otro en la cama. Luego me qued\u00e9 all\u00ed durante varios a\u00f1os, dice.<\/p><p>Sri Lanka es hoy considerado un pa\u00eds de ingresos medios en la clase baja. A pesar del fuerte desarrollo econ\u00f3mico desde el final de la guerra civil, muchos de los habitantes del pa\u00eds viven cerca del umbral de la pobreza. Para las familias de bajos ingresos, un accidente que provoque una discapacidad puede ser un desastre financiero. En el caso de Sameera, su padre se vio obligado a dejar de trabajar para cuidar a su hijo.<\/p><p>\u00a0-Durante ese tiempo, solo quer\u00eda morir. Depend\u00eda completamente de mis padres y me hab\u00eda convertido en una carga para ellos, aunque nadie lo dec\u00eda as\u00ed. En varias ocasiones trat\u00e9 de suicidarme cas\u00e1ndome. El accidente cre\u00f3 tantos problemas en la familia, que era pobre incluso antes. Nos volvimos completamente dependientes de los ingresos de nuestra madre y eso nos hizo a\u00fan m\u00e1s pobres.<\/p>\t\t\t\t\t\t\t\t<\/div>\n\t\t\t\t<\/div>\n\t\t\t\t\t<\/div>\n\t\t<\/div>\n\t\t\t\t\t<\/div>\n\t\t<\/section>\n\t\t\t\t<section class=\"elementor-section elementor-top-section elementor-element elementor-element-1ac5d8e elementor-section-boxed elementor-section-height-default elementor-section-height-default\" data-id=\"1ac5d8e\" data-element_type=\"section\" data-e-type=\"section\">\n\t\t\t\t\t\t<div class=\"elementor-container elementor-column-gap-default\">\n\t\t\t\t\t<div class=\"elementor-column elementor-col-100 elementor-top-column elementor-element elementor-element-658ea2b\" data-id=\"658ea2b\" data-element_type=\"column\" data-e-type=\"column\">\n\t\t\t<div class=\"elementor-widget-wrap elementor-element-populated\">\n\t\t\t\t\t\t<div class=\"elementor-element elementor-element-3bfa2ae elementor-widget elementor-widget-heading\" data-id=\"3bfa2ae\" data-element_type=\"widget\" data-e-type=\"widget\" data-widget_type=\"heading.default\">\n\t\t\t\t<div class=\"elementor-widget-container\">\n\t\t\t\t\t<h2 class=\"elementor-heading-title elementor-size-default\">Lentamente, la vida comenz\u00f3 a iluminarse de nuevo. <\/h2>\t\t\t\t<\/div>\n\t\t\t\t<\/div>\n\t\t\t\t\t<\/div>\n\t\t<\/div>\n\t\t\t\t\t<\/div>\n\t\t<\/section>\n\t\t\t\t<section class=\"elementor-section elementor-top-section elementor-element elementor-element-e161cfe elementor-section-boxed elementor-section-height-default elementor-section-height-default\" data-id=\"e161cfe\" data-element_type=\"section\" data-e-type=\"section\">\n\t\t\t\t\t\t<div class=\"elementor-container elementor-column-gap-default\">\n\t\t\t\t\t<div class=\"elementor-column elementor-col-100 elementor-top-column elementor-element elementor-element-a111acf\" data-id=\"a111acf\" data-element_type=\"column\" data-e-type=\"column\">\n\t\t\t<div class=\"elementor-widget-wrap elementor-element-populated\">\n\t\t\t\t\t\t<div class=\"elementor-element elementor-element-89c4720 elementor-widget elementor-widget-text-editor\" data-id=\"89c4720\" data-element_type=\"widget\" data-e-type=\"widget\" data-widget_type=\"text-editor.default\">\n\t\t\t\t<div class=\"elementor-widget-container\">\n\t\t\t\t\t\t\t\t\t<p>En relaci\u00f3n con nuestra entrevista, Sameera se encuentra en una visita temporal a Colombo con su esposa e hijos. Se ve m\u00e1s joven que sus 30 a\u00f1os sentado en su silla de ruedas en la oficina de MyRight. Responde a todas las preguntas de forma r\u00e1pida, precisa y con voz suave. Hace un rato se sent\u00f3 en silencio y mir\u00f3 con amor a su hijita que yac\u00eda durmiendo entre dos sillas de oficina en la habitaci\u00f3n de al lado. La ni\u00f1a es su primog\u00e9nita, de tan solo nueve meses y dulce como un sue\u00f1o. Tambi\u00e9n se ha llevado consigo los premios que le ha otorgado la C\u00e1mara de Comercio de Monaragala. Uno es un certificado de que Sameera ha sido nombrada una de las principales contratistas de la provincia. La otra es una estatuilla a\u00fan envuelta de la misma c\u00e1mara de comercio. Ambos premios suelen estar en el lugar en el peque\u00f1o taller de reparaci\u00f3n de tel\u00e9fonos m\u00f3viles y otros equipos electr\u00f3nicos de Sameera que ahora dirige en su casa en el pueblo.<\/p><p>Monaragala es uno de los distritos m\u00e1s pobres de Sri Lanka y antes del accidente, los padres de Samiera trabajaban como jornaleros para mantener a sus cinco hijos. Pasaron cuatro a\u00f1os despu\u00e9s del accidente antes de que la vida comenzara a alegrarse un poco para Sameera. Despu\u00e9s de simplemente estar acostado en la cama en su casa, comenz\u00f3 a leer peri\u00f3dicos y escribir textos y poemas.<\/p><p>\u00a0-Nunca fui muy bueno en la escuela, pero sab\u00eda leer y escribir un poco incluso antes del accidente. Despu\u00e9s de la ca\u00edda, logr\u00e9 entrenar esa habilidad. Leer, escribir y dibujar se convirtieron en una forma de olvidarme de los problemas, dice.<\/p><p>Con el tiempo, otros aldeanos comenzaron a visitar a Sameera para pedirle ayuda para escribir cartas. Esto lo llev\u00f3 a comenzar a tener una red a su alrededor y, a los 16 a\u00f1os, tambi\u00e9n comenz\u00f3 a hacer nuevos amigos.<\/p><p>\u00a0-Con eso, la vida empez\u00f3 a cambiar. Tambi\u00e9n tuve acceso a una silla de ruedas que me don\u00f3 un pol\u00edtico local, dice Sameera.<\/p>\t\t\t\t\t\t\t\t<\/div>\n\t\t\t\t<\/div>\n\t\t\t\t\t<\/div>\n\t\t<\/div>\n\t\t\t\t\t<\/div>\n\t\t<\/section>\n\t\t\t\t<section class=\"elementor-section elementor-top-section elementor-element elementor-element-664b591 elementor-section-boxed elementor-section-height-default elementor-section-height-default\" data-id=\"664b591\" data-element_type=\"section\" data-e-type=\"section\">\n\t\t\t\t\t\t<div class=\"elementor-container elementor-column-gap-default\">\n\t\t\t\t\t<div class=\"elementor-column elementor-col-100 elementor-top-column elementor-element elementor-element-b234fd6\" data-id=\"b234fd6\" data-element_type=\"column\" data-e-type=\"column\">\n\t\t\t<div class=\"elementor-widget-wrap elementor-element-populated\">\n\t\t\t\t\t\t<div class=\"elementor-element elementor-element-c12bd48 elementor-widget elementor-widget-heading\" data-id=\"c12bd48\" data-element_type=\"widget\" data-e-type=\"widget\" data-widget_type=\"heading.default\">\n\t\t\t\t<div class=\"elementor-widget-container\">\n\t\t\t\t\t<h2 class=\"elementor-heading-title elementor-size-default\">La formaci\u00f3n profesional se convirti\u00f3 en el gran punto de inflexi\u00f3n de Sameera<\/h2>\t\t\t\t<\/div>\n\t\t\t\t<\/div>\n\t\t\t\t\t<\/div>\n\t\t<\/div>\n\t\t\t\t\t<\/div>\n\t\t<\/section>\n\t\t\t\t<section class=\"elementor-section elementor-top-section elementor-element elementor-element-330fee3 elementor-section-boxed elementor-section-height-default elementor-section-height-default\" data-id=\"330fee3\" data-element_type=\"section\" data-e-type=\"section\">\n\t\t\t\t\t\t<div class=\"elementor-container elementor-column-gap-default\">\n\t\t\t\t\t<div class=\"elementor-column elementor-col-100 elementor-top-column elementor-element elementor-element-d522644\" data-id=\"d522644\" data-element_type=\"column\" data-e-type=\"column\">\n\t\t\t<div class=\"elementor-widget-wrap elementor-element-populated\">\n\t\t\t\t\t\t<div class=\"elementor-element elementor-element-2703412 elementor-widget elementor-widget-text-editor\" data-id=\"2703412\" data-element_type=\"widget\" data-e-type=\"widget\" data-widget_type=\"text-editor.default\">\n\t\t\t\t<div class=\"elementor-widget-container\">\n\t\t\t\t\t\t\t\t\t<p>Hace unos diez a\u00f1os, tambi\u00e9n entr\u00f3 en contacto con la organizaci\u00f3n local Organizaci\u00f3n de Personas con Discapacidad de Wellassa, WOPD. Fue en relaci\u00f3n con eso que la vida realmente se aceler\u00f3 de nuevo. A trav\u00e9s de la organizaci\u00f3n, Sameera tuvo la oportunidad de asistir primero a una formaci\u00f3n profesional t\u00e9cnica y luego a una formaci\u00f3n adicional de seis meses centrada en la reparaci\u00f3n de tel\u00e9fonos m\u00f3viles. La capacitaci\u00f3n tambi\u00e9n incluy\u00f3 un kit de inicio con el equipo que necesita un reparador m\u00f3vil y una mayor confianza en s\u00ed mismo.<\/p>\n<p>&nbsp;-Antes de eso no ten\u00eda ganas de vivir. Pero a trav\u00e9s de la formaci\u00f3n profesional conoc\u00ed a muchas otras personas con discapacidad. Me hizo darme cuenta de que no estaba solo y me hizo apreciar m\u00e1s la vida.&nbsp;<\/p><p>Al principio, Sameera viv\u00eda en la casa de su hermana en Monaragala y dirig\u00eda su negocio desde all\u00ed. Hoy vive con su esposa e hija en su propia casa en otro pueblo del distrito donde tambi\u00e9n alquila un local para su taller de reparaciones.<\/p>\n<p>Paso a paso, mis finanzas han mejorado. Ahora puedo pagar todos mis gastos y mantener a mi esposa e hijo con mis propios ingresos. Estoy extremadamente feliz y orgullosa de mi situaci\u00f3n actual. Hoy quiero vivir toda mi vida.<\/p>\t\t\t\t\t\t\t\t<\/div>\n\t\t\t\t<\/div>\n\t\t\t\t\t<\/div>\n\t\t<\/div>\n\t\t\t\t\t<\/div>\n\t\t<\/section>\n\t\t\t\t<section class=\"elementor-section elementor-top-section elementor-element elementor-element-5a8f880 elementor-section-boxed elementor-section-height-default elementor-section-height-default\" data-id=\"5a8f880\" data-element_type=\"section\" data-e-type=\"section\">\n\t\t\t\t\t\t<div class=\"elementor-container elementor-column-gap-default\">\n\t\t\t\t\t<div class=\"elementor-column elementor-col-100 elementor-top-column elementor-element elementor-element-5a0a004\" data-id=\"5a0a004\" data-element_type=\"column\" data-e-type=\"column\">\n\t\t\t<div class=\"elementor-widget-wrap elementor-element-populated\">\n\t\t\t\t\t\t<div class=\"elementor-element elementor-element-17493ee elementor-widget elementor-widget-heading\" data-id=\"17493ee\" data-element_type=\"widget\" data-e-type=\"widget\" data-widget_type=\"heading.default\">\n\t\t\t\t<div class=\"elementor-widget-container\">\n\t\t\t\t\t<h2 class=\"elementor-heading-title elementor-size-default\">Sameera no perd\u00eda la esperanza del gran amor<\/h2>\t\t\t\t<\/div>\n\t\t\t\t<\/div>\n\t\t\t\t\t<\/div>\n\t\t<\/div>\n\t\t\t\t\t<\/div>\n\t\t<\/section>\n\t\t\t\t<section class=\"elementor-section elementor-top-section elementor-element elementor-element-273a580 elementor-section-boxed elementor-section-height-default elementor-section-height-default\" data-id=\"273a580\" data-element_type=\"section\" data-e-type=\"section\">\n\t\t\t\t\t\t<div class=\"elementor-container elementor-column-gap-default\">\n\t\t\t\t\t<div class=\"elementor-column elementor-col-100 elementor-top-column elementor-element elementor-element-7c79ec2\" data-id=\"7c79ec2\" data-element_type=\"column\" data-e-type=\"column\">\n\t\t\t<div class=\"elementor-widget-wrap elementor-element-populated\">\n\t\t\t\t\t\t<div class=\"elementor-element elementor-element-e490c69 elementor-widget elementor-widget-image\" data-id=\"e490c69\" data-element_type=\"widget\" data-e-type=\"widget\" data-widget_type=\"image.default\">\n\t\t\t\t<div class=\"elementor-widget-container\">\n\t\t\t\t\t\t\t\t\t\t\t\t\t\t\t<img decoding=\"async\" width=\"580\" height=\"387\" src=\"https:\/\/myright.se\/wp-content\/uploads\/2021\/09\/O8C9325-1-1024x683.jpg\" class=\"attachment-large size-large wp-image-17614\" alt=\"Un hombre est\u00e1 sentado en una silla de ruedas a su lado, su esposa sostiene a su peque\u00f1o hijo\" srcset=\"https:\/\/myright.se\/wp-content\/uploads\/2021\/09\/O8C9325-1-1024x683.jpg 1024w, https:\/\/myright.se\/wp-content\/uploads\/2021\/09\/O8C9325-1-300x200.jpg 300w, https:\/\/myright.se\/wp-content\/uploads\/2021\/09\/O8C9325-1-768x512.jpg 768w, https:\/\/myright.se\/wp-content\/uploads\/2021\/09\/O8C9325-1-1536x1024.jpg 1536w, https:\/\/myright.se\/wp-content\/uploads\/2021\/09\/O8C9325-1-2048x1365.jpg 2048w, https:\/\/myright.se\/wp-content\/uploads\/2021\/09\/O8C9325-1-16x12.jpg 16w, https:\/\/myright.se\/wp-content\/uploads\/2021\/09\/O8C9325-1-1200x800.jpg 1200w, https:\/\/myright.se\/wp-content\/uploads\/2021\/09\/O8C9325-1-1980x1320.jpg 1980w, https:\/\/myright.se\/wp-content\/uploads\/2021\/09\/O8C9325-1-600x400.jpg 600w\" sizes=\"(max-width: 580px) 100vw, 580px\" \/>\t\t\t\t\t\t\t\t\t\t\t\t\t\t\t<\/div>\n\t\t\t\t<\/div>\n\t\t\t\t\t<\/div>\n\t\t<\/div>\n\t\t\t\t\t<\/div>\n\t\t<\/section>\n\t\t\t\t<section class=\"elementor-section elementor-top-section elementor-element elementor-element-83bb783 elementor-section-boxed elementor-section-height-default elementor-section-height-default\" data-id=\"83bb783\" data-element_type=\"section\" data-e-type=\"section\">\n\t\t\t\t\t\t<div class=\"elementor-container elementor-column-gap-default\">\n\t\t\t\t\t<div class=\"elementor-column elementor-col-100 elementor-top-column elementor-element elementor-element-b1d3c84\" data-id=\"b1d3c84\" data-element_type=\"column\" data-e-type=\"column\">\n\t\t\t<div class=\"elementor-widget-wrap elementor-element-populated\">\n\t\t\t\t\t\t<div class=\"elementor-element elementor-element-4f71e16 elementor-widget elementor-widget-text-editor\" data-id=\"4f71e16\" data-element_type=\"widget\" data-e-type=\"widget\" data-widget_type=\"text-editor.default\">\n\t\t\t\t<div class=\"elementor-widget-container\">\n\t\t\t\t\t\t\t\t\t<p>Sameera conoci\u00f3 a su esposa despu\u00e9s de la formaci\u00f3n profesional, cuando hab\u00eda comenzado a recuperar de nuevo su entusiasmo por la vida. Pero incluso el camino hacia el amor fue una lucha. Todos los d\u00edas hab\u00eda visto pasar a Indika Hennayaka Mudiyanselage en el camino frente a la casa de su hermana mientras caminaba hacia el trabajo.<\/p><p>-Me enamor\u00e9 de ella e hice todo lo posible por ganarme su coraz\u00f3n, pero primero fui rechazado. Sin embargo, no me rend\u00ed, le escrib\u00ed poemas, le envi\u00e9 mensajes y continu\u00e9 mis intentos de ponerme en contacto, dice Sameera.<\/p><p>Finalmente lo logr\u00f3 y hoy la pareja est\u00e1 felizmente casada. La \u00fanica sombra sobre su relaci\u00f3n es que los padres de Indika se han mantenido opuestos al matrimonio.<\/p><p>\u00a0-Se negaron a aprobarme debido a mi discapacidad y todav\u00eda no tienen contacto con nosotros. Ni siquiera vinieron a visitarnos despu\u00e9s de que tuvimos a nuestro beb\u00e9, dice Sameera.<\/p><p>\u00c9l dice que todav\u00eda queda mucho por hacer con respecto a las actitudes de las personas con discapacidad en Sri Lanka. Como ejemplo, cuenta un incidente que ocurri\u00f3 cuando regresaba a casa desde el taller m\u00f3vil con su esposa.<\/p><p>-Vino una mujer y nos par\u00f3. Pens\u00e9 que me preguntar\u00eda sobre un tel\u00e9fono celular que necesitaba reparaci\u00f3n. Pero en lugar de eso abri\u00f3 su bolso y quiso donarme algunas monedas porque pens\u00f3 que yo era un mendigo. Entonces mi esposa se molest\u00f3.<\/p><p>-Si la sociedad no brinda el apoyo que se necesita, muchas personas con discapacidad no tendr\u00e1n otra alternativa que mendigar, dice Sameera.<\/p><p>\u00a0-Con el apoyo adecuado, muchos pueden independizarse y evitar la mendicidad, dice.<\/p><p>La necesidad de ser independiente es algo a lo que vuelve Sameera. Hoy cree que esa fat\u00eddica ca\u00edda del \u00e1rbol, despu\u00e9s de todo, no lo ha privado de las cosas m\u00e1s importantes de la vida. Y ya no se siente como una carga.<\/p><p>-Me he podido casar, tengo unos ingresos dignos y hasta he podido darle algo de dinero a mis padres. Ha sido muy bonito poder apoyar a mis padres que ahora est\u00e1n muy felices por m\u00ed. Me han contado c\u00f3mo perdieron toda esperanza en m\u00ed despu\u00e9s del accidente, pero hoy est\u00e1n felices y no sienten ansiedad, dice con orgullo Sameera.<\/p>\t\t\t\t\t\t\t\t<\/div>\n\t\t\t\t<\/div>\n\t\t\t\t\t<\/div>\n\t\t<\/div>\n\t\t\t\t\t<\/div>\n\t\t<\/section>\n\t\t\t\t<\/div>","protected":false},"excerpt":{"rendered":"<p>Sameera Sandaruwan var bara tolv \u00e5r gammal n\u00e4r en fallolycka ledde till att han blev f\u00f6rlamad fr\u00e5n midjan och ned\u00e5t. \u00a0Sameera tappade helt livslusten och k\u00e4nde sig under m\u00e5nga \u00e5r som en stor b\u00f6rda f\u00f6r sin familj. I dag \u00e4r situationen en helt annan. Sameera Sandaruwan med sin fru Indika Hennayaka Mudiyanselage och deras dotter [&hellip;]<\/p>\n","protected":false},"author":2,"featured_media":17614,"comment_status":"closed","ping_status":"closed","sticky":false,"template":"","format":"standard","meta":{"footnotes":""},"categories":[49,37,89,43],"tags":[],"class_list":["post-19278","post","type-post","status-publish","format-standard","has-post-thumbnail","hentry","category-aktuellt","category-berattelser","category-inkluderande-utbildning","category-sri-lanka"],"yoast_head":"<!-- This site is optimized with the Yoast SEO plugin v27.5 - https:\/\/yoast.com\/product\/yoast-seo-wordpress\/ -->\n<title>Yrkesutbildningen gav Sameera livslusten tillbaka - MyRight<\/title>\n<meta name=\"robots\" content=\"index, follow, max-snippet:-1, max-image-preview:large, max-video-preview:-1\" \/>\n<link rel=\"canonical\" href=\"https:\/\/myright.se\/es\/yrkesutbildningen-gav-sameera-livslusten-tillbaka\/\" \/>\n<meta property=\"og:locale\" content=\"es_ES\" \/>\n<meta property=\"og:type\" content=\"article\" \/>\n<meta property=\"og:title\" content=\"Yrkesutbildningen gav Sameera livslusten tillbaka - MyRight\" \/>\n<meta property=\"og:description\" content=\"Sameera Sandaruwan var bara tolv \u00e5r gammal n\u00e4r en fallolycka ledde till att han blev f\u00f6rlamad fr\u00e5n midjan och ned\u00e5t. \u00a0Sameera tappade helt livslusten och k\u00e4nde sig under m\u00e5nga \u00e5r som en stor b\u00f6rda f\u00f6r sin familj. I dag \u00e4r situationen en helt annan. Sameera Sandaruwan med sin fru Indika Hennayaka Mudiyanselage och deras dotter [&hellip;]\" \/>\n<meta property=\"og:url\" content=\"https:\/\/myright.se\/es\/yrkesutbildningen-gav-sameera-livslusten-tillbaka\/\" \/>\n<meta property=\"og:site_name\" content=\"MyRight\" \/>\n<meta property=\"article:published_time\" content=\"2022-01-20T12:37:09+00:00\" \/>\n<meta property=\"article:modified_time\" content=\"2022-12-11T19:06:47+00:00\" \/>\n<meta property=\"og:image\" content=\"https:\/\/myright.se\/wp-content\/uploads\/2021\/09\/O8C9325-1-scaled.jpg\" \/>\n\t<meta property=\"og:image:width\" content=\"2560\" \/>\n\t<meta property=\"og:image:height\" content=\"1707\" \/>\n\t<meta property=\"og:image:type\" content=\"image\/jpeg\" \/>\n<meta name=\"author\" content=\"Madeleine Jangard\" \/>\n<meta name=\"twitter:card\" content=\"summary_large_image\" \/>\n<meta name=\"twitter:label1\" content=\"Escrito por\" \/>\n\t<meta name=\"twitter:data1\" content=\"Madeleine Jangard\" \/>\n\t<meta name=\"twitter:label2\" content=\"Tiempo de lectura\" \/>\n\t<meta name=\"twitter:data2\" content=\"7 minutos\" \/>\n<script type=\"application\/ld+json\" class=\"yoast-schema-graph\">{\"@context\":\"https:\\\/\\\/schema.org\",\"@graph\":[{\"@type\":\"Article\",\"@id\":\"https:\\\/\\\/myright.se\\\/yrkesutbildningen-gav-sameera-livslusten-tillbaka\\\/#article\",\"isPartOf\":{\"@id\":\"https:\\\/\\\/myright.se\\\/yrkesutbildningen-gav-sameera-livslusten-tillbaka\\\/\"},\"author\":{\"name\":\"Madeleine Jangard\",\"@id\":\"https:\\\/\\\/myright.se\\\/#\\\/schema\\\/person\\\/73a598398a9494d74661326a0c9d55e6\"},\"headline\":\"Yrkesutbildningen gav Sameera livslusten tillbaka\",\"datePublished\":\"2022-01-20T12:37:09+00:00\",\"dateModified\":\"2022-12-11T19:06:47+00:00\",\"mainEntityOfPage\":{\"@id\":\"https:\\\/\\\/myright.se\\\/yrkesutbildningen-gav-sameera-livslusten-tillbaka\\\/\"},\"wordCount\":1401,\"publisher\":{\"@id\":\"https:\\\/\\\/myright.se\\\/#organization\"},\"image\":{\"@id\":\"https:\\\/\\\/myright.se\\\/yrkesutbildningen-gav-sameera-livslusten-tillbaka\\\/#primaryimage\"},\"thumbnailUrl\":\"https:\\\/\\\/myright.se\\\/wp-content\\\/uploads\\\/2021\\\/09\\\/O8C9325-1-scaled.jpg\",\"articleSection\":[\"Aktuellt\",\"Ber\u00e4ttelser\",\"Inkluderande utbildning\",\"Sri Lanka\"],\"inLanguage\":\"es\"},{\"@type\":\"WebPage\",\"@id\":\"https:\\\/\\\/myright.se\\\/yrkesutbildningen-gav-sameera-livslusten-tillbaka\\\/\",\"url\":\"https:\\\/\\\/myright.se\\\/yrkesutbildningen-gav-sameera-livslusten-tillbaka\\\/\",\"name\":\"Yrkesutbildningen gav Sameera livslusten tillbaka - MyRight\",\"isPartOf\":{\"@id\":\"https:\\\/\\\/myright.se\\\/#website\"},\"primaryImageOfPage\":{\"@id\":\"https:\\\/\\\/myright.se\\\/yrkesutbildningen-gav-sameera-livslusten-tillbaka\\\/#primaryimage\"},\"image\":{\"@id\":\"https:\\\/\\\/myright.se\\\/yrkesutbildningen-gav-sameera-livslusten-tillbaka\\\/#primaryimage\"},\"thumbnailUrl\":\"https:\\\/\\\/myright.se\\\/wp-content\\\/uploads\\\/2021\\\/09\\\/O8C9325-1-scaled.jpg\",\"datePublished\":\"2022-01-20T12:37:09+00:00\",\"dateModified\":\"2022-12-11T19:06:47+00:00\",\"breadcrumb\":{\"@id\":\"https:\\\/\\\/myright.se\\\/yrkesutbildningen-gav-sameera-livslusten-tillbaka\\\/#breadcrumb\"},\"inLanguage\":\"es\",\"potentialAction\":[{\"@type\":\"ReadAction\",\"target\":[\"https:\\\/\\\/myright.se\\\/yrkesutbildningen-gav-sameera-livslusten-tillbaka\\\/\"]}]},{\"@type\":\"ImageObject\",\"inLanguage\":\"es\",\"@id\":\"https:\\\/\\\/myright.se\\\/yrkesutbildningen-gav-sameera-livslusten-tillbaka\\\/#primaryimage\",\"url\":\"https:\\\/\\\/myright.se\\\/wp-content\\\/uploads\\\/2021\\\/09\\\/O8C9325-1-scaled.jpg\",\"contentUrl\":\"https:\\\/\\\/myright.se\\\/wp-content\\\/uploads\\\/2021\\\/09\\\/O8C9325-1-scaled.jpg\",\"width\":2560,\"height\":1707,\"caption\":\"Sameera Sandaruwan med sin fru Indika Hennayaka Mudiyanselage och deras dotter Theekshana Thathsarani\"},{\"@type\":\"BreadcrumbList\",\"@id\":\"https:\\\/\\\/myright.se\\\/yrkesutbildningen-gav-sameera-livslusten-tillbaka\\\/#breadcrumb\",\"itemListElement\":[{\"@type\":\"ListItem\",\"position\":1,\"name\":\"Hem\",\"item\":\"https:\\\/\\\/myright.se\\\/\"},{\"@type\":\"ListItem\",\"position\":2,\"name\":\"Yrkesutbildningen gav Sameera livslusten tillbaka\"}]},{\"@type\":\"WebSite\",\"@id\":\"https:\\\/\\\/myright.se\\\/#website\",\"url\":\"https:\\\/\\\/myright.se\\\/\",\"name\":\"MyRight\",\"description\":\"\",\"publisher\":{\"@id\":\"https:\\\/\\\/myright.se\\\/#organization\"},\"potentialAction\":[{\"@type\":\"SearchAction\",\"target\":{\"@type\":\"EntryPoint\",\"urlTemplate\":\"https:\\\/\\\/myright.se\\\/?s={search_term_string}\"},\"query-input\":{\"@type\":\"PropertyValueSpecification\",\"valueRequired\":true,\"valueName\":\"search_term_string\"}}],\"inLanguage\":\"es\"},{\"@type\":\"Organization\",\"@id\":\"https:\\\/\\\/myright.se\\\/#organization\",\"name\":\"MyRight\",\"url\":\"https:\\\/\\\/myright.se\\\/\",\"logo\":{\"@type\":\"ImageObject\",\"inLanguage\":\"es\",\"@id\":\"https:\\\/\\\/myright.se\\\/#\\\/schema\\\/logo\\\/image\\\/\",\"url\":\"https:\\\/\\\/myright.se\\\/wp-content\\\/uploads\\\/2020\\\/02\\\/Myright_logo_no_text_bredvid.png\",\"contentUrl\":\"https:\\\/\\\/myright.se\\\/wp-content\\\/uploads\\\/2020\\\/02\\\/Myright_logo_no_text_bredvid.png\",\"width\":2751,\"height\":816,\"caption\":\"MyRight\"},\"image\":{\"@id\":\"https:\\\/\\\/myright.se\\\/#\\\/schema\\\/logo\\\/image\\\/\"}},{\"@type\":\"Person\",\"@id\":\"https:\\\/\\\/myright.se\\\/#\\\/schema\\\/person\\\/73a598398a9494d74661326a0c9d55e6\",\"name\":\"Madeleine Jangard\",\"image\":{\"@type\":\"ImageObject\",\"inLanguage\":\"es\",\"@id\":\"https:\\\/\\\/secure.gravatar.com\\\/avatar\\\/78a0b6a77a400e0d80a3a80dd2b429dd02994b0449d439ee5717cc053f07b511?s=96&d=mm&r=g\",\"url\":\"https:\\\/\\\/secure.gravatar.com\\\/avatar\\\/78a0b6a77a400e0d80a3a80dd2b429dd02994b0449d439ee5717cc053f07b511?s=96&d=mm&r=g\",\"contentUrl\":\"https:\\\/\\\/secure.gravatar.com\\\/avatar\\\/78a0b6a77a400e0d80a3a80dd2b429dd02994b0449d439ee5717cc053f07b511?s=96&d=mm&r=g\",\"caption\":\"Madeleine Jangard\"},\"url\":\"https:\\\/\\\/myright.se\\\/es\\\/author\\\/madeleine\\\/\"}]}<\/script>\n<!-- \/ Yoast SEO plugin. -->","yoast_head_json":{"title":"La formaci\u00f3n profesional le devolvi\u00f3 a Sameera el entusiasmo por la vida - MyRight","robots":{"index":"index","follow":"follow","max-snippet":"max-snippet:-1","max-image-preview":"max-image-preview:large","max-video-preview":"max-video-preview:-1"},"canonical":"https:\/\/myright.se\/es\/yrkesutbildningen-gav-sameera-livslusten-tillbaka\/","og_locale":"es_ES","og_type":"article","og_title":"Yrkesutbildningen gav Sameera livslusten tillbaka - MyRight","og_description":"Sameera Sandaruwan var bara tolv \u00e5r gammal n\u00e4r en fallolycka ledde till att han blev f\u00f6rlamad fr\u00e5n midjan och ned\u00e5t. \u00a0Sameera tappade helt livslusten och k\u00e4nde sig under m\u00e5nga \u00e5r som en stor b\u00f6rda f\u00f6r sin familj. I dag \u00e4r situationen en helt annan. Sameera Sandaruwan med sin fru Indika Hennayaka Mudiyanselage och deras dotter [&hellip;]","og_url":"https:\/\/myright.se\/es\/yrkesutbildningen-gav-sameera-livslusten-tillbaka\/","og_site_name":"MyRight","article_published_time":"2022-01-20T12:37:09+00:00","article_modified_time":"2022-12-11T19:06:47+00:00","og_image":[{"width":2560,"height":1707,"url":"https:\/\/myright.se\/wp-content\/uploads\/2021\/09\/O8C9325-1-scaled.jpg","type":"image\/jpeg"}],"author":"Madeleine Jangard","twitter_card":"summary_large_image","twitter_misc":{"Escrito por":"Madeleine Jangard","Tiempo de lectura":"7 minutos"},"schema":{"@context":"https:\/\/schema.org","@graph":[{"@type":"Article","@id":"https:\/\/myright.se\/yrkesutbildningen-gav-sameera-livslusten-tillbaka\/#article","isPartOf":{"@id":"https:\/\/myright.se\/yrkesutbildningen-gav-sameera-livslusten-tillbaka\/"},"author":{"name":"Madeleine Jangard","@id":"https:\/\/myright.se\/#\/schema\/person\/73a598398a9494d74661326a0c9d55e6"},"headline":"Yrkesutbildningen gav Sameera livslusten tillbaka","datePublished":"2022-01-20T12:37:09+00:00","dateModified":"2022-12-11T19:06:47+00:00","mainEntityOfPage":{"@id":"https:\/\/myright.se\/yrkesutbildningen-gav-sameera-livslusten-tillbaka\/"},"wordCount":1401,"publisher":{"@id":"https:\/\/myright.se\/#organization"},"image":{"@id":"https:\/\/myright.se\/yrkesutbildningen-gav-sameera-livslusten-tillbaka\/#primaryimage"},"thumbnailUrl":"https:\/\/myright.se\/wp-content\/uploads\/2021\/09\/O8C9325-1-scaled.jpg","articleSection":["Aktuellt","Ber\u00e4ttelser","Inkluderande utbildning","Sri Lanka"],"inLanguage":"es"},{"@type":"WebPage","@id":"https:\/\/myright.se\/yrkesutbildningen-gav-sameera-livslusten-tillbaka\/","url":"https:\/\/myright.se\/yrkesutbildningen-gav-sameera-livslusten-tillbaka\/","name":"La formaci\u00f3n profesional le devolvi\u00f3 a Sameera el entusiasmo por la vida - MyRight","isPartOf":{"@id":"https:\/\/myright.se\/#website"},"primaryImageOfPage":{"@id":"https:\/\/myright.se\/yrkesutbildningen-gav-sameera-livslusten-tillbaka\/#primaryimage"},"image":{"@id":"https:\/\/myright.se\/yrkesutbildningen-gav-sameera-livslusten-tillbaka\/#primaryimage"},"thumbnailUrl":"https:\/\/myright.se\/wp-content\/uploads\/2021\/09\/O8C9325-1-scaled.jpg","datePublished":"2022-01-20T12:37:09+00:00","dateModified":"2022-12-11T19:06:47+00:00","breadcrumb":{"@id":"https:\/\/myright.se\/yrkesutbildningen-gav-sameera-livslusten-tillbaka\/#breadcrumb"},"inLanguage":"es","potentialAction":[{"@type":"ReadAction","target":["https:\/\/myright.se\/yrkesutbildningen-gav-sameera-livslusten-tillbaka\/"]}]},{"@type":"ImageObject","inLanguage":"es","@id":"https:\/\/myright.se\/yrkesutbildningen-gav-sameera-livslusten-tillbaka\/#primaryimage","url":"https:\/\/myright.se\/wp-content\/uploads\/2021\/09\/O8C9325-1-scaled.jpg","contentUrl":"https:\/\/myright.se\/wp-content\/uploads\/2021\/09\/O8C9325-1-scaled.jpg","width":2560,"height":1707,"caption":"Sameera Sandaruwan med sin fru Indika Hennayaka Mudiyanselage och deras dotter Theekshana Thathsarani"},{"@type":"BreadcrumbList","@id":"https:\/\/myright.se\/yrkesutbildningen-gav-sameera-livslusten-tillbaka\/#breadcrumb","itemListElement":[{"@type":"ListItem","position":1,"name":"Hem","item":"https:\/\/myright.se\/"},{"@type":"ListItem","position":2,"name":"Yrkesutbildningen gav Sameera livslusten tillbaka"}]},{"@type":"WebSite","@id":"https:\/\/myright.se\/#website","url":"https:\/\/myright.se\/","name":"Mi derecho","description":"","publisher":{"@id":"https:\/\/myright.se\/#organization"},"potentialAction":[{"@type":"SearchAction","target":{"@type":"EntryPoint","urlTemplate":"https:\/\/myright.se\/?s={search_term_string}"},"query-input":{"@type":"PropertyValueSpecification","valueRequired":true,"valueName":"search_term_string"}}],"inLanguage":"es"},{"@type":"Organization","@id":"https:\/\/myright.se\/#organization","name":"Mi derecho","url":"https:\/\/myright.se\/","logo":{"@type":"ImageObject","inLanguage":"es","@id":"https:\/\/myright.se\/#\/schema\/logo\/image\/","url":"https:\/\/myright.se\/wp-content\/uploads\/2020\/02\/Myright_logo_no_text_bredvid.png","contentUrl":"https:\/\/myright.se\/wp-content\/uploads\/2020\/02\/Myright_logo_no_text_bredvid.png","width":2751,"height":816,"caption":"MyRight"},"image":{"@id":"https:\/\/myright.se\/#\/schema\/logo\/image\/"}},{"@type":"Person","@id":"https:\/\/myright.se\/#\/schema\/person\/73a598398a9494d74661326a0c9d55e6","name":"Madeleine Jangard","image":{"@type":"ImageObject","inLanguage":"es","@id":"https:\/\/secure.gravatar.com\/avatar\/78a0b6a77a400e0d80a3a80dd2b429dd02994b0449d439ee5717cc053f07b511?s=96&d=mm&r=g","url":"https:\/\/secure.gravatar.com\/avatar\/78a0b6a77a400e0d80a3a80dd2b429dd02994b0449d439ee5717cc053f07b511?s=96&d=mm&r=g","contentUrl":"https:\/\/secure.gravatar.com\/avatar\/78a0b6a77a400e0d80a3a80dd2b429dd02994b0449d439ee5717cc053f07b511?s=96&d=mm&r=g","caption":"Madeleine Jangard"},"url":"https:\/\/myright.se\/es\/author\/madeleine\/"}]}},"_links":{"self":[{"href":"https:\/\/myright.se\/es\/wp-json\/wp\/v2\/posts\/19278","targetHints":{"allow":["GET"]}}],"collection":[{"href":"https:\/\/myright.se\/es\/wp-json\/wp\/v2\/posts"}],"about":[{"href":"https:\/\/myright.se\/es\/wp-json\/wp\/v2\/types\/post"}],"author":[{"embeddable":true,"href":"https:\/\/myright.se\/es\/wp-json\/wp\/v2\/users\/2"}],"replies":[{"embeddable":true,"href":"https:\/\/myright.se\/es\/wp-json\/wp\/v2\/comments?post=19278"}],"version-history":[{"count":11,"href":"https:\/\/myright.se\/es\/wp-json\/wp\/v2\/posts\/19278\/revisions"}],"predecessor-version":[{"id":21199,"href":"https:\/\/myright.se\/es\/wp-json\/wp\/v2\/posts\/19278\/revisions\/21199"}],"wp:featuredmedia":[{"embeddable":true,"href":"https:\/\/myright.se\/es\/wp-json\/wp\/v2\/media\/17614"}],"wp:attachment":[{"href":"https:\/\/myright.se\/es\/wp-json\/wp\/v2\/media?parent=19278"}],"wp:term":[{"taxonomy":"category","embeddable":true,"href":"https:\/\/myright.se\/es\/wp-json\/wp\/v2\/categories?post=19278"},{"taxonomy":"post_tag","embeddable":true,"href":"https:\/\/myright.se\/es\/wp-json\/wp\/v2\/tags?post=19278"}],"curies":[{"name":"wp","href":"https:\/\/api.w.org\/{rel}","templated":true}]}}