{"id":21508,"date":"2023-01-03T00:00:00","date_gmt":"2023-01-02T23:00:00","guid":{"rendered":"https:\/\/myright.se\/?p=21508"},"modified":"2022-12-20T13:14:53","modified_gmt":"2022-12-20T12:14:53","slug":"rubi-magar-undervisar-barn-med-intellektuell-funktionsnedsattning-i-nystartad-resursklass","status":"publish","type":"post","link":"https:\/\/myright.se\/es\/rubi-magar-undervisar-barn-med-intellektuell-funktionsnedsattning-i-nystartad-resursklass\/","title":{"rendered":"Rubi Magar ense\u00f1a a ni\u00f1os con discapacidad intelectual en una clase de recursos reci\u00e9n iniciada"},"content":{"rendered":"<div data-elementor-type=\"wp-post\" data-elementor-id=\"21508\" class=\"elementor elementor-21508\" data-elementor-post-type=\"post\">\n\t\t\t\t\t\t<section class=\"elementor-section elementor-top-section elementor-element elementor-element-5c1ecfe elementor-section-boxed elementor-section-height-default elementor-section-height-default\" data-id=\"5c1ecfe\" data-element_type=\"section\" data-e-type=\"section\">\n\t\t\t\t\t\t<div class=\"elementor-container elementor-column-gap-default\">\n\t\t\t\t\t<div class=\"elementor-column elementor-col-100 elementor-top-column elementor-element elementor-element-0614b2c\" data-id=\"0614b2c\" data-element_type=\"column\" data-e-type=\"column\">\n\t\t\t<div class=\"elementor-widget-wrap elementor-element-populated\">\n\t\t\t\t\t\t<div class=\"elementor-element elementor-element-73a3f7b elementor-widget elementor-widget-text-editor\" data-id=\"73a3f7b\" data-element_type=\"widget\" data-e-type=\"widget\" data-widget_type=\"text-editor.default\">\n\t\t\t\t<div class=\"elementor-widget-container\">\n\t\t\t\t\t\t\t\t\t<p><strong>Rubi Magar es una apasionada de la ense\u00f1anza, ha pasado el \u00faltimo a\u00f1o trabajando en una clase de recursos para ni\u00f1os con discapacidad intelectual en Belaka, Nepal. En su profesi\u00f3n, consigue adaptar la ense\u00f1anza a las necesidades individuales de los ni\u00f1os. <\/strong><\/p>\t\t\t\t\t\t\t\t<\/div>\n\t\t\t\t<\/div>\n\t\t\t\t\t<\/div>\n\t\t<\/div>\n\t\t\t\t\t<\/div>\n\t\t<\/section>\n\t\t\t\t<section class=\"elementor-section elementor-top-section elementor-element elementor-element-2affe03 elementor-section-boxed elementor-section-height-default elementor-section-height-default\" data-id=\"2affe03\" data-element_type=\"section\" data-e-type=\"section\">\n\t\t\t\t\t\t<div class=\"elementor-container elementor-column-gap-default\">\n\t\t\t\t\t<div class=\"elementor-column elementor-col-100 elementor-top-column elementor-element elementor-element-e915496\" data-id=\"e915496\" data-element_type=\"column\" data-e-type=\"column\">\n\t\t\t<div class=\"elementor-widget-wrap elementor-element-populated\">\n\t\t\t\t\t\t<div class=\"elementor-element elementor-element-8b329be elementor-widget elementor-widget-image\" data-id=\"8b329be\" data-element_type=\"widget\" data-e-type=\"widget\" data-widget_type=\"image.default\">\n\t\t\t\t<div class=\"elementor-widget-container\">\n\t\t\t\t\t\t\t\t\t\t\t\t<figure class=\"wp-caption\">\n\t\t\t\t\t\t\t\t\t\t<img fetchpriority=\"high\" decoding=\"async\" width=\"580\" height=\"435\" src=\"https:\/\/myright.se\/wp-content\/uploads\/2022\/12\/IMG_20221017_114928-1024x768.jpg\" class=\"attachment-large size-large wp-image-21533\" alt=\"Rubi est\u00e1 sentada frente a una ni\u00f1a en el suelo del aula, se saludan con la mano.\" srcset=\"https:\/\/myright.se\/wp-content\/uploads\/2022\/12\/IMG_20221017_114928-1024x768.jpg 1024w, https:\/\/myright.se\/wp-content\/uploads\/2022\/12\/IMG_20221017_114928-300x225.jpg 300w, https:\/\/myright.se\/wp-content\/uploads\/2022\/12\/IMG_20221017_114928-768x576.jpg 768w, https:\/\/myright.se\/wp-content\/uploads\/2022\/12\/IMG_20221017_114928-1536x1152.jpg 1536w, https:\/\/myright.se\/wp-content\/uploads\/2022\/12\/IMG_20221017_114928-2048x1536.jpg 2048w, https:\/\/myright.se\/wp-content\/uploads\/2022\/12\/IMG_20221017_114928-16x12.jpg 16w, https:\/\/myright.se\/wp-content\/uploads\/2022\/12\/IMG_20221017_114928-1200x900.jpg 1200w, https:\/\/myright.se\/wp-content\/uploads\/2022\/12\/IMG_20221017_114928-1980x1485.jpg 1980w, https:\/\/myright.se\/wp-content\/uploads\/2022\/12\/IMG_20221017_114928-600x450.jpg 600w\" sizes=\"(max-width: 580px) 100vw, 580px\" \/>\t\t\t\t\t\t\t\t\t\t\t<figcaption class=\"widget-image-caption wp-caption-text\">Rub\u00ed Magar y Urmila Subendi.<\/figcaption>\n\t\t\t\t\t\t\t\t\t\t<\/figure>\n\t\t\t\t\t\t\t\t\t<\/div>\n\t\t\t\t<\/div>\n\t\t\t\t\t<\/div>\n\t\t<\/div>\n\t\t\t\t\t<\/div>\n\t\t<\/section>\n\t\t\t\t<section class=\"elementor-section elementor-top-section elementor-element elementor-element-2903c63 elementor-section-boxed elementor-section-height-default elementor-section-height-default\" data-id=\"2903c63\" data-element_type=\"section\" data-e-type=\"section\">\n\t\t\t\t\t\t<div class=\"elementor-container elementor-column-gap-default\">\n\t\t\t\t\t<div class=\"elementor-column elementor-col-100 elementor-top-column elementor-element elementor-element-326f565\" data-id=\"326f565\" data-element_type=\"column\" data-e-type=\"column\">\n\t\t\t<div class=\"elementor-widget-wrap elementor-element-populated\">\n\t\t\t\t\t\t<div class=\"elementor-element elementor-element-8225b13 elementor-widget elementor-widget-text-editor\" data-id=\"8225b13\" data-element_type=\"widget\" data-e-type=\"widget\" data-widget_type=\"text-editor.default\">\n\t\t\t\t<div class=\"elementor-widget-container\">\n\t\t\t\t\t\t\t\t\t<p>Rubi ha trabajado anteriormente como maestra en una escuela primaria general, donde ense\u00f1aba las mismas cosas a toda la clase. Ahora que trabaja en una clase de recursos, es necesario que la formaci\u00f3n se adapte a cada individuo. Cada quien tiene diferentes necesidades, intereses y capacidades que ella tiene que tener en cuenta.<\/p><p>Cuando Rubi vio que hab\u00eda una vacante como maestra de ni\u00f1os con discapacidad intelectual, inmediatamente se interes\u00f3. Ella lo vio como una oportunidad para aprender cosas nuevas y participar y contribuir con aquellos que necesitan un apoyo especial.<\/p><p>Rubi tuvo que asistir a un curso intensivo de 15 semanas en educaci\u00f3n especial para prepararse para el nuevo trabajo. El curso fue realizado por la Federaci\u00f3n de Padres de Familia de Personas con Discapacidad Intelectual (PFPID), que tambi\u00e9n es la organizaci\u00f3n que desarroll\u00f3 el proyecto con la clase de recursos.<\/p>\t\t\t\t\t\t\t\t<\/div>\n\t\t\t\t<\/div>\n\t\t\t\t\t<\/div>\n\t\t<\/div>\n\t\t\t\t\t<\/div>\n\t\t<\/section>\n\t\t\t\t<section class=\"elementor-section elementor-top-section elementor-element elementor-element-b824edd elementor-section-boxed elementor-section-height-default elementor-section-height-default\" data-id=\"b824edd\" data-element_type=\"section\" data-e-type=\"section\">\n\t\t\t\t\t\t<div class=\"elementor-container elementor-column-gap-default\">\n\t\t\t\t\t<div class=\"elementor-column elementor-col-50 elementor-top-column elementor-element elementor-element-e13e85b\" data-id=\"e13e85b\" data-element_type=\"column\" data-e-type=\"column\">\n\t\t\t<div class=\"elementor-widget-wrap elementor-element-populated\">\n\t\t\t\t\t\t<div class=\"elementor-element elementor-element-5955995 elementor-widget elementor-widget-image\" data-id=\"5955995\" data-element_type=\"widget\" data-e-type=\"widget\" data-widget_type=\"image.default\">\n\t\t\t\t<div class=\"elementor-widget-container\">\n\t\t\t\t\t\t\t\t\t\t\t\t<figure class=\"wp-caption\">\n\t\t\t\t\t\t\t\t\t\t<img decoding=\"async\" width=\"580\" height=\"435\" src=\"https:\/\/myright.se\/wp-content\/uploads\/2022\/12\/IMG_20221017_114627-1024x768.jpg\" class=\"attachment-large size-large wp-image-21548\" alt=\"Imagen de la ense\u00f1anza en el aula, Rubi se pone de pie y observa el trabajo de los alumnos.\" srcset=\"https:\/\/myright.se\/wp-content\/uploads\/2022\/12\/IMG_20221017_114627-1024x768.jpg 1024w, https:\/\/myright.se\/wp-content\/uploads\/2022\/12\/IMG_20221017_114627-300x225.jpg 300w, https:\/\/myright.se\/wp-content\/uploads\/2022\/12\/IMG_20221017_114627-768x576.jpg 768w, https:\/\/myright.se\/wp-content\/uploads\/2022\/12\/IMG_20221017_114627-1536x1152.jpg 1536w, https:\/\/myright.se\/wp-content\/uploads\/2022\/12\/IMG_20221017_114627-2048x1536.jpg 2048w, https:\/\/myright.se\/wp-content\/uploads\/2022\/12\/IMG_20221017_114627-16x12.jpg 16w, https:\/\/myright.se\/wp-content\/uploads\/2022\/12\/IMG_20221017_114627-1200x900.jpg 1200w, https:\/\/myright.se\/wp-content\/uploads\/2022\/12\/IMG_20221017_114627-1980x1485.jpg 1980w, https:\/\/myright.se\/wp-content\/uploads\/2022\/12\/IMG_20221017_114627-600x450.jpg 600w\" sizes=\"(max-width: 580px) 100vw, 580px\" \/>\t\t\t\t\t\t\t\t\t\t\t<figcaption class=\"widget-image-caption wp-caption-text\">Rubi Magar co-ense\u00f1a la clase de recursos con Poonam Tamang. <\/figcaption>\n\t\t\t\t\t\t\t\t\t\t<\/figure>\n\t\t\t\t\t\t\t\t\t<\/div>\n\t\t\t\t<\/div>\n\t\t\t\t\t<\/div>\n\t\t<\/div>\n\t\t\t\t<div class=\"elementor-column elementor-col-50 elementor-top-column elementor-element elementor-element-35f60e2\" data-id=\"35f60e2\" data-element_type=\"column\" data-e-type=\"column\">\n\t\t\t<div class=\"elementor-widget-wrap elementor-element-populated\">\n\t\t\t\t\t\t<div class=\"elementor-element elementor-element-9620923 elementor-widget elementor-widget-image\" data-id=\"9620923\" data-element_type=\"widget\" data-e-type=\"widget\" data-widget_type=\"image.default\">\n\t\t\t\t<div class=\"elementor-widget-container\">\n\t\t\t\t\t\t\t\t\t\t\t\t<figure class=\"wp-caption\">\n\t\t\t\t\t\t\t\t\t\t<img decoding=\"async\" width=\"580\" height=\"435\" src=\"https:\/\/myright.se\/wp-content\/uploads\/2022\/12\/IMG_20221017_143908-1024x768.jpg\" class=\"attachment-large size-large wp-image-21561\" alt=\"Varios ni\u00f1os se balancean y juegan en el patio de la escuela.\" srcset=\"https:\/\/myright.se\/wp-content\/uploads\/2022\/12\/IMG_20221017_143908-1024x768.jpg 1024w, https:\/\/myright.se\/wp-content\/uploads\/2022\/12\/IMG_20221017_143908-300x225.jpg 300w, https:\/\/myright.se\/wp-content\/uploads\/2022\/12\/IMG_20221017_143908-768x576.jpg 768w, https:\/\/myright.se\/wp-content\/uploads\/2022\/12\/IMG_20221017_143908-1536x1152.jpg 1536w, https:\/\/myright.se\/wp-content\/uploads\/2022\/12\/IMG_20221017_143908-2048x1536.jpg 2048w, https:\/\/myright.se\/wp-content\/uploads\/2022\/12\/IMG_20221017_143908-16x12.jpg 16w, https:\/\/myright.se\/wp-content\/uploads\/2022\/12\/IMG_20221017_143908-1200x900.jpg 1200w, https:\/\/myright.se\/wp-content\/uploads\/2022\/12\/IMG_20221017_143908-1980x1485.jpg 1980w, https:\/\/myright.se\/wp-content\/uploads\/2022\/12\/IMG_20221017_143908-600x450.jpg 600w\" sizes=\"(max-width: 580px) 100vw, 580px\" \/>\t\t\t\t\t\t\t\t\t\t\t<figcaption class=\"widget-image-caption wp-caption-text\">Durante los descansos, los columpios son populares entre los estudiantes. <\/figcaption>\n\t\t\t\t\t\t\t\t\t\t<\/figure>\n\t\t\t\t\t\t\t\t\t<\/div>\n\t\t\t\t<\/div>\n\t\t\t\t\t<\/div>\n\t\t<\/div>\n\t\t\t\t\t<\/div>\n\t\t<\/section>\n\t\t\t\t<section class=\"elementor-section elementor-top-section elementor-element elementor-element-ca2030b elementor-section-boxed elementor-section-height-default elementor-section-height-default\" data-id=\"ca2030b\" data-element_type=\"section\" data-e-type=\"section\">\n\t\t\t\t\t\t<div class=\"elementor-container elementor-column-gap-default\">\n\t\t\t\t\t<div class=\"elementor-column elementor-col-100 elementor-top-column elementor-element elementor-element-303a5c1\" data-id=\"303a5c1\" data-element_type=\"column\" data-e-type=\"column\">\n\t\t\t<div class=\"elementor-widget-wrap elementor-element-populated\">\n\t\t\t\t\t\t<div class=\"elementor-element elementor-element-0a2d95b elementor-widget elementor-widget-text-editor\" data-id=\"0a2d95b\" data-element_type=\"widget\" data-e-type=\"widget\" data-widget_type=\"text-editor.default\">\n\t\t\t\t<div class=\"elementor-widget-container\">\n\t\t\t\t\t\t\t\t\t<p>Hay varios desaf\u00edos para ense\u00f1ar la clase de recursos. Rubi explica que puede ser particularmente dif\u00edcil cuando un ni\u00f1o tiene m\u00faltiples discapacidades, por ejemplo, tanto la discapacidad intelectual como la discapacidad motora. Tambi\u00e9n hay ni\u00f1os en la clase que son mudos, por lo que Rubi tiene que buscar otras formas de comunicarse y tratar de entender lo que necesitan los ni\u00f1os.<\/p><p>A pesar de los desaf\u00edos, Rubi se alegra de haber tenido la oportunidad de trabajar con ni\u00f1os con discapacidades. Ella sabe que su trabajo marca la diferencia no solo en la vida de los ni\u00f1os, sino en la de familias enteras. Gracias a que los ni\u00f1os pueden ir a la escuela y ser m\u00e1s independientes, los padres obtienen tiempo y espacio para trabajar y mantener a su familia. La preocupaci\u00f3n por el futuro de los ni\u00f1os se reduce y eso significa mucho.<\/p><p>-Me da mucha alegr\u00eda mi trabajo, me da mucho ense\u00f1ar a estos ni\u00f1os, dice Rubi.<\/p>\t\t\t\t\t\t\t\t<\/div>\n\t\t\t\t<\/div>\n\t\t\t\t\t<\/div>\n\t\t<\/div>\n\t\t\t\t\t<\/div>\n\t\t<\/section>\n\t\t\t\t<\/div>","protected":false},"excerpt":{"rendered":"<p>Rubi Magar brinner f\u00f6r att l\u00e4ra ut, hon har det senaste \u00e5ret arbetat i en resursklass f\u00f6r barn med intellektuell funktionsneds\u00e4ttning i Belaka, Nepal. I sitt yrke f\u00e5r hon anpassa undervisningen efter barnens individuella behov. Rubi Magar och Urmila Subendi. Rubi har tidigare arbetat som l\u00e4rare i en allm\u00e4n grundskola, d\u00e4r undervisade hon samma saker [&hellip;]<\/p>\n","protected":false},"author":2,"featured_media":21533,"comment_status":"closed","ping_status":"closed","sticky":false,"template":"","format":"standard","meta":{"footnotes":""},"categories":[49,37,40],"tags":[],"class_list":["post-21508","post","type-post","status-publish","format-standard","has-post-thumbnail","hentry","category-aktuellt","category-berattelser","category-nepal"],"yoast_head":"<!-- This site is optimized with the Yoast SEO plugin v27.5 - https:\/\/yoast.com\/product\/yoast-seo-wordpress\/ -->\n<title>Rubi Magar undervisar barn med intellektuell funktionsneds\u00e4ttning i nystartad resursklass - MyRight<\/title>\n<meta name=\"robots\" content=\"index, follow, max-snippet:-1, max-image-preview:large, max-video-preview:-1\" \/>\n<link rel=\"canonical\" href=\"https:\/\/myright.se\/es\/rubi-magar-undervisar-barn-med-intellektuell-funktionsnedsattning-i-nystartad-resursklass\/\" \/>\n<meta property=\"og:locale\" content=\"es_ES\" \/>\n<meta property=\"og:type\" content=\"article\" \/>\n<meta property=\"og:title\" content=\"Rubi Magar undervisar barn med intellektuell funktionsneds\u00e4ttning i nystartad resursklass - MyRight\" \/>\n<meta property=\"og:description\" content=\"Rubi Magar brinner f\u00f6r att l\u00e4ra ut, hon har det senaste \u00e5ret arbetat i en resursklass f\u00f6r barn med intellektuell funktionsneds\u00e4ttning i Belaka, Nepal. I sitt yrke f\u00e5r hon anpassa undervisningen efter barnens individuella behov. Rubi Magar och Urmila Subendi. Rubi har tidigare arbetat som l\u00e4rare i en allm\u00e4n grundskola, d\u00e4r undervisade hon samma saker [&hellip;]\" \/>\n<meta property=\"og:url\" content=\"https:\/\/myright.se\/es\/rubi-magar-undervisar-barn-med-intellektuell-funktionsnedsattning-i-nystartad-resursklass\/\" \/>\n<meta property=\"og:site_name\" content=\"MyRight\" \/>\n<meta property=\"article:published_time\" content=\"2023-01-02T23:00:00+00:00\" \/>\n<meta property=\"og:image\" content=\"https:\/\/myright.se\/wp-content\/uploads\/2022\/12\/IMG_20221017_114928-scaled.jpg\" \/>\n\t<meta property=\"og:image:width\" content=\"2560\" \/>\n\t<meta property=\"og:image:height\" content=\"1920\" \/>\n\t<meta property=\"og:image:type\" content=\"image\/jpeg\" \/>\n<meta name=\"author\" content=\"Madeleine Jangard\" \/>\n<meta name=\"twitter:card\" content=\"summary_large_image\" \/>\n<meta name=\"twitter:label1\" content=\"Escrito por\" \/>\n\t<meta name=\"twitter:data1\" content=\"Madeleine Jangard\" \/>\n\t<meta name=\"twitter:label2\" content=\"Tiempo de lectura\" \/>\n\t<meta name=\"twitter:data2\" content=\"3 minutos\" \/>\n<script type=\"application\/ld+json\" class=\"yoast-schema-graph\">{\"@context\":\"https:\\\/\\\/schema.org\",\"@graph\":[{\"@type\":\"Article\",\"@id\":\"https:\\\/\\\/myright.se\\\/rubi-magar-undervisar-barn-med-intellektuell-funktionsnedsattning-i-nystartad-resursklass\\\/#article\",\"isPartOf\":{\"@id\":\"https:\\\/\\\/myright.se\\\/rubi-magar-undervisar-barn-med-intellektuell-funktionsnedsattning-i-nystartad-resursklass\\\/\"},\"author\":{\"name\":\"Madeleine Jangard\",\"@id\":\"https:\\\/\\\/myright.se\\\/#\\\/schema\\\/person\\\/73a598398a9494d74661326a0c9d55e6\"},\"headline\":\"Rubi Magar undervisar barn med intellektuell funktionsneds\u00e4ttning i nystartad resursklass\",\"datePublished\":\"2023-01-02T23:00:00+00:00\",\"mainEntityOfPage\":{\"@id\":\"https:\\\/\\\/myright.se\\\/rubi-magar-undervisar-barn-med-intellektuell-funktionsnedsattning-i-nystartad-resursklass\\\/\"},\"wordCount\":396,\"publisher\":{\"@id\":\"https:\\\/\\\/myright.se\\\/#organization\"},\"image\":{\"@id\":\"https:\\\/\\\/myright.se\\\/rubi-magar-undervisar-barn-med-intellektuell-funktionsnedsattning-i-nystartad-resursklass\\\/#primaryimage\"},\"thumbnailUrl\":\"https:\\\/\\\/myright.se\\\/wp-content\\\/uploads\\\/2022\\\/12\\\/IMG_20221017_114928-scaled.jpg\",\"articleSection\":[\"Aktuellt\",\"Ber\u00e4ttelser\",\"Nepal\"],\"inLanguage\":\"es\"},{\"@type\":\"WebPage\",\"@id\":\"https:\\\/\\\/myright.se\\\/rubi-magar-undervisar-barn-med-intellektuell-funktionsnedsattning-i-nystartad-resursklass\\\/\",\"url\":\"https:\\\/\\\/myright.se\\\/rubi-magar-undervisar-barn-med-intellektuell-funktionsnedsattning-i-nystartad-resursklass\\\/\",\"name\":\"Rubi Magar undervisar barn med intellektuell funktionsneds\u00e4ttning i nystartad resursklass - MyRight\",\"isPartOf\":{\"@id\":\"https:\\\/\\\/myright.se\\\/#website\"},\"primaryImageOfPage\":{\"@id\":\"https:\\\/\\\/myright.se\\\/rubi-magar-undervisar-barn-med-intellektuell-funktionsnedsattning-i-nystartad-resursklass\\\/#primaryimage\"},\"image\":{\"@id\":\"https:\\\/\\\/myright.se\\\/rubi-magar-undervisar-barn-med-intellektuell-funktionsnedsattning-i-nystartad-resursklass\\\/#primaryimage\"},\"thumbnailUrl\":\"https:\\\/\\\/myright.se\\\/wp-content\\\/uploads\\\/2022\\\/12\\\/IMG_20221017_114928-scaled.jpg\",\"datePublished\":\"2023-01-02T23:00:00+00:00\",\"breadcrumb\":{\"@id\":\"https:\\\/\\\/myright.se\\\/rubi-magar-undervisar-barn-med-intellektuell-funktionsnedsattning-i-nystartad-resursklass\\\/#breadcrumb\"},\"inLanguage\":\"es\",\"potentialAction\":[{\"@type\":\"ReadAction\",\"target\":[\"https:\\\/\\\/myright.se\\\/rubi-magar-undervisar-barn-med-intellektuell-funktionsnedsattning-i-nystartad-resursklass\\\/\"]}]},{\"@type\":\"ImageObject\",\"inLanguage\":\"es\",\"@id\":\"https:\\\/\\\/myright.se\\\/rubi-magar-undervisar-barn-med-intellektuell-funktionsnedsattning-i-nystartad-resursklass\\\/#primaryimage\",\"url\":\"https:\\\/\\\/myright.se\\\/wp-content\\\/uploads\\\/2022\\\/12\\\/IMG_20221017_114928-scaled.jpg\",\"contentUrl\":\"https:\\\/\\\/myright.se\\\/wp-content\\\/uploads\\\/2022\\\/12\\\/IMG_20221017_114928-scaled.jpg\",\"width\":2560,\"height\":1920,\"caption\":\"Rubi Magar och Urmila Subendi.\"},{\"@type\":\"BreadcrumbList\",\"@id\":\"https:\\\/\\\/myright.se\\\/rubi-magar-undervisar-barn-med-intellektuell-funktionsnedsattning-i-nystartad-resursklass\\\/#breadcrumb\",\"itemListElement\":[{\"@type\":\"ListItem\",\"position\":1,\"name\":\"Hem\",\"item\":\"https:\\\/\\\/myright.se\\\/\"},{\"@type\":\"ListItem\",\"position\":2,\"name\":\"Rubi Magar undervisar barn med intellektuell funktionsneds\u00e4ttning i nystartad resursklass\"}]},{\"@type\":\"WebSite\",\"@id\":\"https:\\\/\\\/myright.se\\\/#website\",\"url\":\"https:\\\/\\\/myright.se\\\/\",\"name\":\"MyRight\",\"description\":\"\",\"publisher\":{\"@id\":\"https:\\\/\\\/myright.se\\\/#organization\"},\"potentialAction\":[{\"@type\":\"SearchAction\",\"target\":{\"@type\":\"EntryPoint\",\"urlTemplate\":\"https:\\\/\\\/myright.se\\\/?s={search_term_string}\"},\"query-input\":{\"@type\":\"PropertyValueSpecification\",\"valueRequired\":true,\"valueName\":\"search_term_string\"}}],\"inLanguage\":\"es\"},{\"@type\":\"Organization\",\"@id\":\"https:\\\/\\\/myright.se\\\/#organization\",\"name\":\"MyRight\",\"url\":\"https:\\\/\\\/myright.se\\\/\",\"logo\":{\"@type\":\"ImageObject\",\"inLanguage\":\"es\",\"@id\":\"https:\\\/\\\/myright.se\\\/#\\\/schema\\\/logo\\\/image\\\/\",\"url\":\"https:\\\/\\\/myright.se\\\/wp-content\\\/uploads\\\/2020\\\/02\\\/Myright_logo_no_text_bredvid.png\",\"contentUrl\":\"https:\\\/\\\/myright.se\\\/wp-content\\\/uploads\\\/2020\\\/02\\\/Myright_logo_no_text_bredvid.png\",\"width\":2751,\"height\":816,\"caption\":\"MyRight\"},\"image\":{\"@id\":\"https:\\\/\\\/myright.se\\\/#\\\/schema\\\/logo\\\/image\\\/\"}},{\"@type\":\"Person\",\"@id\":\"https:\\\/\\\/myright.se\\\/#\\\/schema\\\/person\\\/73a598398a9494d74661326a0c9d55e6\",\"name\":\"Madeleine Jangard\",\"image\":{\"@type\":\"ImageObject\",\"inLanguage\":\"es\",\"@id\":\"https:\\\/\\\/secure.gravatar.com\\\/avatar\\\/78a0b6a77a400e0d80a3a80dd2b429dd02994b0449d439ee5717cc053f07b511?s=96&d=mm&r=g\",\"url\":\"https:\\\/\\\/secure.gravatar.com\\\/avatar\\\/78a0b6a77a400e0d80a3a80dd2b429dd02994b0449d439ee5717cc053f07b511?s=96&d=mm&r=g\",\"contentUrl\":\"https:\\\/\\\/secure.gravatar.com\\\/avatar\\\/78a0b6a77a400e0d80a3a80dd2b429dd02994b0449d439ee5717cc053f07b511?s=96&d=mm&r=g\",\"caption\":\"Madeleine Jangard\"},\"url\":\"https:\\\/\\\/myright.se\\\/es\\\/author\\\/madeleine\\\/\"}]}<\/script>\n<!-- \/ Yoast SEO plugin. -->","yoast_head_json":{"title":"Rubi Magar ense\u00f1a a ni\u00f1os con discapacidad intelectual en la reci\u00e9n iniciada clase de recursos - MyRight","robots":{"index":"index","follow":"follow","max-snippet":"max-snippet:-1","max-image-preview":"max-image-preview:large","max-video-preview":"max-video-preview:-1"},"canonical":"https:\/\/myright.se\/es\/rubi-magar-undervisar-barn-med-intellektuell-funktionsnedsattning-i-nystartad-resursklass\/","og_locale":"es_ES","og_type":"article","og_title":"Rubi Magar undervisar barn med intellektuell funktionsneds\u00e4ttning i nystartad resursklass - MyRight","og_description":"Rubi Magar brinner f\u00f6r att l\u00e4ra ut, hon har det senaste \u00e5ret arbetat i en resursklass f\u00f6r barn med intellektuell funktionsneds\u00e4ttning i Belaka, Nepal. I sitt yrke f\u00e5r hon anpassa undervisningen efter barnens individuella behov. Rubi Magar och Urmila Subendi. Rubi har tidigare arbetat som l\u00e4rare i en allm\u00e4n grundskola, d\u00e4r undervisade hon samma saker [&hellip;]","og_url":"https:\/\/myright.se\/es\/rubi-magar-undervisar-barn-med-intellektuell-funktionsnedsattning-i-nystartad-resursklass\/","og_site_name":"MyRight","article_published_time":"2023-01-02T23:00:00+00:00","og_image":[{"width":2560,"height":1920,"url":"https:\/\/myright.se\/wp-content\/uploads\/2022\/12\/IMG_20221017_114928-scaled.jpg","type":"image\/jpeg"}],"author":"Madeleine Jangard","twitter_card":"summary_large_image","twitter_misc":{"Escrito por":"Madeleine Jangard","Tiempo de lectura":"3 minutos"},"schema":{"@context":"https:\/\/schema.org","@graph":[{"@type":"Article","@id":"https:\/\/myright.se\/rubi-magar-undervisar-barn-med-intellektuell-funktionsnedsattning-i-nystartad-resursklass\/#article","isPartOf":{"@id":"https:\/\/myright.se\/rubi-magar-undervisar-barn-med-intellektuell-funktionsnedsattning-i-nystartad-resursklass\/"},"author":{"name":"Madeleine Jangard","@id":"https:\/\/myright.se\/#\/schema\/person\/73a598398a9494d74661326a0c9d55e6"},"headline":"Rubi Magar undervisar barn med intellektuell funktionsneds\u00e4ttning i nystartad resursklass","datePublished":"2023-01-02T23:00:00+00:00","mainEntityOfPage":{"@id":"https:\/\/myright.se\/rubi-magar-undervisar-barn-med-intellektuell-funktionsnedsattning-i-nystartad-resursklass\/"},"wordCount":396,"publisher":{"@id":"https:\/\/myright.se\/#organization"},"image":{"@id":"https:\/\/myright.se\/rubi-magar-undervisar-barn-med-intellektuell-funktionsnedsattning-i-nystartad-resursklass\/#primaryimage"},"thumbnailUrl":"https:\/\/myright.se\/wp-content\/uploads\/2022\/12\/IMG_20221017_114928-scaled.jpg","articleSection":["Aktuellt","Ber\u00e4ttelser","Nepal"],"inLanguage":"es"},{"@type":"WebPage","@id":"https:\/\/myright.se\/rubi-magar-undervisar-barn-med-intellektuell-funktionsnedsattning-i-nystartad-resursklass\/","url":"https:\/\/myright.se\/rubi-magar-undervisar-barn-med-intellektuell-funktionsnedsattning-i-nystartad-resursklass\/","name":"Rubi Magar ense\u00f1a a ni\u00f1os con discapacidad intelectual en la reci\u00e9n iniciada clase de recursos - MyRight","isPartOf":{"@id":"https:\/\/myright.se\/#website"},"primaryImageOfPage":{"@id":"https:\/\/myright.se\/rubi-magar-undervisar-barn-med-intellektuell-funktionsnedsattning-i-nystartad-resursklass\/#primaryimage"},"image":{"@id":"https:\/\/myright.se\/rubi-magar-undervisar-barn-med-intellektuell-funktionsnedsattning-i-nystartad-resursklass\/#primaryimage"},"thumbnailUrl":"https:\/\/myright.se\/wp-content\/uploads\/2022\/12\/IMG_20221017_114928-scaled.jpg","datePublished":"2023-01-02T23:00:00+00:00","breadcrumb":{"@id":"https:\/\/myright.se\/rubi-magar-undervisar-barn-med-intellektuell-funktionsnedsattning-i-nystartad-resursklass\/#breadcrumb"},"inLanguage":"es","potentialAction":[{"@type":"ReadAction","target":["https:\/\/myright.se\/rubi-magar-undervisar-barn-med-intellektuell-funktionsnedsattning-i-nystartad-resursklass\/"]}]},{"@type":"ImageObject","inLanguage":"es","@id":"https:\/\/myright.se\/rubi-magar-undervisar-barn-med-intellektuell-funktionsnedsattning-i-nystartad-resursklass\/#primaryimage","url":"https:\/\/myright.se\/wp-content\/uploads\/2022\/12\/IMG_20221017_114928-scaled.jpg","contentUrl":"https:\/\/myright.se\/wp-content\/uploads\/2022\/12\/IMG_20221017_114928-scaled.jpg","width":2560,"height":1920,"caption":"Rubi Magar och Urmila Subendi."},{"@type":"BreadcrumbList","@id":"https:\/\/myright.se\/rubi-magar-undervisar-barn-med-intellektuell-funktionsnedsattning-i-nystartad-resursklass\/#breadcrumb","itemListElement":[{"@type":"ListItem","position":1,"name":"Hem","item":"https:\/\/myright.se\/"},{"@type":"ListItem","position":2,"name":"Rubi Magar undervisar barn med intellektuell funktionsneds\u00e4ttning i nystartad resursklass"}]},{"@type":"WebSite","@id":"https:\/\/myright.se\/#website","url":"https:\/\/myright.se\/","name":"Mi derecho","description":"","publisher":{"@id":"https:\/\/myright.se\/#organization"},"potentialAction":[{"@type":"SearchAction","target":{"@type":"EntryPoint","urlTemplate":"https:\/\/myright.se\/?s={search_term_string}"},"query-input":{"@type":"PropertyValueSpecification","valueRequired":true,"valueName":"search_term_string"}}],"inLanguage":"es"},{"@type":"Organization","@id":"https:\/\/myright.se\/#organization","name":"Mi derecho","url":"https:\/\/myright.se\/","logo":{"@type":"ImageObject","inLanguage":"es","@id":"https:\/\/myright.se\/#\/schema\/logo\/image\/","url":"https:\/\/myright.se\/wp-content\/uploads\/2020\/02\/Myright_logo_no_text_bredvid.png","contentUrl":"https:\/\/myright.se\/wp-content\/uploads\/2020\/02\/Myright_logo_no_text_bredvid.png","width":2751,"height":816,"caption":"MyRight"},"image":{"@id":"https:\/\/myright.se\/#\/schema\/logo\/image\/"}},{"@type":"Person","@id":"https:\/\/myright.se\/#\/schema\/person\/73a598398a9494d74661326a0c9d55e6","name":"Madeleine Jangard","image":{"@type":"ImageObject","inLanguage":"es","@id":"https:\/\/secure.gravatar.com\/avatar\/78a0b6a77a400e0d80a3a80dd2b429dd02994b0449d439ee5717cc053f07b511?s=96&d=mm&r=g","url":"https:\/\/secure.gravatar.com\/avatar\/78a0b6a77a400e0d80a3a80dd2b429dd02994b0449d439ee5717cc053f07b511?s=96&d=mm&r=g","contentUrl":"https:\/\/secure.gravatar.com\/avatar\/78a0b6a77a400e0d80a3a80dd2b429dd02994b0449d439ee5717cc053f07b511?s=96&d=mm&r=g","caption":"Madeleine Jangard"},"url":"https:\/\/myright.se\/es\/author\/madeleine\/"}]}},"_links":{"self":[{"href":"https:\/\/myright.se\/es\/wp-json\/wp\/v2\/posts\/21508","targetHints":{"allow":["GET"]}}],"collection":[{"href":"https:\/\/myright.se\/es\/wp-json\/wp\/v2\/posts"}],"about":[{"href":"https:\/\/myright.se\/es\/wp-json\/wp\/v2\/types\/post"}],"author":[{"embeddable":true,"href":"https:\/\/myright.se\/es\/wp-json\/wp\/v2\/users\/2"}],"replies":[{"embeddable":true,"href":"https:\/\/myright.se\/es\/wp-json\/wp\/v2\/comments?post=21508"}],"version-history":[{"count":6,"href":"https:\/\/myright.se\/es\/wp-json\/wp\/v2\/posts\/21508\/revisions"}],"predecessor-version":[{"id":21581,"href":"https:\/\/myright.se\/es\/wp-json\/wp\/v2\/posts\/21508\/revisions\/21581"}],"wp:featuredmedia":[{"embeddable":true,"href":"https:\/\/myright.se\/es\/wp-json\/wp\/v2\/media\/21533"}],"wp:attachment":[{"href":"https:\/\/myright.se\/es\/wp-json\/wp\/v2\/media?parent=21508"}],"wp:term":[{"taxonomy":"category","embeddable":true,"href":"https:\/\/myright.se\/es\/wp-json\/wp\/v2\/categories?post=21508"},{"taxonomy":"post_tag","embeddable":true,"href":"https:\/\/myright.se\/es\/wp-json\/wp\/v2\/tags?post=21508"}],"curies":[{"name":"wp","href":"https:\/\/api.w.org\/{rel}","templated":true}]}}