{"id":22879,"date":"2023-05-22T10:49:48","date_gmt":"2023-05-22T09:49:48","guid":{"rendered":"https:\/\/myright.se\/?p=22879"},"modified":"2023-05-22T10:49:48","modified_gmt":"2023-05-22T09:49:48","slug":"control-sobre-su-cuerpo-y-su-sexualidad","status":"publish","type":"post","link":"https:\/\/myright.se\/es\/ratten-over-sin-kropp-och-sin-sexualitet\/","title":{"rendered":"El derecho al propio cuerpo y a la propia sexualidad"},"content":{"rendered":"<div data-elementor-type=\"wp-post\" data-elementor-id=\"22879\" class=\"elementor elementor-22879\" data-elementor-post-type=\"post\">\n\t\t\t\t\t\t<section class=\"elementor-section elementor-top-section elementor-element elementor-element-d8d4731 elementor-section-boxed elementor-section-height-default elementor-section-height-default\" data-id=\"d8d4731\" data-element_type=\"section\" data-e-type=\"section\">\n\t\t\t\t\t\t<div class=\"elementor-container elementor-column-gap-default\">\n\t\t\t\t\t<div class=\"elementor-column elementor-col-100 elementor-top-column elementor-element elementor-element-2fb961f\" data-id=\"2fb961f\" data-element_type=\"column\" data-e-type=\"column\">\n\t\t\t<div class=\"elementor-widget-wrap elementor-element-populated\">\n\t\t\t\t\t\t<section class=\"elementor-section elementor-inner-section elementor-element elementor-element-36d8aa0 elementor-section-boxed elementor-section-height-default elementor-section-height-default\" data-id=\"36d8aa0\" data-element_type=\"section\" data-e-type=\"section\">\n\t\t\t\t\t\t<div class=\"elementor-container elementor-column-gap-default\">\n\t\t\t\t\t<div class=\"elementor-column elementor-col-50 elementor-inner-column elementor-element elementor-element-148d02f\" data-id=\"148d02f\" data-element_type=\"column\" data-e-type=\"column\">\n\t\t\t<div class=\"elementor-widget-wrap elementor-element-populated\">\n\t\t\t\t\t\t<div class=\"elementor-element elementor-element-5bcb77b elementor-widget elementor-widget-text-editor\" data-id=\"5bcb77b\" data-element_type=\"widget\" data-e-type=\"widget\" data-widget_type=\"text-editor.default\">\n\t\t\t\t<div class=\"elementor-widget-container\">\n\t\t\t\t\t\t\t\t\t<p><strong>Todas las personas, independientemente de su discapacidad, tienen derecho a decidir sobre su cuerpo y su sexualidad. <\/strong><\/p><p>Toda persona tiene derecho a conocer sus derechos y recibir informaci\u00f3n veraz relacionada con la sexualidad y la salud. Muchas personas con discapacidad no tienen acceso a ninguna informaci\u00f3n sexual y son discriminadas en la maternidad y la atenci\u00f3n m\u00e9dica. La informaci\u00f3n rara vez est\u00e1 disponible en formatos accesibles para personas sordas, con dificultades auditivas, ciegas o con problemas de visi\u00f3n. Los locales rara vez est\u00e1n adaptados para personas con movilidad reducida y usuarios de sillas de ruedas. Las personas con discapacidad intelectual a menudo est\u00e1n completamente excluidas de la informaci\u00f3n sobre el cuerpo y la sexualidad y los derechos relacionados. Tambi\u00e9n es com\u00fan que las personas con discapacidad sean vistas como asexuales y, por lo tanto, deliberadamente excluidas de la educaci\u00f3n, la informaci\u00f3n y el apoyo sexual.<\/p><p>Cuando a las personas no se les permite decidir sobre su cuerpo ni recibir la atenci\u00f3n m\u00e9dica a la que tienen derecho, la pobreza aumenta. Las personas mueren a causa de abortos inseguros, porque carecen de atenci\u00f3n m\u00e9dica y de maternidad, anticoncepci\u00f3n e informaci\u00f3n o la oportunidad de influir en sus propias vidas. Toda persona tiene derecho a:<\/p><ul><li>ser respetados en su integridad corporal, su intimidad y decidir por s\u00ed mismos sobre su cuerpo y su intimidad.<\/li><li>definir libremente su propia identidad sexual, identidad de g\u00e9nero y expresi\u00f3n de g\u00e9nero.<\/li><li>decidir por s\u00ed mismo si quiere ser sexualmente activo y cu\u00e1ndo<\/li><li>elegir si, cu\u00e1ndo y con qui\u00e9n se casar\u00e1n<\/li><li>decidir si quiere tener hijos y cu\u00e1ndo y cu\u00e1ntos hijos quiere.<\/li><\/ul><p><strong>El derecho a decidir por uno mismo<\/strong><\/p><p>Todo el mundo deber\u00eda poder protegerse de las enfermedades de transmisi\u00f3n sexual. Y las mujeres tienen derecho a decidir si quieren tener hijos y, en caso afirmativo, cu\u00e1ntos hijos. Para eso, se necesita informaci\u00f3n sobre anticoncepci\u00f3n y acceso a la anticoncepci\u00f3n. Las ni\u00f1as y las mujeres con discapacidad a menudo tienen menos acceso a m\u00e9todos anticonceptivos y abortos seguros, en parte porque reciben un trato discriminatorio por parte de la atenci\u00f3n de la maternidad y la planificaci\u00f3n familiar.<\/p><p>Es necesaria una buena atenci\u00f3n m\u00e9dica, con personal capacitado, para que las mujeres con discapacidad reciban el apoyo al que tienen derecho en relaci\u00f3n con el embarazo y el parto. Muchas mujeres con discapacidad pueden y quieren tener hijos, pero no pueden mantener a sus hijos debido a la ignorancia y las actitudes discriminatorias de quienes las rodean. La esterilizaci\u00f3n forzada de hombres y mujeres con discapacidad todav\u00eda ocurre en muchas partes del mundo. Un estudio realizado entre mujeres con discapacidad intelectual en M\u00e9xico en 2015 mostr\u00f3 que a casi la mitad le hab\u00eda recomendado un familiar la esterilizaci\u00f3n. Casi la misma cantidad tambi\u00e9n hab\u00eda sido esterilizada, en algunos casos sin que las mujeres entendieran lo que implicaba el procedimiento.<\/p><p><strong>Innecesariamente dif\u00edcil con per\u00edodos<\/strong><\/p><p>Para muchas ni\u00f1as que tienen su primer per\u00edodo, la menstruaci\u00f3n es algo de lo que saben poco o nada y en muchas partes del mundo las mujeres que menstr\u00faan son vistas como impuras. La menstruaci\u00f3n genera miedo y ansiedad innecesarios y limita la vida cotidiana de ni\u00f1as y mujeres.<\/p><p>La falta generalizada de ba\u00f1os, agua limpia y buena protecci\u00f3n menstrual significa que muchas ni\u00f1as y mujeres se ven obligadas a otras alternativas menos higi\u00e9nicas, como la protecci\u00f3n menstrual vieja y ya utilizada. Muchas ni\u00f1as se ven obligadas a quedarse en casa y no ir a la escuela, ya que a menudo no hay un buen retrete ni agua corriente. Las ni\u00f1as con discapacidad a menudo tienen una necesidad especial de ba\u00f1os funcionales y privados y, a veces, tambi\u00e9n necesitan asistencia en relaci\u00f3n con las visitas al ba\u00f1o y ayuda con la higiene \u00edntima.<\/p><p><strong>Mayor necesidad pero menor acceso a la atenci\u00f3n<\/strong><\/p><p>A pesar de que las personas con discapacidad suelen tener una mayor necesidad de una buena atenci\u00f3n sanitaria, reciben menos atenci\u00f3n de la que se ofrece al resto de la poblaci\u00f3n. En varios pa\u00edses, m\u00e1s de la mitad de todas las personas con discapacidad carecen de acceso a la atenci\u00f3n y, en muchos casos, los obst\u00e1culos son a\u00fan mayores para las mujeres con discapacidad.<\/p><p>Un problema recurrente es que los centros de atenci\u00f3n a menudo no son accesibles para las personas con discapacidad. Las personas con discapacidad reportan cuatro veces m\u00e1s que fueron maltratadas y tres veces m\u00e1s que se les neg\u00f3 atenci\u00f3n.<\/p><p>Las personas con discapacidad, especialmente las ni\u00f1as y las mujeres con discapacidad, tienen menos acceso a la informaci\u00f3n y los servicios sexuales relacionados con la salud sexual y reproductiva que otras mujeres. Se les niega el derecho a tomar sus propias decisiones bien pensadas sobre las relaciones sexuales, la anticoncepci\u00f3n y otras formas de atenci\u00f3n de la salud reproductiva. Esto es particularmente claro en el caso de las ni\u00f1as con discapacidad intelectual. Esto significa que las ni\u00f1as y las mujeres corren un mayor riesgo de sufrir enfermedades de transmisi\u00f3n sexual y embarazos no deseados.<\/p><p>La ONU destaca una comparaci\u00f3n entre cinco pa\u00edses diferentes que muestra que las mujeres embarazadas con discapacidad en mayor medida que otras se ven obligadas a dar a luz sin la ayuda de una partera profesional. Esto se debe al hecho de que estas mujeres son generalmente m\u00e1s pobres, pero tambi\u00e9n a las actitudes negativas hacia estas mujeres en el cuidado de la salud.<\/p><p><strong>Mayor riesgo de violencia y abuso<\/strong><\/p><p>Las personas con discapacidad corren un riesgo significativamente mayor de verse expuestas a la violencia y el abuso sexual. Particularmente vulnerables son los ni\u00f1os, las mujeres j\u00f3venes y las personas con discapacidad intelectual. Muchos en la sociedad ven a las personas con discapacidades como menos valiosas y son conscientes de que puede resultarles m\u00e1s dif\u00edcil decirlo y que se les crea. Es com\u00fan que el perpetrador sea alguien conocido, como un maestro, vecino, pariente o pareja.<\/p><p>Las mujeres j\u00f3venes y las ni\u00f1as con discapacidad sufren violencia de g\u00e9nero diez veces m\u00e1s que las mujeres j\u00f3venes y las ni\u00f1as sin discapacidad. Las ni\u00f1as y los ni\u00f1os con discapacidad psicosocial o intelectual tienen cuatro veces m\u00e1s probabilidades de sufrir violencia sexual y de g\u00e9nero que los ni\u00f1os sin discapacidad. Tambi\u00e9n tienen casi tres veces m\u00e1s probabilidades de estar expuestas a la violencia sexual. Las estad\u00edsticas sobre la violencia que afecta a los ni\u00f1os y j\u00f3venes con discapacidad son incompletas y, seg\u00fan varios organismos de la ONU, las cifras reales probablemente sean a\u00fan mayores.<\/p><p>Muchas personas con discapacidad no saben que los dem\u00e1s no pueden hacerles da\u00f1o o que tienen derecho a decidir sobre su propio cuerpo. A las personas con discapacidades que afectan el habla y la comunicaci\u00f3n les resulta dif\u00edcil hablar sobre el abuso y muy pocas reciben ayuda y apoyo.<\/p><p>La violencia sexual es una grave violaci\u00f3n de los derechos humanos y es importante que todas las personas que trabajan con ayuda sean conscientes de la especial vulnerabilidad en la que viven las ni\u00f1as y mujeres con discapacidad. Informaci\u00f3n, apoyo y atenci\u00f3n a quienes han sido objeto de violencia, abuso sexual y las infracciones deben adaptarse a las personas con discapacidad y sus necesidades de accesibilidad.<\/p>\t\t\t\t\t\t\t\t<\/div>\n\t\t\t\t<\/div>\n\t\t\t\t\t<\/div>\n\t\t<\/div>\n\t\t\t\t<div class=\"elementor-column elementor-col-50 elementor-inner-column elementor-element elementor-element-c2a9707\" data-id=\"c2a9707\" data-element_type=\"column\" data-e-type=\"column\" data-settings=\"{&quot;background_background&quot;:&quot;classic&quot;}\">\n\t\t\t<div class=\"elementor-widget-wrap elementor-element-populated\">\n\t\t\t\t\t\t<div class=\"elementor-element elementor-element-d136876 elementor-widget elementor-widget-heading\" data-id=\"d136876\" data-element_type=\"widget\" data-e-type=\"widget\" data-widget_type=\"heading.default\">\n\t\t\t\t<div class=\"elementor-widget-container\">\n\t\t\t\t\t<h2 class=\"elementor-heading-title elementor-size-default\">Brevemente<\/h2>\t\t\t\t<\/div>\n\t\t\t\t<\/div>\n\t\t\t\t<div class=\"elementor-element elementor-element-0d702a1 elementor-widget elementor-widget-text-editor\" data-id=\"0d702a1\" data-element_type=\"widget\" data-e-type=\"widget\" data-widget_type=\"text-editor.default\">\n\t\t\t\t<div class=\"elementor-widget-container\">\n\t\t\t\t\t\t\t\t\t<ul><li>Todas las personas, independientemente de su discapacidad, tienen derecho a decidir sobre su cuerpo y su sexualidad.<\/li><li>Las personas con discapacidad a menudo no tienen acceso a informaci\u00f3n sexual y son discriminadas en la maternidad y la atenci\u00f3n de la salud.<\/li><li>La informaci\u00f3n sobre sexualidad y salud rara vez se encuentra en un formato accesible.<\/li><li>A las personas con discapacidad a veces se las considera asexuales y, por lo tanto, se las excluye deliberadamente de la educaci\u00f3n y el apoyo sexuales.<\/li><li>La falta de derechos y acceso a la atenci\u00f3n aumenta la pobreza y los riesgos de abortos inseguros y la falta de atenci\u00f3n materna.<\/li><li>Toda persona tiene derecho al respeto de su integridad corporal, a definir su identidad sexual, decidir sobre su actividad sexual, elegir pareja y decidir si quiere tener hijos y cu\u00e1ndo.<\/li><li>Las personas con discapacidad tienen menos acceso a anticonceptivos, abortos seguros y apoyo en relaci\u00f3n con el embarazo y el parto.<\/li><li>La falta de ba\u00f1os accesibles, agua limpia y protecci\u00f3n menstrual adecuada limita la vida cotidiana de las ni\u00f1as y las mujeres, especialmente las que tienen discapacidades.<\/li><li>Las personas con discapacidad tienen menos acceso a la atenci\u00f3n y enfrentan barreras dentro del sistema de atenci\u00f3n m\u00e9dica, lo que resulta en discriminaci\u00f3n y falta de atenci\u00f3n.<\/li><li>Las personas con discapacidad corren un mayor riesgo de violencia y abuso sexual, especialmente los ni\u00f1os y las mujeres j\u00f3venes con discapacidad intelectual.<\/li><\/ul>\t\t\t\t\t\t\t\t<\/div>\n\t\t\t\t<\/div>\n\t\t\t\t\t<\/div>\n\t\t<\/div>\n\t\t\t\t\t<\/div>\n\t\t<\/section>\n\t\t\t\t\t<\/div>\n\t\t<\/div>\n\t\t\t\t\t<\/div>\n\t\t<\/section>\n\t\t\t\t<\/div>","protected":false},"excerpt":{"rendered":"<p>Toda persona tiene derecho a conocer sus derechos y recibir informaci\u00f3n veraz relacionada con la sexualidad y la salud. Muchas personas con discapacidad no tienen acceso a ninguna informaci\u00f3n sexual y son discriminadas en la maternidad y la atenci\u00f3n m\u00e9dica. <\/p>","protected":false},"author":2,"featured_media":19293,"comment_status":"closed","ping_status":"closed","sticky":false,"template":"","format":"standard","meta":{"footnotes":""},"categories":[49],"tags":[],"class_list":["post-22879","post","type-post","status-publish","format-standard","has-post-thumbnail","hentry","category-aktuellt"],"yoast_head":"<!-- This site is optimized with the Yoast SEO plugin v27.5 - https:\/\/yoast.com\/product\/yoast-seo-wordpress\/ -->\n<title>R\u00e4tten \u00f6ver sin kropp och sin sexualitet - MyRight<\/title>\n<meta name=\"description\" content=\"M\u00e5nga personer med funktionsneds\u00e4ttning f\u00e5r inte tillg\u00e5ng till n\u00e5gon sexualupplysning och diskrimineras inom m\u00f6dra- och h\u00e4lsov\u00e5rd.\" \/>\n<meta name=\"robots\" content=\"index, follow, max-snippet:-1, max-image-preview:large, max-video-preview:-1\" \/>\n<link rel=\"canonical\" href=\"https:\/\/myright.se\/es\/control-sobre-su-cuerpo-y-su-sexualidad\/\" \/>\n<meta property=\"og:locale\" content=\"es_ES\" \/>\n<meta property=\"og:type\" content=\"article\" \/>\n<meta property=\"og:title\" content=\"R\u00e4tten \u00f6ver sin kropp och sin sexualitet - MyRight\" \/>\n<meta property=\"og:description\" content=\"M\u00e5nga personer med funktionsneds\u00e4ttning f\u00e5r inte tillg\u00e5ng till n\u00e5gon sexualupplysning och diskrimineras inom m\u00f6dra- och h\u00e4lsov\u00e5rd.\" \/>\n<meta property=\"og:url\" content=\"https:\/\/myright.se\/es\/control-sobre-su-cuerpo-y-su-sexualidad\/\" \/>\n<meta property=\"og:site_name\" content=\"MyRight\" \/>\n<meta property=\"article:published_time\" content=\"2023-05-22T09:49:48+00:00\" \/>\n<meta property=\"og:image\" content=\"https:\/\/myright.se\/wp-content\/uploads\/2022\/01\/Hidaya-Alawi-med-kvinnor-scaled.jpg\" \/>\n\t<meta property=\"og:image:width\" content=\"2560\" \/>\n\t<meta property=\"og:image:height\" content=\"1707\" \/>\n\t<meta property=\"og:image:type\" content=\"image\/jpeg\" \/>\n<meta name=\"author\" content=\"Madeleine Jangard\" \/>\n<meta name=\"twitter:card\" content=\"summary_large_image\" \/>\n<meta name=\"twitter:label1\" content=\"Escrito por\" \/>\n\t<meta name=\"twitter:data1\" content=\"Madeleine Jangard\" \/>\n\t<meta name=\"twitter:label2\" content=\"Tiempo de lectura\" \/>\n\t<meta name=\"twitter:data2\" content=\"6 minutos\" \/>\n<script type=\"application\/ld+json\" class=\"yoast-schema-graph\">{\"@context\":\"https:\\\/\\\/schema.org\",\"@graph\":[{\"@type\":\"Article\",\"@id\":\"https:\\\/\\\/myright.se\\\/ratten-over-sin-kropp-och-sin-sexualitet\\\/#article\",\"isPartOf\":{\"@id\":\"https:\\\/\\\/myright.se\\\/ratten-over-sin-kropp-och-sin-sexualitet\\\/\"},\"author\":{\"name\":\"Madeleine Jangard\",\"@id\":\"https:\\\/\\\/myright.se\\\/#\\\/schema\\\/person\\\/73a598398a9494d74661326a0c9d55e6\"},\"headline\":\"R\u00e4tten \u00f6ver sin kropp och sin sexualitet\",\"datePublished\":\"2023-05-22T09:49:48+00:00\",\"mainEntityOfPage\":{\"@id\":\"https:\\\/\\\/myright.se\\\/ratten-over-sin-kropp-och-sin-sexualitet\\\/\"},\"wordCount\":1511,\"publisher\":{\"@id\":\"https:\\\/\\\/myright.se\\\/#organization\"},\"image\":{\"@id\":\"https:\\\/\\\/myright.se\\\/ratten-over-sin-kropp-och-sin-sexualitet\\\/#primaryimage\"},\"thumbnailUrl\":\"https:\\\/\\\/myright.se\\\/wp-content\\\/uploads\\\/2022\\\/01\\\/Hidaya-Alawi-med-kvinnor-scaled.jpg\",\"articleSection\":[\"Aktuellt\"],\"inLanguage\":\"es\"},{\"@type\":\"WebPage\",\"@id\":\"https:\\\/\\\/myright.se\\\/ratten-over-sin-kropp-och-sin-sexualitet\\\/\",\"url\":\"https:\\\/\\\/myright.se\\\/ratten-over-sin-kropp-och-sin-sexualitet\\\/\",\"name\":\"R\u00e4tten \u00f6ver sin kropp och sin sexualitet - MyRight\",\"isPartOf\":{\"@id\":\"https:\\\/\\\/myright.se\\\/#website\"},\"primaryImageOfPage\":{\"@id\":\"https:\\\/\\\/myright.se\\\/ratten-over-sin-kropp-och-sin-sexualitet\\\/#primaryimage\"},\"image\":{\"@id\":\"https:\\\/\\\/myright.se\\\/ratten-over-sin-kropp-och-sin-sexualitet\\\/#primaryimage\"},\"thumbnailUrl\":\"https:\\\/\\\/myright.se\\\/wp-content\\\/uploads\\\/2022\\\/01\\\/Hidaya-Alawi-med-kvinnor-scaled.jpg\",\"datePublished\":\"2023-05-22T09:49:48+00:00\",\"description\":\"M\u00e5nga personer med funktionsneds\u00e4ttning f\u00e5r inte tillg\u00e5ng till n\u00e5gon sexualupplysning och diskrimineras inom m\u00f6dra- och h\u00e4lsov\u00e5rd.\",\"breadcrumb\":{\"@id\":\"https:\\\/\\\/myright.se\\\/ratten-over-sin-kropp-och-sin-sexualitet\\\/#breadcrumb\"},\"inLanguage\":\"es\",\"potentialAction\":[{\"@type\":\"ReadAction\",\"target\":[\"https:\\\/\\\/myright.se\\\/ratten-over-sin-kropp-och-sin-sexualitet\\\/\"]}]},{\"@type\":\"ImageObject\",\"inLanguage\":\"es\",\"@id\":\"https:\\\/\\\/myright.se\\\/ratten-over-sin-kropp-och-sin-sexualitet\\\/#primaryimage\",\"url\":\"https:\\\/\\\/myright.se\\\/wp-content\\\/uploads\\\/2022\\\/01\\\/Hidaya-Alawi-med-kvinnor-scaled.jpg\",\"contentUrl\":\"https:\\\/\\\/myright.se\\\/wp-content\\\/uploads\\\/2022\\\/01\\\/Hidaya-Alawi-med-kvinnor-scaled.jpg\",\"width\":2560,\"height\":1707,\"caption\":\"Hidaya och kvinnorna p\u00e5 House of Hope\"},{\"@type\":\"BreadcrumbList\",\"@id\":\"https:\\\/\\\/myright.se\\\/ratten-over-sin-kropp-och-sin-sexualitet\\\/#breadcrumb\",\"itemListElement\":[{\"@type\":\"ListItem\",\"position\":1,\"name\":\"Hem\",\"item\":\"https:\\\/\\\/myright.se\\\/\"},{\"@type\":\"ListItem\",\"position\":2,\"name\":\"R\u00e4tten \u00f6ver sin kropp och sin sexualitet\"}]},{\"@type\":\"WebSite\",\"@id\":\"https:\\\/\\\/myright.se\\\/#website\",\"url\":\"https:\\\/\\\/myright.se\\\/\",\"name\":\"MyRight\",\"description\":\"\",\"publisher\":{\"@id\":\"https:\\\/\\\/myright.se\\\/#organization\"},\"potentialAction\":[{\"@type\":\"SearchAction\",\"target\":{\"@type\":\"EntryPoint\",\"urlTemplate\":\"https:\\\/\\\/myright.se\\\/?s={search_term_string}\"},\"query-input\":{\"@type\":\"PropertyValueSpecification\",\"valueRequired\":true,\"valueName\":\"search_term_string\"}}],\"inLanguage\":\"es\"},{\"@type\":\"Organization\",\"@id\":\"https:\\\/\\\/myright.se\\\/#organization\",\"name\":\"MyRight\",\"url\":\"https:\\\/\\\/myright.se\\\/\",\"logo\":{\"@type\":\"ImageObject\",\"inLanguage\":\"es\",\"@id\":\"https:\\\/\\\/myright.se\\\/#\\\/schema\\\/logo\\\/image\\\/\",\"url\":\"https:\\\/\\\/myright.se\\\/wp-content\\\/uploads\\\/2020\\\/02\\\/Myright_logo_no_text_bredvid.png\",\"contentUrl\":\"https:\\\/\\\/myright.se\\\/wp-content\\\/uploads\\\/2020\\\/02\\\/Myright_logo_no_text_bredvid.png\",\"width\":2751,\"height\":816,\"caption\":\"MyRight\"},\"image\":{\"@id\":\"https:\\\/\\\/myright.se\\\/#\\\/schema\\\/logo\\\/image\\\/\"}},{\"@type\":\"Person\",\"@id\":\"https:\\\/\\\/myright.se\\\/#\\\/schema\\\/person\\\/73a598398a9494d74661326a0c9d55e6\",\"name\":\"Madeleine Jangard\",\"image\":{\"@type\":\"ImageObject\",\"inLanguage\":\"es\",\"@id\":\"https:\\\/\\\/secure.gravatar.com\\\/avatar\\\/78a0b6a77a400e0d80a3a80dd2b429dd02994b0449d439ee5717cc053f07b511?s=96&d=mm&r=g\",\"url\":\"https:\\\/\\\/secure.gravatar.com\\\/avatar\\\/78a0b6a77a400e0d80a3a80dd2b429dd02994b0449d439ee5717cc053f07b511?s=96&d=mm&r=g\",\"contentUrl\":\"https:\\\/\\\/secure.gravatar.com\\\/avatar\\\/78a0b6a77a400e0d80a3a80dd2b429dd02994b0449d439ee5717cc053f07b511?s=96&d=mm&r=g\",\"caption\":\"Madeleine Jangard\"},\"url\":\"https:\\\/\\\/myright.se\\\/es\\\/author\\\/madeleine\\\/\"}]}<\/script>\n<!-- \/ Yoast SEO plugin. -->","yoast_head_json":{"title":"El derecho sobre tu cuerpo y tu sexualidad - MyRight","description":"Muchas personas con discapacidad no tienen acceso a ninguna informaci\u00f3n sexual y son discriminadas en la maternidad y la atenci\u00f3n m\u00e9dica.","robots":{"index":"index","follow":"follow","max-snippet":"max-snippet:-1","max-image-preview":"max-image-preview:large","max-video-preview":"max-video-preview:-1"},"canonical":"https:\/\/myright.se\/es\/control-sobre-su-cuerpo-y-su-sexualidad\/","og_locale":"es_ES","og_type":"article","og_title":"R\u00e4tten \u00f6ver sin kropp och sin sexualitet - MyRight","og_description":"M\u00e5nga personer med funktionsneds\u00e4ttning f\u00e5r inte tillg\u00e5ng till n\u00e5gon sexualupplysning och diskrimineras inom m\u00f6dra- och h\u00e4lsov\u00e5rd.","og_url":"https:\/\/myright.se\/es\/control-sobre-su-cuerpo-y-su-sexualidad\/","og_site_name":"MyRight","article_published_time":"2023-05-22T09:49:48+00:00","og_image":[{"width":2560,"height":1707,"url":"https:\/\/myright.se\/wp-content\/uploads\/2022\/01\/Hidaya-Alawi-med-kvinnor-scaled.jpg","type":"image\/jpeg"}],"author":"Madeleine Jangard","twitter_card":"summary_large_image","twitter_misc":{"Escrito por":"Madeleine Jangard","Tiempo de lectura":"6 minutos"},"schema":{"@context":"https:\/\/schema.org","@graph":[{"@type":"Article","@id":"https:\/\/myright.se\/ratten-over-sin-kropp-och-sin-sexualitet\/#article","isPartOf":{"@id":"https:\/\/myright.se\/ratten-over-sin-kropp-och-sin-sexualitet\/"},"author":{"name":"Madeleine Jangard","@id":"https:\/\/myright.se\/#\/schema\/person\/73a598398a9494d74661326a0c9d55e6"},"headline":"R\u00e4tten \u00f6ver sin kropp och sin sexualitet","datePublished":"2023-05-22T09:49:48+00:00","mainEntityOfPage":{"@id":"https:\/\/myright.se\/ratten-over-sin-kropp-och-sin-sexualitet\/"},"wordCount":1511,"publisher":{"@id":"https:\/\/myright.se\/#organization"},"image":{"@id":"https:\/\/myright.se\/ratten-over-sin-kropp-och-sin-sexualitet\/#primaryimage"},"thumbnailUrl":"https:\/\/myright.se\/wp-content\/uploads\/2022\/01\/Hidaya-Alawi-med-kvinnor-scaled.jpg","articleSection":["Aktuellt"],"inLanguage":"es"},{"@type":"WebPage","@id":"https:\/\/myright.se\/ratten-over-sin-kropp-och-sin-sexualitet\/","url":"https:\/\/myright.se\/ratten-over-sin-kropp-och-sin-sexualitet\/","name":"El derecho sobre tu cuerpo y tu sexualidad - MyRight","isPartOf":{"@id":"https:\/\/myright.se\/#website"},"primaryImageOfPage":{"@id":"https:\/\/myright.se\/ratten-over-sin-kropp-och-sin-sexualitet\/#primaryimage"},"image":{"@id":"https:\/\/myright.se\/ratten-over-sin-kropp-och-sin-sexualitet\/#primaryimage"},"thumbnailUrl":"https:\/\/myright.se\/wp-content\/uploads\/2022\/01\/Hidaya-Alawi-med-kvinnor-scaled.jpg","datePublished":"2023-05-22T09:49:48+00:00","description":"Muchas personas con discapacidad no tienen acceso a ninguna informaci\u00f3n sexual y son discriminadas en la maternidad y la atenci\u00f3n m\u00e9dica.","breadcrumb":{"@id":"https:\/\/myright.se\/ratten-over-sin-kropp-och-sin-sexualitet\/#breadcrumb"},"inLanguage":"es","potentialAction":[{"@type":"ReadAction","target":["https:\/\/myright.se\/ratten-over-sin-kropp-och-sin-sexualitet\/"]}]},{"@type":"ImageObject","inLanguage":"es","@id":"https:\/\/myright.se\/ratten-over-sin-kropp-och-sin-sexualitet\/#primaryimage","url":"https:\/\/myright.se\/wp-content\/uploads\/2022\/01\/Hidaya-Alawi-med-kvinnor-scaled.jpg","contentUrl":"https:\/\/myright.se\/wp-content\/uploads\/2022\/01\/Hidaya-Alawi-med-kvinnor-scaled.jpg","width":2560,"height":1707,"caption":"Hidaya och kvinnorna p\u00e5 House of Hope"},{"@type":"BreadcrumbList","@id":"https:\/\/myright.se\/ratten-over-sin-kropp-och-sin-sexualitet\/#breadcrumb","itemListElement":[{"@type":"ListItem","position":1,"name":"Hem","item":"https:\/\/myright.se\/"},{"@type":"ListItem","position":2,"name":"R\u00e4tten \u00f6ver sin kropp och sin sexualitet"}]},{"@type":"WebSite","@id":"https:\/\/myright.se\/#website","url":"https:\/\/myright.se\/","name":"Mi derecho","description":"","publisher":{"@id":"https:\/\/myright.se\/#organization"},"potentialAction":[{"@type":"SearchAction","target":{"@type":"EntryPoint","urlTemplate":"https:\/\/myright.se\/?s={search_term_string}"},"query-input":{"@type":"PropertyValueSpecification","valueRequired":true,"valueName":"search_term_string"}}],"inLanguage":"es"},{"@type":"Organization","@id":"https:\/\/myright.se\/#organization","name":"Mi derecho","url":"https:\/\/myright.se\/","logo":{"@type":"ImageObject","inLanguage":"es","@id":"https:\/\/myright.se\/#\/schema\/logo\/image\/","url":"https:\/\/myright.se\/wp-content\/uploads\/2020\/02\/Myright_logo_no_text_bredvid.png","contentUrl":"https:\/\/myright.se\/wp-content\/uploads\/2020\/02\/Myright_logo_no_text_bredvid.png","width":2751,"height":816,"caption":"MyRight"},"image":{"@id":"https:\/\/myright.se\/#\/schema\/logo\/image\/"}},{"@type":"Person","@id":"https:\/\/myright.se\/#\/schema\/person\/73a598398a9494d74661326a0c9d55e6","name":"Madeleine Jangard","image":{"@type":"ImageObject","inLanguage":"es","@id":"https:\/\/secure.gravatar.com\/avatar\/78a0b6a77a400e0d80a3a80dd2b429dd02994b0449d439ee5717cc053f07b511?s=96&d=mm&r=g","url":"https:\/\/secure.gravatar.com\/avatar\/78a0b6a77a400e0d80a3a80dd2b429dd02994b0449d439ee5717cc053f07b511?s=96&d=mm&r=g","contentUrl":"https:\/\/secure.gravatar.com\/avatar\/78a0b6a77a400e0d80a3a80dd2b429dd02994b0449d439ee5717cc053f07b511?s=96&d=mm&r=g","caption":"Madeleine Jangard"},"url":"https:\/\/myright.se\/es\/author\/madeleine\/"}]}},"_links":{"self":[{"href":"https:\/\/myright.se\/es\/wp-json\/wp\/v2\/posts\/22879","targetHints":{"allow":["GET"]}}],"collection":[{"href":"https:\/\/myright.se\/es\/wp-json\/wp\/v2\/posts"}],"about":[{"href":"https:\/\/myright.se\/es\/wp-json\/wp\/v2\/types\/post"}],"author":[{"embeddable":true,"href":"https:\/\/myright.se\/es\/wp-json\/wp\/v2\/users\/2"}],"replies":[{"embeddable":true,"href":"https:\/\/myright.se\/es\/wp-json\/wp\/v2\/comments?post=22879"}],"version-history":[{"count":6,"href":"https:\/\/myright.se\/es\/wp-json\/wp\/v2\/posts\/22879\/revisions"}],"predecessor-version":[{"id":22885,"href":"https:\/\/myright.se\/es\/wp-json\/wp\/v2\/posts\/22879\/revisions\/22885"}],"wp:featuredmedia":[{"embeddable":true,"href":"https:\/\/myright.se\/es\/wp-json\/wp\/v2\/media\/19293"}],"wp:attachment":[{"href":"https:\/\/myright.se\/es\/wp-json\/wp\/v2\/media?parent=22879"}],"wp:term":[{"taxonomy":"category","embeddable":true,"href":"https:\/\/myright.se\/es\/wp-json\/wp\/v2\/categories?post=22879"},{"taxonomy":"post_tag","embeddable":true,"href":"https:\/\/myright.se\/es\/wp-json\/wp\/v2\/tags?post=22879"}],"curies":[{"name":"wp","href":"https:\/\/api.w.org\/{rel}","templated":true}]}}