{"id":23003,"date":"2023-06-09T08:28:15","date_gmt":"2023-06-09T07:28:15","guid":{"rendered":"https:\/\/myright.se\/?p=23003"},"modified":"2026-02-17T15:36:57","modified_gmt":"2026-02-17T14:36:57","slug":"la-lucha-de-mariam-contra-la-discriminacion-y-las-elecciones-de-las-personas-con-albinismo-en-tanzania","status":"publish","type":"post","link":"https:\/\/myright.se\/es\/mariams-kamp-mot-diskriminering-och-vald-mot-personer-med-albinism-i-tanzania\/","title":{"rendered":"La lucha de Mariam contra la discriminaci\u00f3n y la violencia que sufren las personas con albinismo en Tanzania"},"content":{"rendered":"<div data-elementor-type=\"wp-post\" data-elementor-id=\"23003\" class=\"elementor elementor-23003\" data-elementor-post-type=\"post\">\n\t\t\t\t\t\t<section class=\"elementor-section elementor-top-section elementor-element elementor-element-f66bb78 elementor-section-boxed elementor-section-height-default elementor-section-height-default\" data-id=\"f66bb78\" data-element_type=\"section\" data-e-type=\"section\">\n\t\t\t\t\t\t<div class=\"elementor-container elementor-column-gap-default\">\n\t\t\t\t\t<div class=\"elementor-column elementor-col-100 elementor-top-column elementor-element elementor-element-3e6276e\" data-id=\"3e6276e\" data-element_type=\"column\" data-e-type=\"column\">\n\t\t\t<div class=\"elementor-widget-wrap elementor-element-populated\">\n\t\t\t\t\t\t<div class=\"elementor-element elementor-element-1609539 elementor-widget elementor-widget-image\" data-id=\"1609539\" data-element_type=\"widget\" data-e-type=\"widget\" data-widget_type=\"image.default\">\n\t\t\t\t<div class=\"elementor-widget-container\">\n\t\t\t\t\t\t\t\t\t\t\t\t\t\t\t<img fetchpriority=\"high\" decoding=\"async\" width=\"580\" height=\"385\" src=\"https:\/\/myright.se\/wp-content\/uploads\/2023\/06\/Mariam-Eva-artikel-red-768x510.jpg\" class=\"attachment-medium_large size-medium_large wp-image-23007\" alt=\"Mariam tiene la piel clara, el pelo rizado de color claro y un sombrero.\" srcset=\"https:\/\/myright.se\/wp-content\/uploads\/2023\/06\/Mariam-Eva-artikel-red-768x510.jpg 768w, https:\/\/myright.se\/wp-content\/uploads\/2023\/06\/Mariam-Eva-artikel-red-300x199.jpg 300w, https:\/\/myright.se\/wp-content\/uploads\/2023\/06\/Mariam-Eva-artikel-red-1024x680.jpg 1024w, https:\/\/myright.se\/wp-content\/uploads\/2023\/06\/Mariam-Eva-artikel-red-1536x1020.jpg 1536w, https:\/\/myright.se\/wp-content\/uploads\/2023\/06\/Mariam-Eva-artikel-red-2048x1360.jpg 2048w, https:\/\/myright.se\/wp-content\/uploads\/2023\/06\/Mariam-Eva-artikel-red-18x12.jpg 18w, https:\/\/myright.se\/wp-content\/uploads\/2023\/06\/Mariam-Eva-artikel-red-1200x797.jpg 1200w, https:\/\/myright.se\/wp-content\/uploads\/2023\/06\/Mariam-Eva-artikel-red-1980x1315.jpg 1980w, https:\/\/myright.se\/wp-content\/uploads\/2023\/06\/Mariam-Eva-artikel-red-600x399.jpg 600w\" sizes=\"(max-width: 580px) 100vw, 580px\" \/>\t\t\t\t\t\t\t\t\t\t\t\t\t\t\t<\/div>\n\t\t\t\t<\/div>\n\t\t\t\t<div class=\"elementor-element elementor-element-97d1842 elementor-widget elementor-widget-text-editor\" data-id=\"97d1842\" data-element_type=\"widget\" data-e-type=\"widget\" data-widget_type=\"text-editor.default\">\n\t\t\t\t<div class=\"elementor-widget-container\">\n\t\t\t\t\t\t\t\t\t<p><strong>Mariam Stafford, una mujer con albinismo de Tanzania, ha luchado contra la discriminaci\u00f3n y la violencia que afectan a las personas con albinismo en el pa\u00eds. Ha sido v\u00edctima de ataques brutales y ha perdido las manos, pero ha sobrevivido y ahora lucha por concienciar sobre el albinismo y mejorar la situaci\u00f3n de las personas que viven con esta condici\u00f3n gen\u00e9tica. Su historia pone de relieve los retos y peligros a los que se enfrentan las personas con albinismo en muchos pa\u00edses africanos.<\/strong><\/p>\t\t\t\t\t\t\t\t<\/div>\n\t\t\t\t<\/div>\n\t\t\t\t<div class=\"elementor-element elementor-element-4b787b0 elementor-widget__width-initial elementor-widget elementor-widget-text-editor\" data-id=\"4b787b0\" data-element_type=\"widget\" data-e-type=\"widget\" data-widget_type=\"text-editor.default\">\n\t\t\t\t<div class=\"elementor-widget-container\">\n\t\t\t\t\t\t\t\t\t<p>Para Mariam, su albinismo significa, entre otras cosas, que tiene problemas de visi\u00f3n. La falta de pigmento hace que le duela la piel porque no siempre puede protegerse del fuerte sol.<\/p><p>Mariam creci\u00f3 en la aldea de Mtobee, en la regi\u00f3n tanzana de Kagera. All\u00ed vivi\u00f3 hasta 2008, cuando su vida dio un giro dram\u00e1tico y tuvo que mudarse urgentemente.<\/p><p><strong>La historia de Mariam<\/strong><\/p><p>Empec\u00e9 a ir a la escuela a los ocho a\u00f1os. Los otros escolares se burlaban de m\u00ed porque ten\u00eda un aspecto diferente. Me dec\u00edan, por ejemplo, que nadie aceptar\u00eda que compartiera mi almuerzo, porque las moscas pod\u00edan infectarme las heridas de la piel.<\/p><p>El profesor me coloc\u00f3 al fondo de la clase. Desde all\u00ed, no pod\u00eda ver lo que estaba escrito en la pizarra. Los libros de texto tambi\u00e9n eran demasiado peque\u00f1os, as\u00ed que no aprend\u00ed nada.<\/p><p>Me sent\u00eda sola y al final me aburr\u00eda en el colegio y empec\u00e9 a faltar a clase. Cuando estaba en cuarto curso, mis padres se enteraron. Por supuesto, se enfadaron y se disgustaron. Pensaban que era una vaga y que quer\u00eda desafiarles. No me atrev\u00eda a contarles c\u00f3mo era el colegio y por qu\u00e9 no iba.<\/p><p>Mis padres me compraron unas tierras y empec\u00e9 a aprender a trabajar en una granja. Cultivaba ma\u00edz, jud\u00edas y guisantes, entre otras cosas. Vend\u00eda el excedente de la cosecha para comprar ropa y otras cosas que necesitaba.<\/p><p><strong>Mi novio no pod\u00eda casarse conmigo<\/strong><\/p><p>Con el tiempo me enamor\u00e9 de un chico y con \u00e9l tuve un hijo. Su familia no quer\u00eda que nos cas\u00e1ramos, pero seguimos vi\u00e9ndonos en secreto. Mis padres me apoyaron y me dejaron quedarme con ellos con el beb\u00e9.<\/p><p>No me sent\u00eda bien por no poder casarnos, as\u00ed que me puse en contacto con mi p\u00e1rroco, que organiz\u00f3 una reuni\u00f3n con la familia de mi novio y la m\u00eda. Para entonces, mi novio se hab\u00eda puesto del lado de su familia, as\u00ed que no hab\u00eda soluci\u00f3n. Cuando nuestro hijo ten\u00eda tres a\u00f1os, su familia cambi\u00f3 de opini\u00f3n y me acept\u00f3. Esto significaba que nuestras familias pod\u00edan socializar y que nuestro hijo recib\u00eda regalos, pero no nos fuimos a vivir juntos. Me qued\u00e9 embarazada de nuestro segundo hijo y a los cinco meses todo cambi\u00f3.<\/p><p><strong>La brutal realidad: luchar tras una terrible mutilaci\u00f3n<\/strong><\/p><p>El 16 de octubre de 2008 me levant\u00e9 por la ma\u00f1ana inexplicablemente nervioso. Normalmente, por la tarde ya estar\u00eda cansado de trabajar en el campo, pero ese d\u00eda podr\u00eda haber trabajado durante horas sin cansarme en absoluto. Durante la cena, no pude relajarme como de costumbre. Algo me molestaba. No entend\u00eda qu\u00e9 era.<\/p><p>Yo era el director del coro de mi parroquia, as\u00ed que despu\u00e9s de cenar me fui a la iglesia a ensayar con el coro. De camino a casa, como de costumbre, pas\u00e9 por la casa del vecino. El hombre de la familia, que por cierto se llamaba Georg, me pidi\u00f3 que entrara a ver a su reci\u00e9n nacido. Me pareci\u00f3 tarde y demasiado oscuro. Le suger\u00ed que fuera ese mismo d\u00eda, pero insisti\u00f3.<\/p><p>Cuando lleg\u00f3 la hora de irme, Georg me pidi\u00f3 que me acompa\u00f1ara a casa. Me pareci\u00f3 extra\u00f1o, porque normalmente era su mujer quien me acompa\u00f1aba a casa al anochecer. Cuando llegamos a casa de mis padres, ocurri\u00f3 algo a\u00fan m\u00e1s extra\u00f1o. Georg pens\u00f3 que, como buenos amigos y vecinos, deb\u00edamos darnos la mano. Le dije que, como de costumbre, bastaba con que nos di\u00e9ramos las buenas noches y nos despidi\u00e9ramos.<\/p><p>Mis padres a\u00fan no hab\u00edan llegado a casa, as\u00ed que decid\u00ed que mi hijo y yo cenar\u00edamos sin ellos. Cuando me fui a la cama, volvi\u00f3 el nerviosismo. Me cost\u00f3 mucho conciliar el sue\u00f1o, pero al final lo consegu\u00ed.<\/p><p>Estaba durmiendo de un tir\u00f3n y me despert\u00e9 al o\u00edr un ruido en la puerta principal. Pens\u00e9 que se acababa de abrir y hab\u00eda que cerrarla, as\u00ed que llam\u00e9 a mi hermano, que se despert\u00f3 y tampoco sab\u00eda qu\u00e9 pasaba. As\u00ed que decid\u00ed comprobarlo. Cuando me volv\u00ed hacia la ventana, de repente o\u00ed que hab\u00eda gente en la habitaci\u00f3n. Una de ellas era Georg.<\/p><p>\u00c9l y sus compa\u00f1eros cortaron la mosquitera que yo ten\u00eda alrededor de la cama. Vi que llevaban pangas, una especie de cuchillos del este de \u00c1frica. Me metieron en la cama.<\/p><p>Georg me agarr\u00f3 la mano derecha, me la cort\u00f3 y se la dio a uno de sus amigos. Luego me tir\u00f3 del pelo y empez\u00f3 a cortarme la mano izquierda. Mientras todo esto ocurr\u00eda, yo intentaba proteger a mi hijo y grit\u00e9, haciendo que Georg y sus amigos se marcharan. Otras personas, que se hab\u00edan despertado con el ruido, pararon a Georg y le preguntaron a qu\u00e9 se deb\u00eda el ruido de la casa Stafford, pero se neg\u00f3 a contestar.<\/p><p>Fuimos a un centro de salud cercano, pero no pudieron ayudarme. Mis padres se pusieron en contacto con un funcionario municipal, que a su vez llam\u00f3 a la polic\u00eda, que lleg\u00f3 un poco m\u00e1s tarde y me llev\u00f3 al hospital del distrito. Cuando llegamos, me desmay\u00e9. Me examinaron, me quitaron los restos de la mano izquierda y me hospitalizaron.<\/p><p>Tuve que permanecer all\u00ed cuatro meses. Mientras tanto, me puse en contacto con un australiano que organiz\u00f3 mi traslado a un hospital especializado de Moshi, en el norte de Tanzania. All\u00ed me pusieron pr\u00f3tesis.<\/p><p><strong>No me atrev\u00ed a volver a vivir en el pueblo<\/strong><\/p><p>Los funcionarios municipales quisieron ayudarme y prometieron construirme una casa nueva. Fuimos a ver un terreno que estaba muy lejos de los dem\u00e1s vecinos. No me atrev\u00ed ni pude aceptar la oferta porque ten\u00eda miedo de que me volvieran a atacar. Se lo comuniqu\u00e9 a los funcionarios. Me dijeron que ya no hab\u00eda riesgo de que me ocurriera lo mismo en mi pueblo y me sugirieron que volviera a casa.<\/p><p>Me qued\u00e9 desolada y fui a llorar al presidente de la secci\u00f3n local del partido que tiene la mayor\u00eda en el parlamento y el gobierno. \u00c9l, a su vez, se puso en contacto con un asistente de la esposa del Presidente de Tanzania. Mi caso se dio a conocer en todo el pa\u00eds y varios periodistas se pusieron en contacto conmigo y escribieron sobre lo que me hab\u00eda ocurrido. Tambi\u00e9n hubo programas de televisi\u00f3n sobre m\u00ed. Me dieron una habitaci\u00f3n en casa del presidente del partido. All\u00ed, todo lo que hab\u00eda pasado me atrap\u00f3. Me deprim\u00ed y llor\u00e9 mucho. Rec\u00e9 a Dios para que acabara con mi vida.<\/p><p><strong>Conocer a la organizaci\u00f3n fue un nuevo punto de inflexi\u00f3n<\/strong><\/p><p>Un d\u00eda son\u00f3 el tel\u00e9fono. Era una periodista de la BBC. Estaba haciendo un programa de televisi\u00f3n sobre m\u00ed que se emiti\u00f3 en el Reino Unido y en Estados Unidos. Adem\u00e1s de contar mi historia, la periodista me ayud\u00f3 a ponerme en contacto con la organizaci\u00f3n Under the same Sun. Me consiguieron un alojamiento temporal en Dar es Salaam.<\/p><p>Un particular de Estados Unidos hab\u00eda visto los programas de televisi\u00f3n sobre m\u00ed. \u00c9l y su familia me pagaron un viaje a Estados Unidos y unas pr\u00f3tesis mejores que las que ten\u00eda. Cuando volv\u00ed de Estados Unidos, la organizaci\u00f3n Bajo el Mismo Sol me dio la oportunidad de hacer formaci\u00f3n profesional y me ense\u00f1\u00f3 a tejer. Ahora quiero ganarme la vida tejiendo.<\/p><p>Hoy, Mariam vive con su hijo en Dar es Salaam. Est\u00e1 a la espera de conseguir su propia casa en el norte de Tanzania. Una vez organizada, espera vender las prendas de punto que confecciona a las escuelas de la regi\u00f3n y de otros lugares.<\/p><p>Texto e imagen: Eva Nilsson<\/p>\t\t\t\t\t\t\t\t<\/div>\n\t\t\t\t<\/div>\n\t\t\t\t\t<\/div>\n\t\t<\/div>\n\t\t\t\t\t<\/div>\n\t\t<\/section>\n\t\t\t\t<section class=\"elementor-section elementor-top-section elementor-element elementor-element-6eebb12 elementor-section-boxed elementor-section-height-default elementor-section-height-default\" data-id=\"6eebb12\" data-element_type=\"section\" data-e-type=\"section\" data-settings=\"{&quot;background_background&quot;:&quot;classic&quot;}\">\n\t\t\t\t\t\t<div class=\"elementor-container elementor-column-gap-default\">\n\t\t\t\t\t<div class=\"elementor-column elementor-col-100 elementor-top-column elementor-element elementor-element-4778f6a\" data-id=\"4778f6a\" data-element_type=\"column\" data-e-type=\"column\">\n\t\t\t<div class=\"elementor-widget-wrap elementor-element-populated\">\n\t\t\t\t\t\t<div class=\"elementor-element elementor-element-328e138 elementor-widget elementor-widget-heading\" data-id=\"328e138\" data-element_type=\"widget\" data-e-type=\"widget\" data-widget_type=\"heading.default\">\n\t\t\t\t<div class=\"elementor-widget-container\">\n\t\t\t\t\t<h2 class=\"elementor-heading-title elementor-size-default\">Albinismo en Tanzania<\/h2>\t\t\t\t<\/div>\n\t\t\t\t<\/div>\n\t\t\t\t<div class=\"elementor-element elementor-element-5b81d93 elementor-widget elementor-widget-text-editor\" data-id=\"5b81d93\" data-element_type=\"widget\" data-e-type=\"widget\" data-widget_type=\"text-editor.default\">\n\t\t\t\t<div class=\"elementor-widget-container\">\n\t\t\t\t\t\t\t\t\t<p>En 2007, la BBC y otros medios descubrieron que se mataba a personas con albinismo o se les cortaban varias partes del cuerpo. El motivo era un rumor que se hab\u00eda extendido: que las personas que trabajaban en la pesca y la miner\u00eda pod\u00edan enriquecerse si tomaban partes del cuerpo o mataban a personas con albinismo.<\/p><p>Seg\u00fan TAS - Tanzania Albinism Society, el Estado tanzano ha hecho muy poco por encontrar y procesar a los autores de estos cr\u00edmenes.<\/p><p>SRF - Synskadades Riksf\u00f6rbund y MyRight colaboran con TAS para concienciar sobre el albinismo, mejorar la capacidad de las personas con albinismo para protegerse del sol y conseguir que los principales hospitales del pa\u00eds creen unidades que puedan ofrecer a las personas con albinismo ex\u00e1menes, asesoramiento y apoyo sobre c\u00f3mo evitar enfermedades cut\u00e1neas como el c\u00e1ncer de piel. Actualmente existe una unidad de este tipo en el Hospital Especializado de Moshi, en el norte de Tanzania.<\/p><p>La labor de defensa y los contactos de TAS con los responsables de la toma de decisiones han propiciado varios \u00e9xitos en los \u00faltimos a\u00f1os:<\/p><ul><li>El gobierno ha llevado a cabo una campa\u00f1a nacional para identificar a los presuntos autores y varias personas han sido condenadas. (Sin embargo, TAS cree que s\u00f3lo se ha condenado a unos pocos de los autores).<\/li><li>El gobierno ha creado un grupo de trabajo multidisciplinar para combatir los delitos contra las personas con albinismo a nivel regional y de distrito.<\/li><li>El gobierno ha realizado un censo para averiguar cu\u00e1ntas personas con albinismo hay y se han creado centros de acogida.<\/li><li>El portavoz del Parlamento ha recomendado que los presupuestos y planes nacionales reconozcan y tengan en cuenta las necesidades de las personas con albinismo. El gobierno tambi\u00e9n ha emitido una directiva que da derecho a los ni\u00f1os con albinismo a medicinas y protectores solares gratuitos en los hospitales de distrito y a llevar uniformes escolares completos para protegerse del sol.<\/li><li>TAS ha recibido financiaci\u00f3n del Ministerio de Sanidad y Bienestar Social y, en cooperaci\u00f3n con el hospital local de Muhimbili, ha realizado un cribado del c\u00e1ncer a 300 personas con albinismo.<\/li><\/ul>\t\t\t\t\t\t\t\t<\/div>\n\t\t\t\t<\/div>\n\t\t\t\t\t<\/div>\n\t\t<\/div>\n\t\t\t\t\t<\/div>\n\t\t<\/section>\n\t\t\t\t<\/div>","protected":false},"excerpt":{"rendered":"<p>Mariam Stafford lucha contra la discriminaci\u00f3n y la violencia que afectan a las personas con albinismo en Tanzania. <\/p>","protected":false},"author":2,"featured_media":23007,"comment_status":"closed","ping_status":"closed","sticky":false,"template":"","format":"standard","meta":{"footnotes":""},"categories":[37,44],"tags":[],"class_list":["post-23003","post","type-post","status-publish","format-standard","has-post-thumbnail","hentry","category-berattelser","category-tanzania"],"yoast_head":"<!-- This site is optimized with the Yoast SEO plugin v27.5 - https:\/\/yoast.com\/product\/yoast-seo-wordpress\/ -->\n<title>Mariams kamp mot diskriminering och v\u00e5ld mot personer med albinism i Tanzania - MyRight<\/title>\n<meta name=\"robots\" content=\"index, follow, max-snippet:-1, max-image-preview:large, max-video-preview:-1\" \/>\n<link rel=\"canonical\" href=\"https:\/\/myright.se\/es\/la-lucha-de-mariam-contra-la-discriminacion-y-las-elecciones-de-las-personas-con-albinismo-en-tanzania\/\" \/>\n<meta property=\"og:locale\" content=\"es_ES\" \/>\n<meta property=\"og:type\" content=\"article\" \/>\n<meta property=\"og:title\" content=\"Albinism i Tanzania\" \/>\n<meta property=\"og:description\" content=\"Mariams kamp mot diskriminering och v\u00e5ld mot personer med albinism i Tanzania\" \/>\n<meta property=\"og:url\" content=\"https:\/\/myright.se\/es\/la-lucha-de-mariam-contra-la-discriminacion-y-las-elecciones-de-las-personas-con-albinismo-en-tanzania\/\" \/>\n<meta property=\"og:site_name\" content=\"MyRight\" \/>\n<meta property=\"article:published_time\" content=\"2023-06-09T07:28:15+00:00\" \/>\n<meta property=\"article:modified_time\" content=\"2026-02-17T14:36:57+00:00\" \/>\n<meta property=\"og:image\" content=\"https:\/\/myright.se\/wp-content\/uploads\/2023\/06\/Mariam-Eva-artikel-red.jpg\" \/>\n\t<meta property=\"og:image:width\" content=\"2112\" \/>\n\t<meta property=\"og:image:height\" content=\"1403\" \/>\n\t<meta property=\"og:image:type\" content=\"image\/jpeg\" \/>\n<meta name=\"author\" content=\"Madeleine Jangard\" \/>\n<meta name=\"twitter:card\" content=\"summary_large_image\" \/>\n<meta name=\"twitter:label1\" content=\"Escrito por\" \/>\n\t<meta name=\"twitter:data1\" content=\"Madeleine Jangard\" \/>\n\t<meta name=\"twitter:label2\" content=\"Tiempo de lectura\" \/>\n\t<meta name=\"twitter:data2\" content=\"8 minutos\" \/>\n<script type=\"application\/ld+json\" class=\"yoast-schema-graph\">{\"@context\":\"https:\\\/\\\/schema.org\",\"@graph\":[{\"@type\":\"Article\",\"@id\":\"https:\\\/\\\/myright.se\\\/mariams-kamp-mot-diskriminering-och-vald-mot-personer-med-albinism-i-tanzania\\\/#article\",\"isPartOf\":{\"@id\":\"https:\\\/\\\/myright.se\\\/mariams-kamp-mot-diskriminering-och-vald-mot-personer-med-albinism-i-tanzania\\\/\"},\"author\":{\"name\":\"Madeleine Jangard\",\"@id\":\"https:\\\/\\\/myright.se\\\/#\\\/schema\\\/person\\\/73a598398a9494d74661326a0c9d55e6\"},\"headline\":\"Mariams kamp mot diskriminering och v\u00e5ld mot personer med albinism i Tanzania\",\"datePublished\":\"2023-06-09T07:28:15+00:00\",\"dateModified\":\"2026-02-17T14:36:57+00:00\",\"mainEntityOfPage\":{\"@id\":\"https:\\\/\\\/myright.se\\\/mariams-kamp-mot-diskriminering-och-vald-mot-personer-med-albinism-i-tanzania\\\/\"},\"wordCount\":1948,\"publisher\":{\"@id\":\"https:\\\/\\\/myright.se\\\/#organization\"},\"image\":{\"@id\":\"https:\\\/\\\/myright.se\\\/mariams-kamp-mot-diskriminering-och-vald-mot-personer-med-albinism-i-tanzania\\\/#primaryimage\"},\"thumbnailUrl\":\"https:\\\/\\\/myright.se\\\/wp-content\\\/uploads\\\/2023\\\/06\\\/Mariam-Eva-artikel-red.jpg\",\"articleSection\":[\"Ber\u00e4ttelser\",\"Tanzania\"],\"inLanguage\":\"es\"},{\"@type\":\"WebPage\",\"@id\":\"https:\\\/\\\/myright.se\\\/mariams-kamp-mot-diskriminering-och-vald-mot-personer-med-albinism-i-tanzania\\\/\",\"url\":\"https:\\\/\\\/myright.se\\\/mariams-kamp-mot-diskriminering-och-vald-mot-personer-med-albinism-i-tanzania\\\/\",\"name\":\"Mariams kamp mot diskriminering och v\u00e5ld mot personer med albinism i Tanzania - MyRight\",\"isPartOf\":{\"@id\":\"https:\\\/\\\/myright.se\\\/#website\"},\"primaryImageOfPage\":{\"@id\":\"https:\\\/\\\/myright.se\\\/mariams-kamp-mot-diskriminering-och-vald-mot-personer-med-albinism-i-tanzania\\\/#primaryimage\"},\"image\":{\"@id\":\"https:\\\/\\\/myright.se\\\/mariams-kamp-mot-diskriminering-och-vald-mot-personer-med-albinism-i-tanzania\\\/#primaryimage\"},\"thumbnailUrl\":\"https:\\\/\\\/myright.se\\\/wp-content\\\/uploads\\\/2023\\\/06\\\/Mariam-Eva-artikel-red.jpg\",\"datePublished\":\"2023-06-09T07:28:15+00:00\",\"dateModified\":\"2026-02-17T14:36:57+00:00\",\"breadcrumb\":{\"@id\":\"https:\\\/\\\/myright.se\\\/mariams-kamp-mot-diskriminering-och-vald-mot-personer-med-albinism-i-tanzania\\\/#breadcrumb\"},\"inLanguage\":\"es\",\"potentialAction\":[{\"@type\":\"ReadAction\",\"target\":[\"https:\\\/\\\/myright.se\\\/mariams-kamp-mot-diskriminering-och-vald-mot-personer-med-albinism-i-tanzania\\\/\"]}]},{\"@type\":\"ImageObject\",\"inLanguage\":\"es\",\"@id\":\"https:\\\/\\\/myright.se\\\/mariams-kamp-mot-diskriminering-och-vald-mot-personer-med-albinism-i-tanzania\\\/#primaryimage\",\"url\":\"https:\\\/\\\/myright.se\\\/wp-content\\\/uploads\\\/2023\\\/06\\\/Mariam-Eva-artikel-red.jpg\",\"contentUrl\":\"https:\\\/\\\/myright.se\\\/wp-content\\\/uploads\\\/2023\\\/06\\\/Mariam-Eva-artikel-red.jpg\",\"width\":2112,\"height\":1403,\"caption\":\"Mariam har ljus hy och ljust lockigt h\u00e5r och en hatt.\"},{\"@type\":\"BreadcrumbList\",\"@id\":\"https:\\\/\\\/myright.se\\\/mariams-kamp-mot-diskriminering-och-vald-mot-personer-med-albinism-i-tanzania\\\/#breadcrumb\",\"itemListElement\":[{\"@type\":\"ListItem\",\"position\":1,\"name\":\"Hem\",\"item\":\"https:\\\/\\\/myright.se\\\/\"},{\"@type\":\"ListItem\",\"position\":2,\"name\":\"Mariams kamp mot diskriminering och v\u00e5ld mot personer med albinism i Tanzania\"}]},{\"@type\":\"WebSite\",\"@id\":\"https:\\\/\\\/myright.se\\\/#website\",\"url\":\"https:\\\/\\\/myright.se\\\/\",\"name\":\"MyRight\",\"description\":\"\",\"publisher\":{\"@id\":\"https:\\\/\\\/myright.se\\\/#organization\"},\"potentialAction\":[{\"@type\":\"SearchAction\",\"target\":{\"@type\":\"EntryPoint\",\"urlTemplate\":\"https:\\\/\\\/myright.se\\\/?s={search_term_string}\"},\"query-input\":{\"@type\":\"PropertyValueSpecification\",\"valueRequired\":true,\"valueName\":\"search_term_string\"}}],\"inLanguage\":\"es\"},{\"@type\":\"Organization\",\"@id\":\"https:\\\/\\\/myright.se\\\/#organization\",\"name\":\"MyRight\",\"url\":\"https:\\\/\\\/myright.se\\\/\",\"logo\":{\"@type\":\"ImageObject\",\"inLanguage\":\"es\",\"@id\":\"https:\\\/\\\/myright.se\\\/#\\\/schema\\\/logo\\\/image\\\/\",\"url\":\"https:\\\/\\\/myright.se\\\/wp-content\\\/uploads\\\/2020\\\/02\\\/Myright_logo_no_text_bredvid.png\",\"contentUrl\":\"https:\\\/\\\/myright.se\\\/wp-content\\\/uploads\\\/2020\\\/02\\\/Myright_logo_no_text_bredvid.png\",\"width\":2751,\"height\":816,\"caption\":\"MyRight\"},\"image\":{\"@id\":\"https:\\\/\\\/myright.se\\\/#\\\/schema\\\/logo\\\/image\\\/\"}},{\"@type\":\"Person\",\"@id\":\"https:\\\/\\\/myright.se\\\/#\\\/schema\\\/person\\\/73a598398a9494d74661326a0c9d55e6\",\"name\":\"Madeleine Jangard\",\"image\":{\"@type\":\"ImageObject\",\"inLanguage\":\"es\",\"@id\":\"https:\\\/\\\/secure.gravatar.com\\\/avatar\\\/78a0b6a77a400e0d80a3a80dd2b429dd02994b0449d439ee5717cc053f07b511?s=96&d=mm&r=g\",\"url\":\"https:\\\/\\\/secure.gravatar.com\\\/avatar\\\/78a0b6a77a400e0d80a3a80dd2b429dd02994b0449d439ee5717cc053f07b511?s=96&d=mm&r=g\",\"contentUrl\":\"https:\\\/\\\/secure.gravatar.com\\\/avatar\\\/78a0b6a77a400e0d80a3a80dd2b429dd02994b0449d439ee5717cc053f07b511?s=96&d=mm&r=g\",\"caption\":\"Madeleine Jangard\"},\"url\":\"https:\\\/\\\/myright.se\\\/es\\\/author\\\/madeleine\\\/\"}]}<\/script>\n<!-- \/ Yoast SEO plugin. -->","yoast_head_json":{"title":"La lucha de Mariam contra la discriminaci\u00f3n y la violencia que sufren las personas con albinismo en Tanzania - MyRight","robots":{"index":"index","follow":"follow","max-snippet":"max-snippet:-1","max-image-preview":"max-image-preview:large","max-video-preview":"max-video-preview:-1"},"canonical":"https:\/\/myright.se\/es\/la-lucha-de-mariam-contra-la-discriminacion-y-las-elecciones-de-las-personas-con-albinismo-en-tanzania\/","og_locale":"es_ES","og_type":"article","og_title":"Albinism i Tanzania","og_description":"Mariams kamp mot diskriminering och v\u00e5ld mot personer med albinism i Tanzania","og_url":"https:\/\/myright.se\/es\/la-lucha-de-mariam-contra-la-discriminacion-y-las-elecciones-de-las-personas-con-albinismo-en-tanzania\/","og_site_name":"MyRight","article_published_time":"2023-06-09T07:28:15+00:00","article_modified_time":"2026-02-17T14:36:57+00:00","og_image":[{"width":2112,"height":1403,"url":"https:\/\/myright.se\/wp-content\/uploads\/2023\/06\/Mariam-Eva-artikel-red.jpg","type":"image\/jpeg"}],"author":"Madeleine Jangard","twitter_card":"summary_large_image","twitter_misc":{"Escrito por":"Madeleine Jangard","Tiempo de lectura":"8 minutos"},"schema":{"@context":"https:\/\/schema.org","@graph":[{"@type":"Article","@id":"https:\/\/myright.se\/mariams-kamp-mot-diskriminering-och-vald-mot-personer-med-albinism-i-tanzania\/#article","isPartOf":{"@id":"https:\/\/myright.se\/mariams-kamp-mot-diskriminering-och-vald-mot-personer-med-albinism-i-tanzania\/"},"author":{"name":"Madeleine Jangard","@id":"https:\/\/myright.se\/#\/schema\/person\/73a598398a9494d74661326a0c9d55e6"},"headline":"Mariams kamp mot diskriminering och v\u00e5ld mot personer med albinism i Tanzania","datePublished":"2023-06-09T07:28:15+00:00","dateModified":"2026-02-17T14:36:57+00:00","mainEntityOfPage":{"@id":"https:\/\/myright.se\/mariams-kamp-mot-diskriminering-och-vald-mot-personer-med-albinism-i-tanzania\/"},"wordCount":1948,"publisher":{"@id":"https:\/\/myright.se\/#organization"},"image":{"@id":"https:\/\/myright.se\/mariams-kamp-mot-diskriminering-och-vald-mot-personer-med-albinism-i-tanzania\/#primaryimage"},"thumbnailUrl":"https:\/\/myright.se\/wp-content\/uploads\/2023\/06\/Mariam-Eva-artikel-red.jpg","articleSection":["Ber\u00e4ttelser","Tanzania"],"inLanguage":"es"},{"@type":"WebPage","@id":"https:\/\/myright.se\/mariams-kamp-mot-diskriminering-och-vald-mot-personer-med-albinism-i-tanzania\/","url":"https:\/\/myright.se\/mariams-kamp-mot-diskriminering-och-vald-mot-personer-med-albinism-i-tanzania\/","name":"La lucha de Mariam contra la discriminaci\u00f3n y la violencia que sufren las personas con albinismo en Tanzania - MyRight","isPartOf":{"@id":"https:\/\/myright.se\/#website"},"primaryImageOfPage":{"@id":"https:\/\/myright.se\/mariams-kamp-mot-diskriminering-och-vald-mot-personer-med-albinism-i-tanzania\/#primaryimage"},"image":{"@id":"https:\/\/myright.se\/mariams-kamp-mot-diskriminering-och-vald-mot-personer-med-albinism-i-tanzania\/#primaryimage"},"thumbnailUrl":"https:\/\/myright.se\/wp-content\/uploads\/2023\/06\/Mariam-Eva-artikel-red.jpg","datePublished":"2023-06-09T07:28:15+00:00","dateModified":"2026-02-17T14:36:57+00:00","breadcrumb":{"@id":"https:\/\/myright.se\/mariams-kamp-mot-diskriminering-och-vald-mot-personer-med-albinism-i-tanzania\/#breadcrumb"},"inLanguage":"es","potentialAction":[{"@type":"ReadAction","target":["https:\/\/myright.se\/mariams-kamp-mot-diskriminering-och-vald-mot-personer-med-albinism-i-tanzania\/"]}]},{"@type":"ImageObject","inLanguage":"es","@id":"https:\/\/myright.se\/mariams-kamp-mot-diskriminering-och-vald-mot-personer-med-albinism-i-tanzania\/#primaryimage","url":"https:\/\/myright.se\/wp-content\/uploads\/2023\/06\/Mariam-Eva-artikel-red.jpg","contentUrl":"https:\/\/myright.se\/wp-content\/uploads\/2023\/06\/Mariam-Eva-artikel-red.jpg","width":2112,"height":1403,"caption":"Mariam har ljus hy och ljust lockigt h\u00e5r och en hatt."},{"@type":"BreadcrumbList","@id":"https:\/\/myright.se\/mariams-kamp-mot-diskriminering-och-vald-mot-personer-med-albinism-i-tanzania\/#breadcrumb","itemListElement":[{"@type":"ListItem","position":1,"name":"Hem","item":"https:\/\/myright.se\/"},{"@type":"ListItem","position":2,"name":"Mariams kamp mot diskriminering och v\u00e5ld mot personer med albinism i Tanzania"}]},{"@type":"WebSite","@id":"https:\/\/myright.se\/#website","url":"https:\/\/myright.se\/","name":"Mi derecho","description":"","publisher":{"@id":"https:\/\/myright.se\/#organization"},"potentialAction":[{"@type":"SearchAction","target":{"@type":"EntryPoint","urlTemplate":"https:\/\/myright.se\/?s={search_term_string}"},"query-input":{"@type":"PropertyValueSpecification","valueRequired":true,"valueName":"search_term_string"}}],"inLanguage":"es"},{"@type":"Organization","@id":"https:\/\/myright.se\/#organization","name":"Mi derecho","url":"https:\/\/myright.se\/","logo":{"@type":"ImageObject","inLanguage":"es","@id":"https:\/\/myright.se\/#\/schema\/logo\/image\/","url":"https:\/\/myright.se\/wp-content\/uploads\/2020\/02\/Myright_logo_no_text_bredvid.png","contentUrl":"https:\/\/myright.se\/wp-content\/uploads\/2020\/02\/Myright_logo_no_text_bredvid.png","width":2751,"height":816,"caption":"MyRight"},"image":{"@id":"https:\/\/myright.se\/#\/schema\/logo\/image\/"}},{"@type":"Person","@id":"https:\/\/myright.se\/#\/schema\/person\/73a598398a9494d74661326a0c9d55e6","name":"Madeleine Jangard","image":{"@type":"ImageObject","inLanguage":"es","@id":"https:\/\/secure.gravatar.com\/avatar\/78a0b6a77a400e0d80a3a80dd2b429dd02994b0449d439ee5717cc053f07b511?s=96&d=mm&r=g","url":"https:\/\/secure.gravatar.com\/avatar\/78a0b6a77a400e0d80a3a80dd2b429dd02994b0449d439ee5717cc053f07b511?s=96&d=mm&r=g","contentUrl":"https:\/\/secure.gravatar.com\/avatar\/78a0b6a77a400e0d80a3a80dd2b429dd02994b0449d439ee5717cc053f07b511?s=96&d=mm&r=g","caption":"Madeleine Jangard"},"url":"https:\/\/myright.se\/es\/author\/madeleine\/"}]}},"_links":{"self":[{"href":"https:\/\/myright.se\/es\/wp-json\/wp\/v2\/posts\/23003","targetHints":{"allow":["GET"]}}],"collection":[{"href":"https:\/\/myright.se\/es\/wp-json\/wp\/v2\/posts"}],"about":[{"href":"https:\/\/myright.se\/es\/wp-json\/wp\/v2\/types\/post"}],"author":[{"embeddable":true,"href":"https:\/\/myright.se\/es\/wp-json\/wp\/v2\/users\/2"}],"replies":[{"embeddable":true,"href":"https:\/\/myright.se\/es\/wp-json\/wp\/v2\/comments?post=23003"}],"version-history":[{"count":14,"href":"https:\/\/myright.se\/es\/wp-json\/wp\/v2\/posts\/23003\/revisions"}],"predecessor-version":[{"id":30667,"href":"https:\/\/myright.se\/es\/wp-json\/wp\/v2\/posts\/23003\/revisions\/30667"}],"wp:featuredmedia":[{"embeddable":true,"href":"https:\/\/myright.se\/es\/wp-json\/wp\/v2\/media\/23007"}],"wp:attachment":[{"href":"https:\/\/myright.se\/es\/wp-json\/wp\/v2\/media?parent=23003"}],"wp:term":[{"taxonomy":"category","embeddable":true,"href":"https:\/\/myright.se\/es\/wp-json\/wp\/v2\/categories?post=23003"},{"taxonomy":"post_tag","embeddable":true,"href":"https:\/\/myright.se\/es\/wp-json\/wp\/v2\/tags?post=23003"}],"curies":[{"name":"wp","href":"https:\/\/api.w.org\/{rel}","templated":true}]}}