{"id":27749,"date":"2024-10-23T13:55:24","date_gmt":"2024-10-23T12:55:24","guid":{"rendered":"https:\/\/myright.se\/?p=27749"},"modified":"2024-10-24T05:58:59","modified_gmt":"2024-10-24T04:58:59","slug":"ranjan-niraula-fran-diskriminerad-till-inkluderad","status":"publish","type":"post","link":"https:\/\/myright.se\/es\/ranjan-niraula-fran-diskriminerad-till-inkluderad\/","title":{"rendered":"De discriminados a incluidos"},"content":{"rendered":"<div data-elementor-type=\"wp-post\" data-elementor-id=\"27749\" class=\"elementor elementor-27749\" data-elementor-post-type=\"post\">\n\t\t\t\t\t\t<section class=\"elementor-section elementor-top-section elementor-element elementor-element-080126e elementor-section-boxed elementor-section-height-default elementor-section-height-default\" data-id=\"080126e\" data-element_type=\"section\" data-e-type=\"section\">\n\t\t\t\t\t\t<div class=\"elementor-container elementor-column-gap-default\">\n\t\t\t\t\t<div class=\"elementor-column elementor-col-100 elementor-top-column elementor-element elementor-element-4e998ec\" data-id=\"4e998ec\" data-element_type=\"column\" data-e-type=\"column\">\n\t\t\t<div class=\"elementor-widget-wrap elementor-element-populated\">\n\t\t\t\t\t\t<div class=\"elementor-element elementor-element-66b228c elementor-widget elementor-widget-text-editor\" data-id=\"66b228c\" data-element_type=\"widget\" data-e-type=\"widget\" data-widget_type=\"text-editor.default\">\n\t\t\t\t<div class=\"elementor-widget-container\">\n\t\t\t\t\t\t\t\t\t<figure id=\"attachment_27750\" aria-describedby=\"caption-attachment-27750\" style=\"width: 580px\" class=\"wp-caption aligncenter\"><img fetchpriority=\"high\" decoding=\"async\" class=\"wp-image-27750 size-large\" src=\"https:\/\/myright.se\/wp-content\/uploads\/2024\/10\/Ranjan-shooting-video-in-school-1024x682.jpg\" alt=\"Ranjan est\u00e1 de pie en el vest\u00edbulo de una escuela con ni\u00f1os al fondo. Tiene un tr\u00edpode con una c\u00e1mara delante y los brazos cruzados, mirando al fot\u00f3grafo.\" width=\"580\" height=\"386\" srcset=\"https:\/\/myright.se\/wp-content\/uploads\/2024\/10\/Ranjan-shooting-video-in-school-1024x682.jpg 1024w, https:\/\/myright.se\/wp-content\/uploads\/2024\/10\/Ranjan-shooting-video-in-school-300x200.jpg 300w, https:\/\/myright.se\/wp-content\/uploads\/2024\/10\/Ranjan-shooting-video-in-school-768x512.jpg 768w, https:\/\/myright.se\/wp-content\/uploads\/2024\/10\/Ranjan-shooting-video-in-school-18x12.jpg 18w, https:\/\/myright.se\/wp-content\/uploads\/2024\/10\/Ranjan-shooting-video-in-school-1200x800.jpg 1200w, https:\/\/myright.se\/wp-content\/uploads\/2024\/10\/Ranjan-shooting-video-in-school-600x400.jpg 600w, https:\/\/myright.se\/wp-content\/uploads\/2024\/10\/Ranjan-shooting-video-in-school.jpg 1280w\" sizes=\"(max-width: 580px) 100vw, 580px\" \/><figcaption id=\"caption-attachment-27750\" class=\"wp-caption-text\">Ranjan Niraula<\/figcaption><\/figure><p>Ranjan Niraula \u00e4r 26 \u00e5r och d\u00f6v. Han bor tillsammans med sina f\u00f6r\u00e4ldrar och sin \u00e4ldre d\u00f6va syster. Ingen I Ranjans familj kunde teckenspr\u00e5k vilket skapade en kommunikationsbarri\u00e4r i inom familjen. Trots detta hinder har Ranjan k\u00e4mpat f\u00f6r sin utbildning och sin plats i samh\u00e4llet.<\/p><p>Vid 9 \u00e5rs \u00e5lder b\u00f6rjade Ranjans utbildningsresa i en integrerad resursklass d\u00e4r han l\u00e4rde sig teckenspr\u00e5k, vilket m\u00f6jliggjorde \u00f6verg\u00e5ngen till vanliga klasser. Efter skolg\u00e5ngen f\u00f6rs\u00f6kte han studera bokf\u00f6ring men m\u00f6tte hinder f\u00f6r d\u00f6va studenter. Slutligen utbildade han sig inom datateknik. Trots sv\u00e5righeter att hitta jobb som grafisk formgivare och videoproducent blev han till sist anst\u00e4lld, men diskriminerades och l\u00e4mnade sin anst\u00e4llning efter fyra m\u00e5nader p\u00e5 grund av att han behandlades illa.<\/p><p>Under 2023 deltog han i ett sj\u00e4lvf\u00f6rs\u00f6rjningsprogram som anordnades av (NDFN) Koshi Province Committee med syftet att \u00f6verbrygga gapet mellan d\u00f6va individer och potentiella arbetsgivare. Efter tr\u00e4ningen samarbetade NDFN Koshi Province Committee med arbetsgivare f\u00f6r att skapa anst\u00e4llningsm\u00f6jligheter f\u00f6r personer med h\u00f6rselneds\u00e4ttning. Hans liv tog en positiv v\u00e4ndning n\u00e4r han genom tr\u00e4ningsprogrammet s\u00e4krade en anst\u00e4llning som grafisk formgivare och fotograf vid Delhi Public School i Biratnagar, Morang. Han kn\u00f6t nya v\u00e4nskapsband och delade med sig av sina teckenspr\u00e5kskunskaper till kollegor.<\/p><p>Ranjans historia visar p\u00e5 hur verksamhet som NDFNs sj\u00e4lvf\u00f6rs\u00f6rjningsprogram f\u00f6r\u00e4ndrar livet till det b\u00e4ttre. Hj\u00e4lp MyRight att st\u00f6tta denna och annan viktig verksamhet f\u00f6r m\u00e4nniskor med funktionsneds\u00e4ttningar runtom i v\u00e4rlden, <a href=\"https:\/\/myright.se\/es\/tenia-derechos-de-autor\/conviertase-en-asesor\/\"><span style=\"text-decoration: underline;\">bli m\u00e5nadsgivare h\u00e4r<\/span><\/a>!<\/p>\t\t\t\t\t\t\t\t<\/div>\n\t\t\t\t<\/div>\n\t\t\t\t\t<\/div>\n\t\t<\/div>\n\t\t\t\t\t<\/div>\n\t\t<\/section>\n\t\t\t\t<\/div>","protected":false},"excerpt":{"rendered":"<p>D\u00f6ve Ranjan no aprendi\u00f3 el lenguaje de signos hasta los nueve a\u00f1os. Pero con trabajo duro y apoyo, ha recorrido un largo camino.<\/p>","protected":false},"author":2,"featured_media":27750,"comment_status":"closed","ping_status":"closed","sticky":false,"template":"","format":"standard","meta":{"footnotes":""},"categories":[49,37,40],"tags":[],"class_list":["post-27749","post","type-post","status-publish","format-standard","has-post-thumbnail","hentry","category-aktuellt","category-berattelser","category-nepal"],"yoast_head":"<!-- This site is optimized with the Yoast SEO plugin v27.5 - https:\/\/yoast.com\/product\/yoast-seo-wordpress\/ -->\n<title>Fr\u00e5n diskriminerad till inkluderad - MyRight<\/title>\n<meta name=\"robots\" content=\"index, follow, max-snippet:-1, max-image-preview:large, max-video-preview:-1\" \/>\n<link rel=\"canonical\" href=\"https:\/\/myright.se\/es\/ranjan-niraula-fran-diskriminerad-till-inkluderad\/\" \/>\n<meta property=\"og:locale\" content=\"es_ES\" \/>\n<meta property=\"og:type\" content=\"article\" \/>\n<meta property=\"og:title\" content=\"Fr\u00e5n diskriminerad till inkluderad - MyRight\" \/>\n<meta property=\"og:description\" content=\"D\u00f6ve Ranjan fick inte l\u00e4ra sig teckenspr\u00e5k f\u00f6rr\u00e4n han var nio \u00e5r. Men med h\u00e5rt arbete och st\u00f6d har han kommit l\u00e5ngt.\" \/>\n<meta property=\"og:url\" content=\"https:\/\/myright.se\/es\/ranjan-niraula-fran-diskriminerad-till-inkluderad\/\" \/>\n<meta property=\"og:site_name\" content=\"MyRight\" \/>\n<meta property=\"article:published_time\" content=\"2024-10-23T12:55:24+00:00\" \/>\n<meta property=\"article:modified_time\" content=\"2024-10-24T04:58:59+00:00\" \/>\n<meta property=\"og:image\" content=\"https:\/\/myright.se\/wp-content\/uploads\/2024\/10\/Ranjan-shooting-video-in-school.jpg\" \/>\n\t<meta property=\"og:image:width\" content=\"1280\" \/>\n\t<meta property=\"og:image:height\" content=\"853\" \/>\n\t<meta property=\"og:image:type\" content=\"image\/jpeg\" \/>\n<meta name=\"author\" content=\"Madeleine Jangard\" \/>\n<meta name=\"twitter:card\" content=\"summary_large_image\" \/>\n<meta name=\"twitter:label1\" content=\"Escrito por\" \/>\n\t<meta name=\"twitter:data1\" content=\"Madeleine Jangard\" \/>\n\t<meta name=\"twitter:label2\" content=\"Tiempo de lectura\" \/>\n\t<meta name=\"twitter:data2\" content=\"2 minutos\" \/>\n<script type=\"application\/ld+json\" class=\"yoast-schema-graph\">{\"@context\":\"https:\\\/\\\/schema.org\",\"@graph\":[{\"@type\":\"Article\",\"@id\":\"https:\\\/\\\/myright.se\\\/ranjan-niraula-fran-diskriminerad-till-inkluderad\\\/#article\",\"isPartOf\":{\"@id\":\"https:\\\/\\\/myright.se\\\/ranjan-niraula-fran-diskriminerad-till-inkluderad\\\/\"},\"author\":{\"name\":\"Madeleine Jangard\",\"@id\":\"https:\\\/\\\/myright.se\\\/#\\\/schema\\\/person\\\/73a598398a9494d74661326a0c9d55e6\"},\"headline\":\"Fr\u00e5n diskriminerad till inkluderad\",\"datePublished\":\"2024-10-23T12:55:24+00:00\",\"dateModified\":\"2024-10-24T04:58:59+00:00\",\"mainEntityOfPage\":{\"@id\":\"https:\\\/\\\/myright.se\\\/ranjan-niraula-fran-diskriminerad-till-inkluderad\\\/\"},\"wordCount\":300,\"publisher\":{\"@id\":\"https:\\\/\\\/myright.se\\\/#organization\"},\"image\":{\"@id\":\"https:\\\/\\\/myright.se\\\/ranjan-niraula-fran-diskriminerad-till-inkluderad\\\/#primaryimage\"},\"thumbnailUrl\":\"https:\\\/\\\/myright.se\\\/wp-content\\\/uploads\\\/2024\\\/10\\\/Ranjan-shooting-video-in-school.jpg\",\"articleSection\":[\"Aktuellt\",\"Ber\u00e4ttelser\",\"Nepal\"],\"inLanguage\":\"es\"},{\"@type\":\"WebPage\",\"@id\":\"https:\\\/\\\/myright.se\\\/ranjan-niraula-fran-diskriminerad-till-inkluderad\\\/\",\"url\":\"https:\\\/\\\/myright.se\\\/ranjan-niraula-fran-diskriminerad-till-inkluderad\\\/\",\"name\":\"Fr\u00e5n diskriminerad till inkluderad - MyRight\",\"isPartOf\":{\"@id\":\"https:\\\/\\\/myright.se\\\/#website\"},\"primaryImageOfPage\":{\"@id\":\"https:\\\/\\\/myright.se\\\/ranjan-niraula-fran-diskriminerad-till-inkluderad\\\/#primaryimage\"},\"image\":{\"@id\":\"https:\\\/\\\/myright.se\\\/ranjan-niraula-fran-diskriminerad-till-inkluderad\\\/#primaryimage\"},\"thumbnailUrl\":\"https:\\\/\\\/myright.se\\\/wp-content\\\/uploads\\\/2024\\\/10\\\/Ranjan-shooting-video-in-school.jpg\",\"datePublished\":\"2024-10-23T12:55:24+00:00\",\"dateModified\":\"2024-10-24T04:58:59+00:00\",\"breadcrumb\":{\"@id\":\"https:\\\/\\\/myright.se\\\/ranjan-niraula-fran-diskriminerad-till-inkluderad\\\/#breadcrumb\"},\"inLanguage\":\"es\",\"potentialAction\":[{\"@type\":\"ReadAction\",\"target\":[\"https:\\\/\\\/myright.se\\\/ranjan-niraula-fran-diskriminerad-till-inkluderad\\\/\"]}]},{\"@type\":\"ImageObject\",\"inLanguage\":\"es\",\"@id\":\"https:\\\/\\\/myright.se\\\/ranjan-niraula-fran-diskriminerad-till-inkluderad\\\/#primaryimage\",\"url\":\"https:\\\/\\\/myright.se\\\/wp-content\\\/uploads\\\/2024\\\/10\\\/Ranjan-shooting-video-in-school.jpg\",\"contentUrl\":\"https:\\\/\\\/myright.se\\\/wp-content\\\/uploads\\\/2024\\\/10\\\/Ranjan-shooting-video-in-school.jpg\",\"width\":1280,\"height\":853,\"caption\":\"Ranjan st\u00e5r i en skolsal med barn i bakgrunden. Han har ett stativ med en kamera framf\u00f6r sig och har armarna i kors och tittar p\u00e5 fotografen.\"},{\"@type\":\"BreadcrumbList\",\"@id\":\"https:\\\/\\\/myright.se\\\/ranjan-niraula-fran-diskriminerad-till-inkluderad\\\/#breadcrumb\",\"itemListElement\":[{\"@type\":\"ListItem\",\"position\":1,\"name\":\"Hem\",\"item\":\"https:\\\/\\\/myright.se\\\/\"},{\"@type\":\"ListItem\",\"position\":2,\"name\":\"Fr\u00e5n diskriminerad till inkluderad\"}]},{\"@type\":\"WebSite\",\"@id\":\"https:\\\/\\\/myright.se\\\/#website\",\"url\":\"https:\\\/\\\/myright.se\\\/\",\"name\":\"MyRight\",\"description\":\"\",\"publisher\":{\"@id\":\"https:\\\/\\\/myright.se\\\/#organization\"},\"potentialAction\":[{\"@type\":\"SearchAction\",\"target\":{\"@type\":\"EntryPoint\",\"urlTemplate\":\"https:\\\/\\\/myright.se\\\/?s={search_term_string}\"},\"query-input\":{\"@type\":\"PropertyValueSpecification\",\"valueRequired\":true,\"valueName\":\"search_term_string\"}}],\"inLanguage\":\"es\"},{\"@type\":\"Organization\",\"@id\":\"https:\\\/\\\/myright.se\\\/#organization\",\"name\":\"MyRight\",\"url\":\"https:\\\/\\\/myright.se\\\/\",\"logo\":{\"@type\":\"ImageObject\",\"inLanguage\":\"es\",\"@id\":\"https:\\\/\\\/myright.se\\\/#\\\/schema\\\/logo\\\/image\\\/\",\"url\":\"https:\\\/\\\/myright.se\\\/wp-content\\\/uploads\\\/2020\\\/02\\\/Myright_logo_no_text_bredvid.png\",\"contentUrl\":\"https:\\\/\\\/myright.se\\\/wp-content\\\/uploads\\\/2020\\\/02\\\/Myright_logo_no_text_bredvid.png\",\"width\":2751,\"height\":816,\"caption\":\"MyRight\"},\"image\":{\"@id\":\"https:\\\/\\\/myright.se\\\/#\\\/schema\\\/logo\\\/image\\\/\"}},{\"@type\":\"Person\",\"@id\":\"https:\\\/\\\/myright.se\\\/#\\\/schema\\\/person\\\/73a598398a9494d74661326a0c9d55e6\",\"name\":\"Madeleine Jangard\",\"image\":{\"@type\":\"ImageObject\",\"inLanguage\":\"es\",\"@id\":\"https:\\\/\\\/secure.gravatar.com\\\/avatar\\\/78a0b6a77a400e0d80a3a80dd2b429dd02994b0449d439ee5717cc053f07b511?s=96&d=mm&r=g\",\"url\":\"https:\\\/\\\/secure.gravatar.com\\\/avatar\\\/78a0b6a77a400e0d80a3a80dd2b429dd02994b0449d439ee5717cc053f07b511?s=96&d=mm&r=g\",\"contentUrl\":\"https:\\\/\\\/secure.gravatar.com\\\/avatar\\\/78a0b6a77a400e0d80a3a80dd2b429dd02994b0449d439ee5717cc053f07b511?s=96&d=mm&r=g\",\"caption\":\"Madeleine Jangard\"},\"url\":\"https:\\\/\\\/myright.se\\\/es\\\/author\\\/madeleine\\\/\"}]}<\/script>\n<!-- \/ Yoast SEO plugin. -->","yoast_head_json":{"title":"Fr\u00e5n diskriminerad till inkluderad - MyRight","robots":{"index":"index","follow":"follow","max-snippet":"max-snippet:-1","max-image-preview":"max-image-preview:large","max-video-preview":"max-video-preview:-1"},"canonical":"https:\/\/myright.se\/es\/ranjan-niraula-fran-diskriminerad-till-inkluderad\/","og_locale":"es_ES","og_type":"article","og_title":"Fr\u00e5n diskriminerad till inkluderad - MyRight","og_description":"D\u00f6ve Ranjan fick inte l\u00e4ra sig teckenspr\u00e5k f\u00f6rr\u00e4n han var nio \u00e5r. Men med h\u00e5rt arbete och st\u00f6d har han kommit l\u00e5ngt.","og_url":"https:\/\/myright.se\/es\/ranjan-niraula-fran-diskriminerad-till-inkluderad\/","og_site_name":"MyRight","article_published_time":"2024-10-23T12:55:24+00:00","article_modified_time":"2024-10-24T04:58:59+00:00","og_image":[{"width":1280,"height":853,"url":"https:\/\/myright.se\/wp-content\/uploads\/2024\/10\/Ranjan-shooting-video-in-school.jpg","type":"image\/jpeg"}],"author":"Madeleine Jangard","twitter_card":"summary_large_image","twitter_misc":{"Escrito por":"Madeleine Jangard","Tiempo de lectura":"2 minutos"},"schema":{"@context":"https:\/\/schema.org","@graph":[{"@type":"Article","@id":"https:\/\/myright.se\/ranjan-niraula-fran-diskriminerad-till-inkluderad\/#article","isPartOf":{"@id":"https:\/\/myright.se\/ranjan-niraula-fran-diskriminerad-till-inkluderad\/"},"author":{"name":"Madeleine Jangard","@id":"https:\/\/myright.se\/#\/schema\/person\/73a598398a9494d74661326a0c9d55e6"},"headline":"Fr\u00e5n diskriminerad till inkluderad","datePublished":"2024-10-23T12:55:24+00:00","dateModified":"2024-10-24T04:58:59+00:00","mainEntityOfPage":{"@id":"https:\/\/myright.se\/ranjan-niraula-fran-diskriminerad-till-inkluderad\/"},"wordCount":300,"publisher":{"@id":"https:\/\/myright.se\/#organization"},"image":{"@id":"https:\/\/myright.se\/ranjan-niraula-fran-diskriminerad-till-inkluderad\/#primaryimage"},"thumbnailUrl":"https:\/\/myright.se\/wp-content\/uploads\/2024\/10\/Ranjan-shooting-video-in-school.jpg","articleSection":["Aktuellt","Ber\u00e4ttelser","Nepal"],"inLanguage":"es"},{"@type":"WebPage","@id":"https:\/\/myright.se\/ranjan-niraula-fran-diskriminerad-till-inkluderad\/","url":"https:\/\/myright.se\/ranjan-niraula-fran-diskriminerad-till-inkluderad\/","name":"Fr\u00e5n diskriminerad till inkluderad - MyRight","isPartOf":{"@id":"https:\/\/myright.se\/#website"},"primaryImageOfPage":{"@id":"https:\/\/myright.se\/ranjan-niraula-fran-diskriminerad-till-inkluderad\/#primaryimage"},"image":{"@id":"https:\/\/myright.se\/ranjan-niraula-fran-diskriminerad-till-inkluderad\/#primaryimage"},"thumbnailUrl":"https:\/\/myright.se\/wp-content\/uploads\/2024\/10\/Ranjan-shooting-video-in-school.jpg","datePublished":"2024-10-23T12:55:24+00:00","dateModified":"2024-10-24T04:58:59+00:00","breadcrumb":{"@id":"https:\/\/myright.se\/ranjan-niraula-fran-diskriminerad-till-inkluderad\/#breadcrumb"},"inLanguage":"es","potentialAction":[{"@type":"ReadAction","target":["https:\/\/myright.se\/ranjan-niraula-fran-diskriminerad-till-inkluderad\/"]}]},{"@type":"ImageObject","inLanguage":"es","@id":"https:\/\/myright.se\/ranjan-niraula-fran-diskriminerad-till-inkluderad\/#primaryimage","url":"https:\/\/myright.se\/wp-content\/uploads\/2024\/10\/Ranjan-shooting-video-in-school.jpg","contentUrl":"https:\/\/myright.se\/wp-content\/uploads\/2024\/10\/Ranjan-shooting-video-in-school.jpg","width":1280,"height":853,"caption":"Ranjan st\u00e5r i en skolsal med barn i bakgrunden. Han har ett stativ med en kamera framf\u00f6r sig och har armarna i kors och tittar p\u00e5 fotografen."},{"@type":"BreadcrumbList","@id":"https:\/\/myright.se\/ranjan-niraula-fran-diskriminerad-till-inkluderad\/#breadcrumb","itemListElement":[{"@type":"ListItem","position":1,"name":"Hem","item":"https:\/\/myright.se\/"},{"@type":"ListItem","position":2,"name":"Fr\u00e5n diskriminerad till inkluderad"}]},{"@type":"WebSite","@id":"https:\/\/myright.se\/#website","url":"https:\/\/myright.se\/","name":"Mi derecho","description":"","publisher":{"@id":"https:\/\/myright.se\/#organization"},"potentialAction":[{"@type":"SearchAction","target":{"@type":"EntryPoint","urlTemplate":"https:\/\/myright.se\/?s={search_term_string}"},"query-input":{"@type":"PropertyValueSpecification","valueRequired":true,"valueName":"search_term_string"}}],"inLanguage":"es"},{"@type":"Organization","@id":"https:\/\/myright.se\/#organization","name":"Mi derecho","url":"https:\/\/myright.se\/","logo":{"@type":"ImageObject","inLanguage":"es","@id":"https:\/\/myright.se\/#\/schema\/logo\/image\/","url":"https:\/\/myright.se\/wp-content\/uploads\/2020\/02\/Myright_logo_no_text_bredvid.png","contentUrl":"https:\/\/myright.se\/wp-content\/uploads\/2020\/02\/Myright_logo_no_text_bredvid.png","width":2751,"height":816,"caption":"MyRight"},"image":{"@id":"https:\/\/myright.se\/#\/schema\/logo\/image\/"}},{"@type":"Person","@id":"https:\/\/myright.se\/#\/schema\/person\/73a598398a9494d74661326a0c9d55e6","name":"Madeleine Jangard","image":{"@type":"ImageObject","inLanguage":"es","@id":"https:\/\/secure.gravatar.com\/avatar\/78a0b6a77a400e0d80a3a80dd2b429dd02994b0449d439ee5717cc053f07b511?s=96&d=mm&r=g","url":"https:\/\/secure.gravatar.com\/avatar\/78a0b6a77a400e0d80a3a80dd2b429dd02994b0449d439ee5717cc053f07b511?s=96&d=mm&r=g","contentUrl":"https:\/\/secure.gravatar.com\/avatar\/78a0b6a77a400e0d80a3a80dd2b429dd02994b0449d439ee5717cc053f07b511?s=96&d=mm&r=g","caption":"Madeleine Jangard"},"url":"https:\/\/myright.se\/es\/author\/madeleine\/"}]}},"_links":{"self":[{"href":"https:\/\/myright.se\/es\/wp-json\/wp\/v2\/posts\/27749","targetHints":{"allow":["GET"]}}],"collection":[{"href":"https:\/\/myright.se\/es\/wp-json\/wp\/v2\/posts"}],"about":[{"href":"https:\/\/myright.se\/es\/wp-json\/wp\/v2\/types\/post"}],"author":[{"embeddable":true,"href":"https:\/\/myright.se\/es\/wp-json\/wp\/v2\/users\/2"}],"replies":[{"embeddable":true,"href":"https:\/\/myright.se\/es\/wp-json\/wp\/v2\/comments?post=27749"}],"version-history":[{"count":17,"href":"https:\/\/myright.se\/es\/wp-json\/wp\/v2\/posts\/27749\/revisions"}],"predecessor-version":[{"id":27800,"href":"https:\/\/myright.se\/es\/wp-json\/wp\/v2\/posts\/27749\/revisions\/27800"}],"wp:featuredmedia":[{"embeddable":true,"href":"https:\/\/myright.se\/es\/wp-json\/wp\/v2\/media\/27750"}],"wp:attachment":[{"href":"https:\/\/myright.se\/es\/wp-json\/wp\/v2\/media?parent=27749"}],"wp:term":[{"taxonomy":"category","embeddable":true,"href":"https:\/\/myright.se\/es\/wp-json\/wp\/v2\/categories?post=27749"},{"taxonomy":"post_tag","embeddable":true,"href":"https:\/\/myright.se\/es\/wp-json\/wp\/v2\/tags?post=27749"}],"curies":[{"name":"wp","href":"https:\/\/api.w.org\/{rel}","templated":true}]}}