{"id":27908,"date":"2024-12-02T10:19:35","date_gmt":"2024-12-02T09:19:35","guid":{"rendered":"https:\/\/myright.se\/?p=27908"},"modified":"2024-12-02T10:21:53","modified_gmt":"2024-12-02T09:21:53","slug":"klimatrattvisa-for-alla-inkludering-i-klimatrorelsen","status":"publish","type":"post","link":"https:\/\/myright.se\/es\/klimatrattvisa-for-alla-inkludering-i-klimatrorelsen\/","title":{"rendered":"Justicia clim\u00e1tica para todos"},"content":{"rendered":"<div data-elementor-type=\"wp-post\" data-elementor-id=\"27908\" class=\"elementor elementor-27908\" data-elementor-post-type=\"post\">\n\t\t\t\t\t\t<section class=\"elementor-section elementor-top-section elementor-element elementor-element-e225077 elementor-section-boxed elementor-section-height-default elementor-section-height-default\" data-id=\"e225077\" data-element_type=\"section\" data-e-type=\"section\">\n\t\t\t\t\t\t<div class=\"elementor-container elementor-column-gap-default\">\n\t\t\t\t\t<div class=\"elementor-column elementor-col-100 elementor-top-column elementor-element elementor-element-9976b54\" data-id=\"9976b54\" data-element_type=\"column\" data-e-type=\"column\">\n\t\t\t<div class=\"elementor-widget-wrap elementor-element-populated\">\n\t\t\t\t\t\t<div class=\"elementor-element elementor-element-3e77c12 elementor-widget elementor-widget-image\" data-id=\"3e77c12\" data-element_type=\"widget\" data-e-type=\"widget\" data-widget_type=\"image.default\">\n\t\t\t\t<div class=\"elementor-widget-container\">\n\t\t\t\t\t\t\t\t\t\t\t\t\t\t\t<img fetchpriority=\"high\" decoding=\"async\" width=\"580\" height=\"387\" src=\"https:\/\/myright.se\/wp-content\/uploads\/2024\/12\/rema-fMnD4aJMLj4-unsplash-768x513.jpg\" class=\"attachment-medium_large size-medium_large wp-image-27909\" alt=\"La imagen muestra muchos pies en una carretera donde alguien escribi\u00f3 &quot;crisis clim\u00e1tica = crisis de derechos humanos&quot;.\" srcset=\"https:\/\/myright.se\/wp-content\/uploads\/2024\/12\/rema-fMnD4aJMLj4-unsplash-768x513.jpg 768w, https:\/\/myright.se\/wp-content\/uploads\/2024\/12\/rema-fMnD4aJMLj4-unsplash-300x200.jpg 300w, https:\/\/myright.se\/wp-content\/uploads\/2024\/12\/rema-fMnD4aJMLj4-unsplash-1024x684.jpg 1024w, https:\/\/myright.se\/wp-content\/uploads\/2024\/12\/rema-fMnD4aJMLj4-unsplash-1536x1026.jpg 1536w, https:\/\/myright.se\/wp-content\/uploads\/2024\/12\/rema-fMnD4aJMLj4-unsplash-18x12.jpg 18w, https:\/\/myright.se\/wp-content\/uploads\/2024\/12\/rema-fMnD4aJMLj4-unsplash-1200x801.jpg 1200w, https:\/\/myright.se\/wp-content\/uploads\/2024\/12\/rema-fMnD4aJMLj4-unsplash-600x401.jpg 600w, https:\/\/myright.se\/wp-content\/uploads\/2024\/12\/rema-fMnD4aJMLj4-unsplash.jpg 1920w\" sizes=\"(max-width: 580px) 100vw, 580px\" \/>\t\t\t\t\t\t\t\t\t\t\t\t\t\t\t<\/div>\n\t\t\t\t<\/div>\n\t\t\t\t\t<\/div>\n\t\t<\/div>\n\t\t\t\t\t<\/div>\n\t\t<\/section>\n\t\t\t\t<section class=\"elementor-section elementor-top-section elementor-element elementor-element-c046fad elementor-section-boxed elementor-section-height-default elementor-section-height-default\" data-id=\"c046fad\" data-element_type=\"section\" data-e-type=\"section\">\n\t\t\t\t\t\t<div class=\"elementor-container elementor-column-gap-default\">\n\t\t\t\t\t<div class=\"elementor-column elementor-col-100 elementor-top-column elementor-element elementor-element-cd5c1ec\" data-id=\"cd5c1ec\" data-element_type=\"column\" data-e-type=\"column\">\n\t\t\t<div class=\"elementor-widget-wrap elementor-element-populated\">\n\t\t\t\t\t\t<div class=\"elementor-element elementor-element-4cace67 elementor-widget elementor-widget-text-editor\" data-id=\"4cace67\" data-element_type=\"widget\" data-e-type=\"widget\" data-widget_type=\"text-editor.default\">\n\t\t\t\t<div class=\"elementor-widget-container\">\n\t\t\t\t\t\t\t\t\t<p>Personer med funktionsneds\u00e4ttning \u00e4r en av de grupper som drabbas h\u00e5rdast av klimatkrisens effekter, men som oftast exkluderas fr\u00e5n klimatarbetet. Projektet \u201dKlimatr\u00e4ttvisa f\u00f6r alla\u201d som startar i januari 2025 och p\u00e5g\u00e5r i tre \u00e5r, syftar till att \u00e4ndra p\u00e5 detta. Projektet finansieras av Allm\u00e4nna arvsfonden och drivs i samarbete med Sveriges D\u00f6vas Ungdomsf\u00f6rbund (SDUF), Fridays for Future, F\u00e4ltbiologerna och Live Green.<\/p><p>Projektet kommer att ha ett s\u00e4rskilt fokus p\u00e5 unga d\u00f6va och h\u00f6rselskadade. M\u00e5len \u00e4r att \u00f6ka intresset f\u00f6r klimatfr\u00e5gor hos m\u00e5lgruppen och att \u00f6ka tillg\u00e4ngligheten i klimatr\u00f6relsen. Fem d\u00f6va ambassad\u00f6rer ska utbildas och bli f\u00f6rebilder som sprider kunskap om klimatr\u00e4ttvisa. Projektet omfattar ocks\u00e5 workshops, webbinarier och skapandet av klimatklubbar f\u00f6r unga inom funktionsr\u00e4ttsr\u00f6relsen. Med en h\u00e5llbar strategi och ett stort fokus p\u00e5 samarbete hoppas de deltagande organisationerna skapa l\u00e5ngvariga f\u00f6r\u00e4ndringar, d\u00e4r personer med funktionsneds\u00e4ttning f\u00e5r en sj\u00e4lvklar plats i klimatr\u00f6relsen.\u00a0<\/p>\t\t\t\t\t\t\t\t<\/div>\n\t\t\t\t<\/div>\n\t\t\t\t\t<\/div>\n\t\t<\/div>\n\t\t\t\t\t<\/div>\n\t\t<\/section>\n\t\t\t\t<\/div>","protected":false},"excerpt":{"rendered":"<p>Las personas con discapacidad est\u00e1n sufriendo duramente los efectos de la crisis clim\u00e1tica. El a\u00f1o que viene, MyRight pondr\u00e1 en marcha un proyecto para incluir a las personas con discapacidad en la acci\u00f3n por el clima. <\/p>","protected":false},"author":2,"featured_media":27909,"comment_status":"closed","ping_status":"closed","sticky":false,"template":"","format":"standard","meta":{"footnotes":""},"categories":[49],"tags":[],"class_list":["post-27908","post","type-post","status-publish","format-standard","has-post-thumbnail","hentry","category-aktuellt"],"yoast_head":"<!-- This site is optimized with the Yoast SEO plugin v27.5 - https:\/\/yoast.com\/product\/yoast-seo-wordpress\/ -->\n<title>Klimatr\u00e4ttvisa f\u00f6r alla - MyRight<\/title>\n<meta name=\"robots\" content=\"index, follow, max-snippet:-1, max-image-preview:large, max-video-preview:-1\" \/>\n<link rel=\"canonical\" href=\"https:\/\/myright.se\/es\/klimatrattvisa-for-alla-inkludering-i-klimatrorelsen\/\" \/>\n<meta property=\"og:locale\" content=\"es_ES\" \/>\n<meta property=\"og:type\" content=\"article\" \/>\n<meta property=\"og:title\" content=\"Klimatr\u00e4ttvisa f\u00f6r alla - MyRight\" \/>\n<meta property=\"og:description\" content=\"Personer med funktions-neds\u00e4ttning drabbas h\u00e5rt av klimatkrisens effekter. N\u00e4sta \u00e5r startar MyRight ett projekt f\u00f6r att inkludera personer med funktionsneds\u00e4ttning i klimatarbetet.\" \/>\n<meta property=\"og:url\" content=\"https:\/\/myright.se\/es\/klimatrattvisa-for-alla-inkludering-i-klimatrorelsen\/\" \/>\n<meta property=\"og:site_name\" content=\"MyRight\" \/>\n<meta property=\"article:published_time\" content=\"2024-12-02T09:19:35+00:00\" \/>\n<meta property=\"article:modified_time\" content=\"2024-12-02T09:21:53+00:00\" \/>\n<meta property=\"og:image\" content=\"https:\/\/myright.se\/wp-content\/uploads\/2024\/12\/rema-fMnD4aJMLj4-unsplash.jpg\" \/>\n\t<meta property=\"og:image:width\" content=\"1920\" \/>\n\t<meta property=\"og:image:height\" content=\"1282\" \/>\n\t<meta property=\"og:image:type\" content=\"image\/jpeg\" \/>\n<meta name=\"author\" content=\"Madeleine Jangard\" \/>\n<meta name=\"twitter:card\" content=\"summary_large_image\" \/>\n<meta name=\"twitter:label1\" content=\"Escrito por\" \/>\n\t<meta name=\"twitter:data1\" content=\"Madeleine Jangard\" \/>\n\t<meta name=\"twitter:label2\" content=\"Tiempo de lectura\" \/>\n\t<meta name=\"twitter:data2\" content=\"2 minutos\" \/>\n<script type=\"application\/ld+json\" class=\"yoast-schema-graph\">{\"@context\":\"https:\\\/\\\/schema.org\",\"@graph\":[{\"@type\":\"Article\",\"@id\":\"https:\\\/\\\/myright.se\\\/klimatrattvisa-for-alla-inkludering-i-klimatrorelsen\\\/#article\",\"isPartOf\":{\"@id\":\"https:\\\/\\\/myright.se\\\/klimatrattvisa-for-alla-inkludering-i-klimatrorelsen\\\/\"},\"author\":{\"name\":\"Madeleine Jangard\",\"@id\":\"https:\\\/\\\/myright.se\\\/#\\\/schema\\\/person\\\/73a598398a9494d74661326a0c9d55e6\"},\"headline\":\"Klimatr\u00e4ttvisa f\u00f6r alla\",\"datePublished\":\"2024-12-02T09:19:35+00:00\",\"dateModified\":\"2024-12-02T09:21:53+00:00\",\"mainEntityOfPage\":{\"@id\":\"https:\\\/\\\/myright.se\\\/klimatrattvisa-for-alla-inkludering-i-klimatrorelsen\\\/\"},\"wordCount\":181,\"publisher\":{\"@id\":\"https:\\\/\\\/myright.se\\\/#organization\"},\"image\":{\"@id\":\"https:\\\/\\\/myright.se\\\/klimatrattvisa-for-alla-inkludering-i-klimatrorelsen\\\/#primaryimage\"},\"thumbnailUrl\":\"https:\\\/\\\/myright.se\\\/wp-content\\\/uploads\\\/2024\\\/12\\\/rema-fMnD4aJMLj4-unsplash.jpg\",\"articleSection\":[\"Aktuellt\"],\"inLanguage\":\"es\"},{\"@type\":\"WebPage\",\"@id\":\"https:\\\/\\\/myright.se\\\/klimatrattvisa-for-alla-inkludering-i-klimatrorelsen\\\/\",\"url\":\"https:\\\/\\\/myright.se\\\/klimatrattvisa-for-alla-inkludering-i-klimatrorelsen\\\/\",\"name\":\"Klimatr\u00e4ttvisa f\u00f6r alla - MyRight\",\"isPartOf\":{\"@id\":\"https:\\\/\\\/myright.se\\\/#website\"},\"primaryImageOfPage\":{\"@id\":\"https:\\\/\\\/myright.se\\\/klimatrattvisa-for-alla-inkludering-i-klimatrorelsen\\\/#primaryimage\"},\"image\":{\"@id\":\"https:\\\/\\\/myright.se\\\/klimatrattvisa-for-alla-inkludering-i-klimatrorelsen\\\/#primaryimage\"},\"thumbnailUrl\":\"https:\\\/\\\/myright.se\\\/wp-content\\\/uploads\\\/2024\\\/12\\\/rema-fMnD4aJMLj4-unsplash.jpg\",\"datePublished\":\"2024-12-02T09:19:35+00:00\",\"dateModified\":\"2024-12-02T09:21:53+00:00\",\"breadcrumb\":{\"@id\":\"https:\\\/\\\/myright.se\\\/klimatrattvisa-for-alla-inkludering-i-klimatrorelsen\\\/#breadcrumb\"},\"inLanguage\":\"es\",\"potentialAction\":[{\"@type\":\"ReadAction\",\"target\":[\"https:\\\/\\\/myright.se\\\/klimatrattvisa-for-alla-inkludering-i-klimatrorelsen\\\/\"]}]},{\"@type\":\"ImageObject\",\"inLanguage\":\"es\",\"@id\":\"https:\\\/\\\/myright.se\\\/klimatrattvisa-for-alla-inkludering-i-klimatrorelsen\\\/#primaryimage\",\"url\":\"https:\\\/\\\/myright.se\\\/wp-content\\\/uploads\\\/2024\\\/12\\\/rema-fMnD4aJMLj4-unsplash.jpg\",\"contentUrl\":\"https:\\\/\\\/myright.se\\\/wp-content\\\/uploads\\\/2024\\\/12\\\/rema-fMnD4aJMLj4-unsplash.jpg\",\"width\":1920,\"height\":1282,\"caption\":\"Bilden visar m\u00e5nga f\u00f6tter p\u00e5 en v\u00e4g d\u00e4r n\u00e5gon skrivit \\\"climate crises = human rights crisis\\\".\"},{\"@type\":\"BreadcrumbList\",\"@id\":\"https:\\\/\\\/myright.se\\\/klimatrattvisa-for-alla-inkludering-i-klimatrorelsen\\\/#breadcrumb\",\"itemListElement\":[{\"@type\":\"ListItem\",\"position\":1,\"name\":\"Hem\",\"item\":\"https:\\\/\\\/myright.se\\\/\"},{\"@type\":\"ListItem\",\"position\":2,\"name\":\"Klimatr\u00e4ttvisa f\u00f6r alla\"}]},{\"@type\":\"WebSite\",\"@id\":\"https:\\\/\\\/myright.se\\\/#website\",\"url\":\"https:\\\/\\\/myright.se\\\/\",\"name\":\"MyRight\",\"description\":\"\",\"publisher\":{\"@id\":\"https:\\\/\\\/myright.se\\\/#organization\"},\"potentialAction\":[{\"@type\":\"SearchAction\",\"target\":{\"@type\":\"EntryPoint\",\"urlTemplate\":\"https:\\\/\\\/myright.se\\\/?s={search_term_string}\"},\"query-input\":{\"@type\":\"PropertyValueSpecification\",\"valueRequired\":true,\"valueName\":\"search_term_string\"}}],\"inLanguage\":\"es\"},{\"@type\":\"Organization\",\"@id\":\"https:\\\/\\\/myright.se\\\/#organization\",\"name\":\"MyRight\",\"url\":\"https:\\\/\\\/myright.se\\\/\",\"logo\":{\"@type\":\"ImageObject\",\"inLanguage\":\"es\",\"@id\":\"https:\\\/\\\/myright.se\\\/#\\\/schema\\\/logo\\\/image\\\/\",\"url\":\"https:\\\/\\\/myright.se\\\/wp-content\\\/uploads\\\/2020\\\/02\\\/Myright_logo_no_text_bredvid.png\",\"contentUrl\":\"https:\\\/\\\/myright.se\\\/wp-content\\\/uploads\\\/2020\\\/02\\\/Myright_logo_no_text_bredvid.png\",\"width\":2751,\"height\":816,\"caption\":\"MyRight\"},\"image\":{\"@id\":\"https:\\\/\\\/myright.se\\\/#\\\/schema\\\/logo\\\/image\\\/\"}},{\"@type\":\"Person\",\"@id\":\"https:\\\/\\\/myright.se\\\/#\\\/schema\\\/person\\\/73a598398a9494d74661326a0c9d55e6\",\"name\":\"Madeleine Jangard\",\"image\":{\"@type\":\"ImageObject\",\"inLanguage\":\"es\",\"@id\":\"https:\\\/\\\/secure.gravatar.com\\\/avatar\\\/78a0b6a77a400e0d80a3a80dd2b429dd02994b0449d439ee5717cc053f07b511?s=96&d=mm&r=g\",\"url\":\"https:\\\/\\\/secure.gravatar.com\\\/avatar\\\/78a0b6a77a400e0d80a3a80dd2b429dd02994b0449d439ee5717cc053f07b511?s=96&d=mm&r=g\",\"contentUrl\":\"https:\\\/\\\/secure.gravatar.com\\\/avatar\\\/78a0b6a77a400e0d80a3a80dd2b429dd02994b0449d439ee5717cc053f07b511?s=96&d=mm&r=g\",\"caption\":\"Madeleine Jangard\"},\"url\":\"https:\\\/\\\/myright.se\\\/es\\\/author\\\/madeleine\\\/\"}]}<\/script>\n<!-- \/ Yoast SEO plugin. -->","yoast_head_json":{"title":"Klimatr\u00e4ttvisa f\u00f6r alla - MyRight","robots":{"index":"index","follow":"follow","max-snippet":"max-snippet:-1","max-image-preview":"max-image-preview:large","max-video-preview":"max-video-preview:-1"},"canonical":"https:\/\/myright.se\/es\/klimatrattvisa-for-alla-inkludering-i-klimatrorelsen\/","og_locale":"es_ES","og_type":"article","og_title":"Klimatr\u00e4ttvisa f\u00f6r alla - MyRight","og_description":"Personer med funktions-neds\u00e4ttning drabbas h\u00e5rt av klimatkrisens effekter. N\u00e4sta \u00e5r startar MyRight ett projekt f\u00f6r att inkludera personer med funktionsneds\u00e4ttning i klimatarbetet.","og_url":"https:\/\/myright.se\/es\/klimatrattvisa-for-alla-inkludering-i-klimatrorelsen\/","og_site_name":"MyRight","article_published_time":"2024-12-02T09:19:35+00:00","article_modified_time":"2024-12-02T09:21:53+00:00","og_image":[{"width":1920,"height":1282,"url":"https:\/\/myright.se\/wp-content\/uploads\/2024\/12\/rema-fMnD4aJMLj4-unsplash.jpg","type":"image\/jpeg"}],"author":"Madeleine Jangard","twitter_card":"summary_large_image","twitter_misc":{"Escrito por":"Madeleine Jangard","Tiempo de lectura":"2 minutos"},"schema":{"@context":"https:\/\/schema.org","@graph":[{"@type":"Article","@id":"https:\/\/myright.se\/klimatrattvisa-for-alla-inkludering-i-klimatrorelsen\/#article","isPartOf":{"@id":"https:\/\/myright.se\/klimatrattvisa-for-alla-inkludering-i-klimatrorelsen\/"},"author":{"name":"Madeleine Jangard","@id":"https:\/\/myright.se\/#\/schema\/person\/73a598398a9494d74661326a0c9d55e6"},"headline":"Klimatr\u00e4ttvisa f\u00f6r alla","datePublished":"2024-12-02T09:19:35+00:00","dateModified":"2024-12-02T09:21:53+00:00","mainEntityOfPage":{"@id":"https:\/\/myright.se\/klimatrattvisa-for-alla-inkludering-i-klimatrorelsen\/"},"wordCount":181,"publisher":{"@id":"https:\/\/myright.se\/#organization"},"image":{"@id":"https:\/\/myright.se\/klimatrattvisa-for-alla-inkludering-i-klimatrorelsen\/#primaryimage"},"thumbnailUrl":"https:\/\/myright.se\/wp-content\/uploads\/2024\/12\/rema-fMnD4aJMLj4-unsplash.jpg","articleSection":["Aktuellt"],"inLanguage":"es"},{"@type":"WebPage","@id":"https:\/\/myright.se\/klimatrattvisa-for-alla-inkludering-i-klimatrorelsen\/","url":"https:\/\/myright.se\/klimatrattvisa-for-alla-inkludering-i-klimatrorelsen\/","name":"Klimatr\u00e4ttvisa f\u00f6r alla - MyRight","isPartOf":{"@id":"https:\/\/myright.se\/#website"},"primaryImageOfPage":{"@id":"https:\/\/myright.se\/klimatrattvisa-for-alla-inkludering-i-klimatrorelsen\/#primaryimage"},"image":{"@id":"https:\/\/myright.se\/klimatrattvisa-for-alla-inkludering-i-klimatrorelsen\/#primaryimage"},"thumbnailUrl":"https:\/\/myright.se\/wp-content\/uploads\/2024\/12\/rema-fMnD4aJMLj4-unsplash.jpg","datePublished":"2024-12-02T09:19:35+00:00","dateModified":"2024-12-02T09:21:53+00:00","breadcrumb":{"@id":"https:\/\/myright.se\/klimatrattvisa-for-alla-inkludering-i-klimatrorelsen\/#breadcrumb"},"inLanguage":"es","potentialAction":[{"@type":"ReadAction","target":["https:\/\/myright.se\/klimatrattvisa-for-alla-inkludering-i-klimatrorelsen\/"]}]},{"@type":"ImageObject","inLanguage":"es","@id":"https:\/\/myright.se\/klimatrattvisa-for-alla-inkludering-i-klimatrorelsen\/#primaryimage","url":"https:\/\/myright.se\/wp-content\/uploads\/2024\/12\/rema-fMnD4aJMLj4-unsplash.jpg","contentUrl":"https:\/\/myright.se\/wp-content\/uploads\/2024\/12\/rema-fMnD4aJMLj4-unsplash.jpg","width":1920,"height":1282,"caption":"Bilden visar m\u00e5nga f\u00f6tter p\u00e5 en v\u00e4g d\u00e4r n\u00e5gon skrivit \"climate crises = human rights crisis\"."},{"@type":"BreadcrumbList","@id":"https:\/\/myright.se\/klimatrattvisa-for-alla-inkludering-i-klimatrorelsen\/#breadcrumb","itemListElement":[{"@type":"ListItem","position":1,"name":"Hem","item":"https:\/\/myright.se\/"},{"@type":"ListItem","position":2,"name":"Klimatr\u00e4ttvisa f\u00f6r alla"}]},{"@type":"WebSite","@id":"https:\/\/myright.se\/#website","url":"https:\/\/myright.se\/","name":"Mi derecho","description":"","publisher":{"@id":"https:\/\/myright.se\/#organization"},"potentialAction":[{"@type":"SearchAction","target":{"@type":"EntryPoint","urlTemplate":"https:\/\/myright.se\/?s={search_term_string}"},"query-input":{"@type":"PropertyValueSpecification","valueRequired":true,"valueName":"search_term_string"}}],"inLanguage":"es"},{"@type":"Organization","@id":"https:\/\/myright.se\/#organization","name":"Mi derecho","url":"https:\/\/myright.se\/","logo":{"@type":"ImageObject","inLanguage":"es","@id":"https:\/\/myright.se\/#\/schema\/logo\/image\/","url":"https:\/\/myright.se\/wp-content\/uploads\/2020\/02\/Myright_logo_no_text_bredvid.png","contentUrl":"https:\/\/myright.se\/wp-content\/uploads\/2020\/02\/Myright_logo_no_text_bredvid.png","width":2751,"height":816,"caption":"MyRight"},"image":{"@id":"https:\/\/myright.se\/#\/schema\/logo\/image\/"}},{"@type":"Person","@id":"https:\/\/myright.se\/#\/schema\/person\/73a598398a9494d74661326a0c9d55e6","name":"Madeleine Jangard","image":{"@type":"ImageObject","inLanguage":"es","@id":"https:\/\/secure.gravatar.com\/avatar\/78a0b6a77a400e0d80a3a80dd2b429dd02994b0449d439ee5717cc053f07b511?s=96&d=mm&r=g","url":"https:\/\/secure.gravatar.com\/avatar\/78a0b6a77a400e0d80a3a80dd2b429dd02994b0449d439ee5717cc053f07b511?s=96&d=mm&r=g","contentUrl":"https:\/\/secure.gravatar.com\/avatar\/78a0b6a77a400e0d80a3a80dd2b429dd02994b0449d439ee5717cc053f07b511?s=96&d=mm&r=g","caption":"Madeleine Jangard"},"url":"https:\/\/myright.se\/es\/author\/madeleine\/"}]}},"_links":{"self":[{"href":"https:\/\/myright.se\/es\/wp-json\/wp\/v2\/posts\/27908","targetHints":{"allow":["GET"]}}],"collection":[{"href":"https:\/\/myright.se\/es\/wp-json\/wp\/v2\/posts"}],"about":[{"href":"https:\/\/myright.se\/es\/wp-json\/wp\/v2\/types\/post"}],"author":[{"embeddable":true,"href":"https:\/\/myright.se\/es\/wp-json\/wp\/v2\/users\/2"}],"replies":[{"embeddable":true,"href":"https:\/\/myright.se\/es\/wp-json\/wp\/v2\/comments?post=27908"}],"version-history":[{"count":7,"href":"https:\/\/myright.se\/es\/wp-json\/wp\/v2\/posts\/27908\/revisions"}],"predecessor-version":[{"id":27916,"href":"https:\/\/myright.se\/es\/wp-json\/wp\/v2\/posts\/27908\/revisions\/27916"}],"wp:featuredmedia":[{"embeddable":true,"href":"https:\/\/myright.se\/es\/wp-json\/wp\/v2\/media\/27909"}],"wp:attachment":[{"href":"https:\/\/myright.se\/es\/wp-json\/wp\/v2\/media?parent=27908"}],"wp:term":[{"taxonomy":"category","embeddable":true,"href":"https:\/\/myright.se\/es\/wp-json\/wp\/v2\/categories?post=27908"},{"taxonomy":"post_tag","embeddable":true,"href":"https:\/\/myright.se\/es\/wp-json\/wp\/v2\/tags?post=27908"}],"curies":[{"name":"wp","href":"https:\/\/api.w.org\/{rel}","templated":true}]}}